{"id":7776,"date":"2015-02-24T17:45:34","date_gmt":"2015-02-24T16:45:34","guid":{"rendered":"http:\/\/aptent.es\/?p=2433"},"modified":"2024-05-24T14:30:02","modified_gmt":"2024-05-24T12:30:02","slug":"participamos-en-la-jornada-del-implante-coclear","status":"publish","type":"post","link":"https:\/\/aptent.es\/gl\/participamos-en-la-jornada-del-implante-coclear\/","title":{"rendered":"\u00a1Participamos en la Jornada del Implante Coclear!"},"content":{"rendered":"<p style=\"text-align: justify;\">\u00a1Este 2015 ha empezado con los motores a pleno rendimiento! Hace unos d\u00edas,\u00a0Diego y yo estuvimos en Valencia dando una charla con motivo de la celebraci\u00f3n del <strong>d\u00eda del Implante Coclear.<\/strong> Los chicos de la delegaci\u00f3n valenciana de <strong>Federaci\u00f3n AICE<\/strong> nos invitaron a participar\u00a0con una charla sobre Teatro Accesible\u00a0dentro de su <a title=\"D\u00eda del implante coclear 2015 en Comunidad Valenciana\" href=\"http:\/\/www.implantecoclear.org\/index.php?option=com_content&amp;view=article&amp;id=419&amp;Itemid=255\" target=\"_blank\" rel=\"noopener\">programa de actividades<\/a>, y para all\u00e1 que nos fuimos. Nuestro turno llegaba despu\u00e9s de que el doctor Vall\u00e9s Varela nos hablase sobre los otot\u00f3xicos y la\u00a0toxicidad que se puede producir en los implantes cocleares. Aprendimos mucho de la\u00a0charla del reconocido especialista y que despert\u00f3 mucho inter\u00e9s entre todos los asistentes al evento, personas con implante coclear y familiares y amigos.<\/p>\n<p style=\"text-align: justify;\">Despu\u00e9s de la pausa para el caf\u00e9, nos cedieron el micr\u00f3fono y durante unos tres cuartos de hora estuvimos hablando en profundidad de nuestro proyecto <a title=\"Teatro Accesible\" href=\"http:\/\/www.teatroaccesible.com\" target=\"_blank\" rel=\"noopener\">Teatro Accesible<\/a>. Adem\u00e1s de repasar n\u00fameros y anteriores temporadas, tambi\u00e9n charlamos de un tema que despierta\u00a0mucho inter\u00e9s en el p\u00fablico en general y en los periodistas en particular: cu\u00e1les son los <strong>pasos <\/strong>que seguimos <strong>para ofrecer la accesibilidad en una obra de teatro<\/strong>. Ya sab\u00e9is c\u00f3mo se trabaja la <a title=\"\u00bfC\u00f3mo se hace una audiodescripci\u00f3n para teatro?\" href=\"http:\/\/aptent.es\/como-se-hace-una-audiodescripcion-para-teatro\/\" target=\"_blank\" rel=\"noopener\">audiodescripci\u00f3n <\/a>y el <a title=\"\u00bfC\u00f3mo se subtitula en teatro?\" href=\"http:\/\/aptent.es\/como-se-subtitula-en-teatro\/\" target=\"_blank\" rel=\"noopener\">subtitulado<\/a>, pero si os interesa tambi\u00e9n podemos dedicarle una entrada al recorrido que hace\u00a0una obra del proyecto Teatro Accesible. \u00bfC\u00f3mo lo veis?<\/p>\n<p style=\"text-align: justify;\"><a href=\"http:\/\/aptent.es\/wp-content\/uploads\/2015\/02\/11013476_667938286647891_4166314791281778729_n-e1424796053663.jpg\"><img loading=\"lazy\" decoding=\"async\" class=\"aligncenter size-full wp-image-2440\" src=\"http:\/\/aptent.es\/wp-content\/uploads\/2015\/02\/11013476_667938286647891_4166314791281778729_n-e1424796053663.jpg\" alt=\"11013476_667938286647891_4166314791281778729_n\" width=\"470\" height=\"361\" \/><\/a><\/p>\n<p style=\"text-align: justify;\">Por supuesto tambi\u00e9n hablamos de <strong>nuestro software <a title=\"STARTIT\" href=\"http:\/\/www.startit-app.com\" target=\"_blank\" rel=\"noopener\">STARTIT<\/a><\/strong> para <strong>crear y distribuir la accesibilidad<\/strong> en las <strong>artes esc\u00e9nicas<\/strong>, una idea que tambi\u00e9n gust\u00f3 bastante por las facilidades que brinda el uso de\u00a0los dispositivos m\u00f3viles como segunda pantalla. Siguiendo con la tecnolog\u00eda, explicamos asimismo las funcionalidades de la aplicaci\u00f3n m\u00f3vil <a title=\"Aplicaci\u00f3n Teatro Accesible\" href=\"https:\/\/www.youtube.com\/watch?v=IVREv6ilfDM\" target=\"_blank\" rel=\"noopener\">Teatro Accesible<\/a>&#8230; y hasta la instalamos en alg\u00fan que otro m\u00f3vil \ud83d\ude09<\/p>\n<p style=\"text-align: justify;\">Tras nuestra exposici\u00f3n le toc\u00f3 el turno a Laia Zamora, responsable de AICECV, quien nos invit\u00f3 a la posterior comida de la hermandad en un restaurante de la zona. All\u00ed compartimos mesa con personas que llevaban implante coclear, sus amigos y familiares. Y la <strong>experiencia<\/strong> no pudo ser m\u00e1s <strong>gratificante<\/strong>. Disfrutamos de tres horas de buena conversaci\u00f3n,\u00a0conoci\u00e9ndoles un poquito m\u00e1s y escuchando todas las historias que ten\u00edan para nosotros. Nos lo pasamos realmente bien y quer\u00edamos aprovechar para darles las gracias tanto a los organizadores del evento, Laia y Teresa, como a todos y cada uno de los participantes en dicha jornada.<\/p>\n<p style=\"text-align: justify;\">Fue una oportunidad excepcional para conocer la realidad de aquellas personas que o bien est\u00e1n implantadas o bien tienen familiares o amigos que llevan <strong>implante coclear<\/strong>, as\u00ed como para conocer ideas y sugerencias para que podamos aplicar dentro de poquito. La verdad es que con gente tan maravillosa da gusto trabajar en fin de semana, \u00bfno cre\u00e9is? \ud83d\ude42<\/p>\n<p style=\"text-align: justify;\"><a href=\"http:\/\/aptent.es\/wp-content\/uploads\/2015\/02\/10994041_667938566647863_2979586793293347498_n-e1424796079425.jpg\"><img loading=\"lazy\" decoding=\"async\" class=\"aligncenter size-full wp-image-2439\" src=\"http:\/\/aptent.es\/wp-content\/uploads\/2015\/02\/10994041_667938566647863_2979586793293347498_n-e1424796079425.jpg\" alt=\"10994041_667938566647863_2979586793293347498_n\" width=\"470\" height=\"313\" \/><\/a><\/p>\n","protected":false},"excerpt":{"rendered":"<p>\u00a1Este 2015 ha empezado con los motores a pleno rendimiento! Hace unos d\u00edas,\u00a0Diego y yo estuvimos en Valencia dando una charla con motivo de la celebraci\u00f3n del d\u00eda del Implante Coclear. Los chicos de la delegaci\u00f3n valenciana de Federaci\u00f3n AICE nos invitaron a participar\u00a0con una charla sobre Teatro Accesible\u00a0dentro de su programa de actividades, y [&hellip;]<\/p>\n","protected":false},"author":2,"featured_media":7473,"comment_status":"open","ping_status":"open","sticky":false,"template":"","format":"standard","meta":{"_et_pb_use_builder":"","_et_pb_old_content":"","_et_gb_content_width":"","footnotes":""},"categories":[47,81,27],"tags":[18,119,35,79,120,121,122,39],"class_list":["post-7776","post","type-post","status-publish","format-standard","has-post-thumbnail","hentry","category-accesibilidad-comunicacion","category-eventos","category-noticias","tag-accesibilidad","tag-aice","tag-aptent","tag-beatriz-lerones","tag-implante-coclear","tag-jornadas","tag-personas-sordas","tag-teatro-accesible"],"yoast_head":"<!-- This site is optimized with the Yoast SEO plugin v27.5 - https:\/\/yoast.com\/product\/yoast-seo-wordpress\/ -->\n<title>\u00a1Participamos en la Jornada del Implante Coclear! - Aptent Soluciones. Subtitulado y audiodescripci\u00f3n.<\/title>\n<meta name=\"robots\" content=\"index, follow, max-snippet:-1, max-image-preview:large, max-video-preview:-1\" \/>\n<link rel=\"canonical\" href=\"https:\/\/aptent.es\/participamos-en-la-jornada-del-implante-coclear\/\" \/>\n<meta property=\"og:locale\" content=\"gl_ES\" \/>\n<meta property=\"og:type\" content=\"article\" \/>\n<meta property=\"og:title\" content=\"\u00a1Participamos en la Jornada del Implante Coclear! - Aptent Soluciones. Subtitulado y audiodescripci\u00f3n.\" \/>\n<meta property=\"og:description\" content=\"\u00a1Este 2015 ha empezado con los motores a pleno rendimiento! Hace unos d\u00edas,\u00a0Diego y yo estuvimos en Valencia dando una charla con motivo de la celebraci\u00f3n del d\u00eda del Implante Coclear. Los chicos de la delegaci\u00f3n valenciana de Federaci\u00f3n AICE nos invitaron a participar\u00a0con una charla sobre Teatro Accesible\u00a0dentro de su programa de actividades, y [&hellip;]\" \/>\n<meta property=\"og:url\" content=\"https:\/\/aptent.es\/participamos-en-la-jornada-del-implante-coclear\/\" \/>\n<meta property=\"og:site_name\" content=\"Aptent Soluciones. Subtitulado y audiodescripci\u00f3n.\" \/>\n<meta property=\"article:published_time\" content=\"2015-02-24T16:45:34+00:00\" \/>\n<meta property=\"article:modified_time\" content=\"2024-05-24T12:30:02+00:00\" \/>\n<meta property=\"og:image\" content=\"https:\/\/aptent.es\/wp-content\/uploads\/2015\/02\/10987375_667938523314534_7089340864860020147_n-e1424795945320.jpg\" \/>\n\t<meta property=\"og:image:width\" content=\"470\" \/>\n\t<meta property=\"og:image:height\" content=\"313\" \/>\n\t<meta property=\"og:image:type\" content=\"image\/jpeg\" \/>\n<meta name=\"author\" content=\"Beatriz Lerones\" \/>\n<meta name=\"twitter:card\" content=\"summary_large_image\" \/>\n<meta name=\"twitter:label1\" content=\"Escrito por\" \/>\n\t<meta name=\"twitter:data1\" content=\"Beatriz Lerones\" \/>\n\t<meta name=\"twitter:label2\" content=\"Tempo de lectura\" \/>\n\t<meta name=\"twitter:data2\" content=\"2 minutos\" \/>\n<script type=\"application\/ld+json\" class=\"yoast-schema-graph\">{\"@context\":\"https:\\\/\\\/schema.org\",\"@graph\":[{\"@type\":\"Article\",\"@id\":\"https:\\\/\\\/aptent.es\\\/participamos-en-la-jornada-del-implante-coclear\\\/#article\",\"isPartOf\":{\"@id\":\"https:\\\/\\\/aptent.es\\\/participamos-en-la-jornada-del-implante-coclear\\\/\"},\"author\":{\"name\":\"Beatriz Lerones\",\"@id\":\"https:\\\/\\\/aptent.es\\\/#\\\/schema\\\/person\\\/6e99ccba3c9cd4f73750645a1b442c4a\"},\"headline\":\"\u00a1Participamos en la Jornada del Implante Coclear!\",\"datePublished\":\"2015-02-24T16:45:34+00:00\",\"dateModified\":\"2024-05-24T12:30:02+00:00\",\"mainEntityOfPage\":{\"@id\":\"https:\\\/\\\/aptent.es\\\/participamos-en-la-jornada-del-implante-coclear\\\/\"},\"wordCount\":484,\"commentCount\":0,\"image\":{\"@id\":\"https:\\\/\\\/aptent.es\\\/participamos-en-la-jornada-del-implante-coclear\\\/#primaryimage\"},\"thumbnailUrl\":\"https:\\\/\\\/aptent.es\\\/wp-content\\\/uploads\\\/2015\\\/02\\\/10987375_667938523314534_7089340864860020147_n-e1424795945320.jpg\",\"keywords\":[\"Accesibilidad\",\"AICE\",\"Aptent\",\"Beatriz Lerones\",\"implante coclear\",\"jornadas\",\"personas sordas\",\"Teatro Accesible\"],\"articleSection\":[\"Accesibilidad a la comunicaci\u00f3n\",\"Eventos\",\"Noticias\"],\"inLanguage\":\"gl-ES\",\"potentialAction\":[{\"@type\":\"CommentAction\",\"name\":\"Comment\",\"target\":[\"https:\\\/\\\/aptent.es\\\/participamos-en-la-jornada-del-implante-coclear\\\/#respond\"]}]},{\"@type\":\"WebPage\",\"@id\":\"https:\\\/\\\/aptent.es\\\/participamos-en-la-jornada-del-implante-coclear\\\/\",\"url\":\"https:\\\/\\\/aptent.es\\\/participamos-en-la-jornada-del-implante-coclear\\\/\",\"name\":\"\u00a1Participamos en la Jornada del Implante Coclear! - Aptent Soluciones. Subtitulado y audiodescripci\u00f3n.\",\"isPartOf\":{\"@id\":\"https:\\\/\\\/aptent.es\\\/#website\"},\"primaryImageOfPage\":{\"@id\":\"https:\\\/\\\/aptent.es\\\/participamos-en-la-jornada-del-implante-coclear\\\/#primaryimage\"},\"image\":{\"@id\":\"https:\\\/\\\/aptent.es\\\/participamos-en-la-jornada-del-implante-coclear\\\/#primaryimage\"},\"thumbnailUrl\":\"https:\\\/\\\/aptent.es\\\/wp-content\\\/uploads\\\/2015\\\/02\\\/10987375_667938523314534_7089340864860020147_n-e1424795945320.jpg\",\"datePublished\":\"2015-02-24T16:45:34+00:00\",\"dateModified\":\"2024-05-24T12:30:02+00:00\",\"author\":{\"@id\":\"https:\\\/\\\/aptent.es\\\/#\\\/schema\\\/person\\\/6e99ccba3c9cd4f73750645a1b442c4a\"},\"breadcrumb\":{\"@id\":\"https:\\\/\\\/aptent.es\\\/participamos-en-la-jornada-del-implante-coclear\\\/#breadcrumb\"},\"inLanguage\":\"gl-ES\",\"potentialAction\":[{\"@type\":\"ReadAction\",\"target\":[\"https:\\\/\\\/aptent.es\\\/participamos-en-la-jornada-del-implante-coclear\\\/\"]}]},{\"@type\":\"ImageObject\",\"inLanguage\":\"gl-ES\",\"@id\":\"https:\\\/\\\/aptent.es\\\/participamos-en-la-jornada-del-implante-coclear\\\/#primaryimage\",\"url\":\"https:\\\/\\\/aptent.es\\\/wp-content\\\/uploads\\\/2015\\\/02\\\/10987375_667938523314534_7089340864860020147_n-e1424795945320.jpg\",\"contentUrl\":\"https:\\\/\\\/aptent.es\\\/wp-content\\\/uploads\\\/2015\\\/02\\\/10987375_667938523314534_7089340864860020147_n-e1424795945320.jpg\",\"width\":470,\"height\":313},{\"@type\":\"BreadcrumbList\",\"@id\":\"https:\\\/\\\/aptent.es\\\/participamos-en-la-jornada-del-implante-coclear\\\/#breadcrumb\",\"itemListElement\":[{\"@type\":\"ListItem\",\"position\":1,\"name\":\"Portada\",\"item\":\"https:\\\/\\\/aptent.es\\\/gl\\\/\"},{\"@type\":\"ListItem\",\"position\":2,\"name\":\"\u00a1Participamos en la Jornada del Implante Coclear!\"}]},{\"@type\":\"WebSite\",\"@id\":\"https:\\\/\\\/aptent.es\\\/#website\",\"url\":\"https:\\\/\\\/aptent.es\\\/\",\"name\":\"Aptent Soluciones. Subtitulado y audiodescripci\u00f3n.\",\"description\":\"Empresa de tecnolog\u00eda y accesibilidad en la comunicaci\u00f3n. Subtitulado para sordos en directo, traducci\u00f3n, audiodescripci\u00f3n, sistema FM y bucle magn\u00e9tico.\",\"potentialAction\":[{\"@type\":\"SearchAction\",\"target\":{\"@type\":\"EntryPoint\",\"urlTemplate\":\"https:\\\/\\\/aptent.es\\\/?s={search_term_string}\"},\"query-input\":{\"@type\":\"PropertyValueSpecification\",\"valueRequired\":true,\"valueName\":\"search_term_string\"}}],\"inLanguage\":\"gl-ES\"},{\"@type\":\"Person\",\"@id\":\"https:\\\/\\\/aptent.es\\\/#\\\/schema\\\/person\\\/6e99ccba3c9cd4f73750645a1b442c4a\",\"name\":\"Beatriz Lerones\",\"image\":{\"@type\":\"ImageObject\",\"inLanguage\":\"gl-ES\",\"@id\":\"https:\\\/\\\/secure.gravatar.com\\\/avatar\\\/edf99074cac7bd706e13f3e9ad07e8e05c09967ba9e305434c5a09850b1ab0f4?s=96&d=mm&r=g\",\"url\":\"https:\\\/\\\/secure.gravatar.com\\\/avatar\\\/edf99074cac7bd706e13f3e9ad07e8e05c09967ba9e305434c5a09850b1ab0f4?s=96&d=mm&r=g\",\"contentUrl\":\"https:\\\/\\\/secure.gravatar.com\\\/avatar\\\/edf99074cac7bd706e13f3e9ad07e8e05c09967ba9e305434c5a09850b1ab0f4?s=96&d=mm&r=g\",\"caption\":\"Beatriz Lerones\"}}]}<\/script>\n<!-- \/ Yoast SEO plugin. -->","yoast_head_json":{"title":"\u00a1Participamos en la Jornada del Implante Coclear! - Aptent Soluciones. Subtitulado y audiodescripci\u00f3n.","robots":{"index":"index","follow":"follow","max-snippet":"max-snippet:-1","max-image-preview":"max-image-preview:large","max-video-preview":"max-video-preview:-1"},"canonical":"https:\/\/aptent.es\/participamos-en-la-jornada-del-implante-coclear\/","og_locale":"gl_ES","og_type":"article","og_title":"\u00a1Participamos en la Jornada del Implante Coclear! - Aptent Soluciones. Subtitulado y audiodescripci\u00f3n.","og_description":"\u00a1Este 2015 ha empezado con los motores a pleno rendimiento! Hace unos d\u00edas,\u00a0Diego y yo estuvimos en Valencia dando una charla con motivo de la celebraci\u00f3n del d\u00eda del Implante Coclear. Los chicos de la delegaci\u00f3n valenciana de Federaci\u00f3n AICE nos invitaron a participar\u00a0con una charla sobre Teatro Accesible\u00a0dentro de su programa de actividades, y [&hellip;]","og_url":"https:\/\/aptent.es\/participamos-en-la-jornada-del-implante-coclear\/","og_site_name":"Aptent Soluciones. Subtitulado y audiodescripci\u00f3n.","article_published_time":"2015-02-24T16:45:34+00:00","article_modified_time":"2024-05-24T12:30:02+00:00","og_image":[{"width":470,"height":313,"url":"https:\/\/aptent.es\/wp-content\/uploads\/2015\/02\/10987375_667938523314534_7089340864860020147_n-e1424795945320.jpg","type":"image\/jpeg"}],"author":"Beatriz Lerones","twitter_card":"summary_large_image","twitter_misc":{"Escrito por":"Beatriz Lerones","Tempo de lectura":"2 minutos"},"schema":{"@context":"https:\/\/schema.org","@graph":[{"@type":"Article","@id":"https:\/\/aptent.es\/participamos-en-la-jornada-del-implante-coclear\/#article","isPartOf":{"@id":"https:\/\/aptent.es\/participamos-en-la-jornada-del-implante-coclear\/"},"author":{"name":"Beatriz Lerones","@id":"https:\/\/aptent.es\/#\/schema\/person\/6e99ccba3c9cd4f73750645a1b442c4a"},"headline":"\u00a1Participamos en la Jornada del Implante Coclear!","datePublished":"2015-02-24T16:45:34+00:00","dateModified":"2024-05-24T12:30:02+00:00","mainEntityOfPage":{"@id":"https:\/\/aptent.es\/participamos-en-la-jornada-del-implante-coclear\/"},"wordCount":484,"commentCount":0,"image":{"@id":"https:\/\/aptent.es\/participamos-en-la-jornada-del-implante-coclear\/#primaryimage"},"thumbnailUrl":"https:\/\/aptent.es\/wp-content\/uploads\/2015\/02\/10987375_667938523314534_7089340864860020147_n-e1424795945320.jpg","keywords":["Accesibilidad","AICE","Aptent","Beatriz Lerones","implante coclear","jornadas","personas sordas","Teatro Accesible"],"articleSection":["Accesibilidad a la comunicaci\u00f3n","Eventos","Noticias"],"inLanguage":"gl-ES","potentialAction":[{"@type":"CommentAction","name":"Comment","target":["https:\/\/aptent.es\/participamos-en-la-jornada-del-implante-coclear\/#respond"]}]},{"@type":"WebPage","@id":"https:\/\/aptent.es\/participamos-en-la-jornada-del-implante-coclear\/","url":"https:\/\/aptent.es\/participamos-en-la-jornada-del-implante-coclear\/","name":"\u00a1Participamos en la Jornada del Implante Coclear! - Aptent Soluciones. Subtitulado y audiodescripci\u00f3n.","isPartOf":{"@id":"https:\/\/aptent.es\/#website"},"primaryImageOfPage":{"@id":"https:\/\/aptent.es\/participamos-en-la-jornada-del-implante-coclear\/#primaryimage"},"image":{"@id":"https:\/\/aptent.es\/participamos-en-la-jornada-del-implante-coclear\/#primaryimage"},"thumbnailUrl":"https:\/\/aptent.es\/wp-content\/uploads\/2015\/02\/10987375_667938523314534_7089340864860020147_n-e1424795945320.jpg","datePublished":"2015-02-24T16:45:34+00:00","dateModified":"2024-05-24T12:30:02+00:00","author":{"@id":"https:\/\/aptent.es\/#\/schema\/person\/6e99ccba3c9cd4f73750645a1b442c4a"},"breadcrumb":{"@id":"https:\/\/aptent.es\/participamos-en-la-jornada-del-implante-coclear\/#breadcrumb"},"inLanguage":"gl-ES","potentialAction":[{"@type":"ReadAction","target":["https:\/\/aptent.es\/participamos-en-la-jornada-del-implante-coclear\/"]}]},{"@type":"ImageObject","inLanguage":"gl-ES","@id":"https:\/\/aptent.es\/participamos-en-la-jornada-del-implante-coclear\/#primaryimage","url":"https:\/\/aptent.es\/wp-content\/uploads\/2015\/02\/10987375_667938523314534_7089340864860020147_n-e1424795945320.jpg","contentUrl":"https:\/\/aptent.es\/wp-content\/uploads\/2015\/02\/10987375_667938523314534_7089340864860020147_n-e1424795945320.jpg","width":470,"height":313},{"@type":"BreadcrumbList","@id":"https:\/\/aptent.es\/participamos-en-la-jornada-del-implante-coclear\/#breadcrumb","itemListElement":[{"@type":"ListItem","position":1,"name":"Portada","item":"https:\/\/aptent.es\/gl\/"},{"@type":"ListItem","position":2,"name":"\u00a1Participamos en la Jornada del Implante Coclear!"}]},{"@type":"WebSite","@id":"https:\/\/aptent.es\/#website","url":"https:\/\/aptent.es\/","name":"Aptent Soluciones. Subtitulado y audiodescripci\u00f3n.","description":"Empresa de tecnolog\u00eda y accesibilidad en la comunicaci\u00f3n. Subtitulado para sordos en directo, traducci\u00f3n, audiodescripci\u00f3n, sistema FM y bucle magn\u00e9tico.","potentialAction":[{"@type":"SearchAction","target":{"@type":"EntryPoint","urlTemplate":"https:\/\/aptent.es\/?s={search_term_string}"},"query-input":{"@type":"PropertyValueSpecification","valueRequired":true,"valueName":"search_term_string"}}],"inLanguage":"gl-ES"},{"@type":"Person","@id":"https:\/\/aptent.es\/#\/schema\/person\/6e99ccba3c9cd4f73750645a1b442c4a","name":"Beatriz Lerones","image":{"@type":"ImageObject","inLanguage":"gl-ES","@id":"https:\/\/secure.gravatar.com\/avatar\/edf99074cac7bd706e13f3e9ad07e8e05c09967ba9e305434c5a09850b1ab0f4?s=96&d=mm&r=g","url":"https:\/\/secure.gravatar.com\/avatar\/edf99074cac7bd706e13f3e9ad07e8e05c09967ba9e305434c5a09850b1ab0f4?s=96&d=mm&r=g","contentUrl":"https:\/\/secure.gravatar.com\/avatar\/edf99074cac7bd706e13f3e9ad07e8e05c09967ba9e305434c5a09850b1ab0f4?s=96&d=mm&r=g","caption":"Beatriz Lerones"}}]}},"_links":{"self":[{"href":"https:\/\/aptent.es\/gl\/wp-json\/wp\/v2\/posts\/7776","targetHints":{"allow":["GET"]}}],"collection":[{"href":"https:\/\/aptent.es\/gl\/wp-json\/wp\/v2\/posts"}],"about":[{"href":"https:\/\/aptent.es\/gl\/wp-json\/wp\/v2\/types\/post"}],"author":[{"embeddable":true,"href":"https:\/\/aptent.es\/gl\/wp-json\/wp\/v2\/users\/2"}],"replies":[{"embeddable":true,"href":"https:\/\/aptent.es\/gl\/wp-json\/wp\/v2\/comments?post=7776"}],"version-history":[{"count":1,"href":"https:\/\/aptent.es\/gl\/wp-json\/wp\/v2\/posts\/7776\/revisions"}],"predecessor-version":[{"id":8750,"href":"https:\/\/aptent.es\/gl\/wp-json\/wp\/v2\/posts\/7776\/revisions\/8750"}],"wp:featuredmedia":[{"embeddable":true,"href":"https:\/\/aptent.es\/gl\/wp-json\/wp\/v2\/media\/7473"}],"wp:attachment":[{"href":"https:\/\/aptent.es\/gl\/wp-json\/wp\/v2\/media?parent=7776"}],"wp:term":[{"taxonomy":"category","embeddable":true,"href":"https:\/\/aptent.es\/gl\/wp-json\/wp\/v2\/categories?post=7776"},{"taxonomy":"post_tag","embeddable":true,"href":"https:\/\/aptent.es\/gl\/wp-json\/wp\/v2\/tags?post=7776"}],"curies":[{"name":"wp","href":"https:\/\/api.w.org\/{rel}","templated":true}]}}