{"id":7747,"date":"2017-08-22T11:29:19","date_gmt":"2017-08-22T09:29:19","guid":{"rendered":"http:\/\/aptent.es\/?p=5034"},"modified":"2017-08-22T11:29:19","modified_gmt":"2017-08-22T09:29:19","slug":"balance-de-la-sexta-temporada-de-teatro-accesible","status":"publish","type":"post","link":"https:\/\/aptent.es\/gl\/balance-de-la-sexta-temporada-de-teatro-accesible\/","title":{"rendered":"Balance de la sexta temporada de Teatro Accesible"},"content":{"rendered":"<p style=\"text-align: justify;\"><span style=\"font-weight: 400;\">La sexta temporada de Teatro Accesible ha llegado a su fin, y como todo ciclo que termina, \u00a1toca hacer balance! Por aqu\u00ed algunos a\u00fan no nos hemos ido de vacaciones y despu\u00e9s de darle vueltas durante unos d\u00edas,\u00a0hemos llegado a la conclusi\u00f3n de\u00a0<\/span><span style=\"font-weight: 400;\">que<strong> el balance de este a\u00f1o es muy positivo:<\/strong>\u00a0hab\u00e9is venido m\u00e1s al teatro, hemos tenido m\u00e1s posibilidades de recibir vuestro feedback y cada vez son m\u00e1s las entidades\u00a0que apuestan por acercar la cultura\u00a0a todos los p\u00fablicos. Os dejamos algunos datos:<\/span><\/p>\n<ul>\n<li style=\"text-align: justify;\"><span style=\"font-weight: 400;\"><strong>M\u00e1s de 1.700 personas han disfrutado de alguna de las m\u00e1s de 100 funciones accesibles<\/strong> que hemos ofrecido en estos doce\u00a0meses, con un incremento de m\u00e1s del 30% con respecto a la temporada anterior. Sin duda nuestro mejor resultado y el que avala la continuidad de un proyecto como Teatro Accesible \ud83d\ude42\u00a0<\/span><\/li>\n<li style=\"text-align: justify;\">Este a\u00f1o hemos ofrecido <strong>nueve <a href=\"http:\/\/aptent.es\/que-es-un-touch-tour\/\">touch tours<\/a> o visitas t\u00e1ctiles<\/strong> en colaboraci\u00f3n con el Teatro de la Zarzuela y el Festival de Teatro Cl\u00e1sico de Almagro. Esta experiencia es una oportunidad \u00fanica para que las personas con discapacidad visual puedan tocar el vestuario y <em>atrezzo<\/em> de forma previa a la obra, de manera que as\u00ed puedan complementar la informaci\u00f3n que les llegar\u00e1 a trav\u00e9s del servicio de audiodescripci\u00f3n durante la funci\u00f3n accesible. Aqu\u00ed pod\u00e9is ver en v\u00eddeo la \u00faltima visita, en colaboraci\u00f3n con el Festival de Almagro:<\/li>\n<\/ul>\n<p style=\"text-align: justify;\">[embedyt] https:\/\/www.youtube.com\/watch?v=nifaOmnKN-4[\/embedyt]<\/p>\n<ul>\n<li style=\"text-align: justify;\">En esta l\u00ednea, hemos repetido la colaboraci\u00f3n con\u00a0festivales tan destacados en el sector de las artes esc\u00e9nicas como son el <strong>Festival Internacional de Teatro Cl\u00e1sico de Almagro, el Festival de Teatro Cl\u00e1sico de Olite o Cl\u00e1sicos en Alcal\u00e1<\/strong>, todo ello sin olvidarnos del <strong>Festival Una Mirada Diferente<\/strong> que tuvo lugar en el mes de junio en Madrid. Asimismo y barriendo para casa, en mayo celebramos la tercera edici\u00f3n de nuestro festival <a href=\"http:\/\/www.yovoyalteatro.org\"><em>Yo Voy Al Teatro<\/em><\/a>, en el que un total de 10 obras fueron accesibles entre Madrid y Barcelona para personas con discapacidad auditiva, visual, intelectual y mayores.<\/li>\n<li style=\"text-align: justify;\">Una de las novedades de esta temporada est\u00e1 relacionada con un colectivo al que empezamos a dirigirnos en la anterior: las personas con discapacidad intelectual. As\u00ed pues, adem\u00e1s de programar<strong> tres sesiones con accesibilidad cognitiva<\/strong>, en el Teatro Bellas Artes de Madrid pudimos hacer una visita previa a la funci\u00f3n accesible de &#8220;Los vecinos de arriba&#8221; para este colectivo. En ella explicamos, junto con el personal del teatro, la escenograf\u00eda y la sinopsis en <strong>lenguaje f\u00e1cil<\/strong>, y adem\u00e1s pudimos charlar unos minutos con los actores de la producci\u00f3n. Aqu\u00ed ten\u00e9is un breve resumen de la experiencia:<\/li>\n<\/ul>\n<p>[embedyt] https:\/\/www.youtube.com\/watch?v=psiwTWpB5hM[\/embedyt]<\/p>\n<p>&nbsp;<\/p>\n<ul>\n<li style=\"text-align: justify;\">En otro orden de cosas y pensando en la difusi\u00f3n del proyecto a nivel estatal e internacional,\u00a0en noviembre del a\u00f1o pasado <strong>nos desplazamos\u00a0a Helsinki<\/strong> para hablar de STARTIT y del proyecto Teatro Accesible en un <a href=\"http:\/\/aptent.es\/presentamos-startit-y-teatro-accesible-en-helsinki\/\"><strong>foro internacional sobre accesibilidad<\/strong><\/a>. Adem\u00e1s de este gran hito, tambi\u00e9n hemos participado en ferias reconocidas como el mercado bienal\u00a0de las artes esc\u00e9nicas MERCARTES, el congreso AMADIS que organiza el CESyA y que se celebr\u00f3 en Toledo, el Foro Cultura y Empresa coordinado por El Muro, el Congreso SELM de traducci\u00f3n e interpretaci\u00f3n en Sevilla, el ARSAD en Barcelona&#8230; adem\u00e1s de haber sido seleccionados para <strong>varios premios de car\u00e1cter nacional y obtener el <a href=\"http:\/\/aptent.es\/nuestros-companeros-esmeralda-y-javier-reciben-el-premio-atrae-por-su-subtitulado-para-sordos\/\">premio al mejor subtitulado para sordos<\/a> por ATRAE<\/strong>. Todo un orgullo.<\/li>\n<li style=\"text-align: justify;\">Adem\u00e1s este a\u00f1o hemos comenzado a firmar diferentes <strong>convenios de colaboraci\u00f3n<\/strong> con entidades relacionadas con el sector de la cultura y la diversidad funcional, estrechando as\u00ed lazos y uniendo fuerzas para luchar por el teatro para todos.\n<p>&nbsp;<\/p>\n<p><img loading=\"lazy\" decoding=\"async\" class=\"wp-image-5051 size-thumbnail alignnone\" src=\"http:\/\/aptent.es\/wp-content\/uploads\/2017\/08\/firmafiapas-236x150.jpg\" alt=\"\" width=\"236\" height=\"150\" \/>\u00a0 \u00a0\u00a0 \u00a0 \u00a0<img loading=\"lazy\" decoding=\"async\" class=\"wp-image-5050 size-thumbnail alignnone\" src=\"http:\/\/aptent.es\/wp-content\/uploads\/2017\/08\/firmaFAETEDA-200x150.jpg\" alt=\"\" width=\"200\" height=\"150\" \/>\u00a0 \u00a0 \u00a0\u00a0\u00a0\u00a0<img loading=\"lazy\" decoding=\"async\" class=\"alignnone wp-image-5054 size-thumbnail\" src=\"http:\/\/aptent.es\/wp-content\/uploads\/2017\/08\/firmab1b2b3-225x150.jpg\" alt=\"\" width=\"225\" height=\"150\" \/><\/li>\n<\/ul>\n<p>&nbsp;<\/p>\n<ul>\n<li style=\"text-align: justify;\"><span style=\"font-weight: 400;\">Sin embargo, aqu\u00ed no acaba la cosa&#8230; este a\u00f1o y como colof\u00f3n final a esta gran temporada, <strong>hemos ofrecido <a href=\"http:\/\/aptent.es\/el-misteri-delx-sera-accesible-para-personas-con-discapacidad-auditiva-y-visual-gracias-a-startit\/\">accesibilidad en el espectacular Misteri d\u2019Elx<\/a> gracias a la colaboraci\u00f3n entre el de Elche y Fundaci\u00f3n Vodafone Espa\u00f1a.<\/strong> Mediante\u00a0nuestra aplicaci\u00f3n\u00a0<\/span><span style=\"font-weight: 400;\"><a href=\"https:\/\/startit-app.com\/\"><strong>STARTIT<\/strong><\/a>, durante los cinco d\u00edas que se extienden las celebraciones ofrecimos\u00a0<\/span><span style=\"font-weight: 400;\">subt\u00edtulos en tres idiomas y audiodescripci\u00f3n en castellano a todos los asistentes de manera gratuita. Todo ello con el objetivo de que pudieran disfrutar de la Festa en igualdad de condiciones, claro. Sin duda una bonita forma de ponerle punto final a una gran temporada.<\/span><\/li>\n<\/ul>\n<p style=\"text-align: justify;\">En este punto, nos gustar\u00eda dar las gracias a todas las personas maravillosas que han pasado por nuestras oficinas y aquellas con las que hemos estado trabajando durante todo este a\u00f1o. En especial a nuestro compa\u00f1ero Javier Navarro, que en septiembre comenzar\u00e1 una nueva aventura. \u00a1Te deseamos mucha suerte! \ud83d\ude09<\/p>\n<p style=\"text-align: justify;\">Y ya para ir terminando, deciros que estos d\u00edas estamos maquinando la que ser\u00e1 la <strong>s\u00e9ptima de Teatro Accesible<\/strong>, con la que nos hemos propuesto\u00a0conseguir unos n\u00fameros a\u00fan mejores a finales del verano que viene. Es un objetivo atractivo\u00a0pero todav\u00eda algo escaso si tenemos en cuenta que <a href=\"http:\/\/semanal.cermi.es\/noticia\/CERMI-pide-ministro-Fomento-adopcion-estrategia-cumplir-mandatos-legales-accesibilidad-4-diciembre-2017.aspx\">a finales de este a\u00f1o deber\u00edan cumplirse los mandatos legales de accesibilidad<\/a>, y que obligar\u00edan a todas las instituciones a ser<strong> plenamente accesibles. <\/strong>Interesante, \u00bfverdad?<\/p>\n<p style=\"text-align: justify;\">Lo m\u00e1s importante es que<strong> ese objetivo<\/strong>\u00a0<strong>s\u00f3lo lo podremos conseguir con tu colaboraci\u00f3n<\/strong>, ya seas una entidad cultural, una instituci\u00f3n p\u00fablica o una persona con o sin discapacidad. As\u00ed que, como en APTENT nos gustan los retos, te planteamos uno para el a\u00f1o que viene:<\/p>\n<p style=\"text-align: justify;\">\u00bfnos ayudas a conseguir cada vez m\u00e1s teatro para todos y hacer de la s\u00e9ptima temporada algo memorable?<\/p>\n","protected":false},"excerpt":{"rendered":"<p>La sexta temporada de Teatro Accesible ha llegado a su fin, y como todo ciclo que termina, \u00a1toca hacer balance! Por aqu\u00ed algunos a\u00fan no nos hemos ido de vacaciones y despu\u00e9s de darle vueltas durante unos d\u00edas,\u00a0hemos llegado a la conclusi\u00f3n de\u00a0que el balance de este a\u00f1o es muy positivo:\u00a0hab\u00e9is venido m\u00e1s al teatro, [&hellip;]<\/p>\n","protected":false},"author":2,"featured_media":7165,"comment_status":"open","ping_status":"open","sticky":false,"template":"","format":"standard","meta":{"_et_pb_use_builder":"","_et_pb_old_content":"","_et_gb_content_width":"","footnotes":""},"categories":[47,163,126],"tags":[156,35,25,177,178,153,22,39,145,179],"class_list":["post-7747","post","type-post","status-publish","format-standard","has-post-thumbnail","hentry","category-accesibilidad-comunicacion","category-aptenticos","category-teatro-accesible","tag-accesibilidad-cognitiva","tag-aptent","tag-audiodescripcion","tag-audioexplicacion","tag-el-misteri-delx","tag-startit","tag-subtitulado","tag-teatro-accesible","tag-touch-tour","tag-visita-tactil"],"yoast_head":"<!-- This site is optimized with the Yoast SEO plugin v27.5 - https:\/\/yoast.com\/product\/yoast-seo-wordpress\/ -->\n<title>Balance de la sexta temporada de Teatro Accesible - Aptent Soluciones. Subtitulado y audiodescripci\u00f3n.<\/title>\n<meta name=\"robots\" content=\"index, follow, max-snippet:-1, max-image-preview:large, max-video-preview:-1\" \/>\n<link rel=\"canonical\" href=\"https:\/\/aptent.es\/balance-de-la-sexta-temporada-de-teatro-accesible\/\" \/>\n<meta property=\"og:locale\" content=\"gl_ES\" \/>\n<meta property=\"og:type\" content=\"article\" \/>\n<meta property=\"og:title\" content=\"Balance de la sexta temporada de Teatro Accesible - Aptent Soluciones. Subtitulado y audiodescripci\u00f3n.\" \/>\n<meta property=\"og:description\" content=\"La sexta temporada de Teatro Accesible ha llegado a su fin, y como todo ciclo que termina, \u00a1toca hacer balance! Por aqu\u00ed algunos a\u00fan no nos hemos ido de vacaciones y despu\u00e9s de darle vueltas durante unos d\u00edas,\u00a0hemos llegado a la conclusi\u00f3n de\u00a0que el balance de este a\u00f1o es muy positivo:\u00a0hab\u00e9is venido m\u00e1s al teatro, [&hellip;]\" \/>\n<meta property=\"og:url\" content=\"https:\/\/aptent.es\/balance-de-la-sexta-temporada-de-teatro-accesible\/\" \/>\n<meta property=\"og:site_name\" content=\"Aptent Soluciones. Subtitulado y audiodescripci\u00f3n.\" \/>\n<meta property=\"article:published_time\" content=\"2017-08-22T09:29:19+00:00\" \/>\n<meta property=\"og:image\" content=\"https:\/\/aptent.es\/wp-content\/uploads\/2017\/08\/fotoequipoBCN.jpg\" \/>\n\t<meta property=\"og:image:width\" content=\"1600\" \/>\n\t<meta property=\"og:image:height\" content=\"1057\" \/>\n\t<meta property=\"og:image:type\" content=\"image\/jpeg\" \/>\n<meta name=\"author\" content=\"Beatriz Lerones\" \/>\n<meta name=\"twitter:card\" content=\"summary_large_image\" \/>\n<meta name=\"twitter:label1\" content=\"Escrito por\" \/>\n\t<meta name=\"twitter:data1\" content=\"Beatriz Lerones\" \/>\n\t<meta name=\"twitter:label2\" content=\"Tempo de lectura\" \/>\n\t<meta name=\"twitter:data2\" content=\"5 minutos\" \/>\n<script type=\"application\/ld+json\" class=\"yoast-schema-graph\">{\"@context\":\"https:\\\/\\\/schema.org\",\"@graph\":[{\"@type\":\"Article\",\"@id\":\"https:\\\/\\\/aptent.es\\\/balance-de-la-sexta-temporada-de-teatro-accesible\\\/#article\",\"isPartOf\":{\"@id\":\"https:\\\/\\\/aptent.es\\\/balance-de-la-sexta-temporada-de-teatro-accesible\\\/\"},\"author\":{\"name\":\"Beatriz Lerones\",\"@id\":\"https:\\\/\\\/aptent.es\\\/#\\\/schema\\\/person\\\/6e99ccba3c9cd4f73750645a1b442c4a\"},\"headline\":\"Balance de la sexta temporada de Teatro Accesible\",\"datePublished\":\"2017-08-22T09:29:19+00:00\",\"mainEntityOfPage\":{\"@id\":\"https:\\\/\\\/aptent.es\\\/balance-de-la-sexta-temporada-de-teatro-accesible\\\/\"},\"wordCount\":967,\"commentCount\":0,\"image\":{\"@id\":\"https:\\\/\\\/aptent.es\\\/balance-de-la-sexta-temporada-de-teatro-accesible\\\/#primaryimage\"},\"thumbnailUrl\":\"https:\\\/\\\/aptent.es\\\/wp-content\\\/uploads\\\/2017\\\/08\\\/fotoequipoBCN.jpg\",\"keywords\":[\"accesibilidad cognitiva\",\"Aptent\",\"Audiodescripci\u00f3n\",\"audioexplicaci\u00f3n\",\"el misteri delx\",\"STARTIT\",\"Subtitulado\",\"Teatro Accesible\",\"touch tour\",\"visita t\u00e1ctil\"],\"articleSection\":[\"Accesibilidad a la comunicaci\u00f3n\",\"Apt\u00e9nticos\",\"Teatro Accesible\"],\"inLanguage\":\"gl-ES\",\"potentialAction\":[{\"@type\":\"CommentAction\",\"name\":\"Comment\",\"target\":[\"https:\\\/\\\/aptent.es\\\/balance-de-la-sexta-temporada-de-teatro-accesible\\\/#respond\"]}]},{\"@type\":\"WebPage\",\"@id\":\"https:\\\/\\\/aptent.es\\\/balance-de-la-sexta-temporada-de-teatro-accesible\\\/\",\"url\":\"https:\\\/\\\/aptent.es\\\/balance-de-la-sexta-temporada-de-teatro-accesible\\\/\",\"name\":\"Balance de la sexta temporada de Teatro Accesible - Aptent Soluciones. Subtitulado y audiodescripci\u00f3n.\",\"isPartOf\":{\"@id\":\"https:\\\/\\\/aptent.es\\\/#website\"},\"primaryImageOfPage\":{\"@id\":\"https:\\\/\\\/aptent.es\\\/balance-de-la-sexta-temporada-de-teatro-accesible\\\/#primaryimage\"},\"image\":{\"@id\":\"https:\\\/\\\/aptent.es\\\/balance-de-la-sexta-temporada-de-teatro-accesible\\\/#primaryimage\"},\"thumbnailUrl\":\"https:\\\/\\\/aptent.es\\\/wp-content\\\/uploads\\\/2017\\\/08\\\/fotoequipoBCN.jpg\",\"datePublished\":\"2017-08-22T09:29:19+00:00\",\"author\":{\"@id\":\"https:\\\/\\\/aptent.es\\\/#\\\/schema\\\/person\\\/6e99ccba3c9cd4f73750645a1b442c4a\"},\"breadcrumb\":{\"@id\":\"https:\\\/\\\/aptent.es\\\/balance-de-la-sexta-temporada-de-teatro-accesible\\\/#breadcrumb\"},\"inLanguage\":\"gl-ES\",\"potentialAction\":[{\"@type\":\"ReadAction\",\"target\":[\"https:\\\/\\\/aptent.es\\\/balance-de-la-sexta-temporada-de-teatro-accesible\\\/\"]}]},{\"@type\":\"ImageObject\",\"inLanguage\":\"gl-ES\",\"@id\":\"https:\\\/\\\/aptent.es\\\/balance-de-la-sexta-temporada-de-teatro-accesible\\\/#primaryimage\",\"url\":\"https:\\\/\\\/aptent.es\\\/wp-content\\\/uploads\\\/2017\\\/08\\\/fotoequipoBCN.jpg\",\"contentUrl\":\"https:\\\/\\\/aptent.es\\\/wp-content\\\/uploads\\\/2017\\\/08\\\/fotoequipoBCN.jpg\",\"width\":1600,\"height\":1057},{\"@type\":\"BreadcrumbList\",\"@id\":\"https:\\\/\\\/aptent.es\\\/balance-de-la-sexta-temporada-de-teatro-accesible\\\/#breadcrumb\",\"itemListElement\":[{\"@type\":\"ListItem\",\"position\":1,\"name\":\"Portada\",\"item\":\"https:\\\/\\\/aptent.es\\\/gl\\\/\"},{\"@type\":\"ListItem\",\"position\":2,\"name\":\"Balance de la sexta temporada de Teatro Accesible\"}]},{\"@type\":\"WebSite\",\"@id\":\"https:\\\/\\\/aptent.es\\\/#website\",\"url\":\"https:\\\/\\\/aptent.es\\\/\",\"name\":\"Aptent Soluciones. Subtitulado y audiodescripci\u00f3n.\",\"description\":\"Empresa de tecnolog\u00eda y accesibilidad en la comunicaci\u00f3n. Subtitulado para sordos en directo, traducci\u00f3n, audiodescripci\u00f3n, sistema FM y bucle magn\u00e9tico.\",\"potentialAction\":[{\"@type\":\"SearchAction\",\"target\":{\"@type\":\"EntryPoint\",\"urlTemplate\":\"https:\\\/\\\/aptent.es\\\/?s={search_term_string}\"},\"query-input\":{\"@type\":\"PropertyValueSpecification\",\"valueRequired\":true,\"valueName\":\"search_term_string\"}}],\"inLanguage\":\"gl-ES\"},{\"@type\":\"Person\",\"@id\":\"https:\\\/\\\/aptent.es\\\/#\\\/schema\\\/person\\\/6e99ccba3c9cd4f73750645a1b442c4a\",\"name\":\"Beatriz Lerones\",\"image\":{\"@type\":\"ImageObject\",\"inLanguage\":\"gl-ES\",\"@id\":\"https:\\\/\\\/secure.gravatar.com\\\/avatar\\\/edf99074cac7bd706e13f3e9ad07e8e05c09967ba9e305434c5a09850b1ab0f4?s=96&d=mm&r=g\",\"url\":\"https:\\\/\\\/secure.gravatar.com\\\/avatar\\\/edf99074cac7bd706e13f3e9ad07e8e05c09967ba9e305434c5a09850b1ab0f4?s=96&d=mm&r=g\",\"contentUrl\":\"https:\\\/\\\/secure.gravatar.com\\\/avatar\\\/edf99074cac7bd706e13f3e9ad07e8e05c09967ba9e305434c5a09850b1ab0f4?s=96&d=mm&r=g\",\"caption\":\"Beatriz Lerones\"}}]}<\/script>\n<!-- \/ Yoast SEO plugin. -->","yoast_head_json":{"title":"Balance de la sexta temporada de Teatro Accesible - Aptent Soluciones. Subtitulado y audiodescripci\u00f3n.","robots":{"index":"index","follow":"follow","max-snippet":"max-snippet:-1","max-image-preview":"max-image-preview:large","max-video-preview":"max-video-preview:-1"},"canonical":"https:\/\/aptent.es\/balance-de-la-sexta-temporada-de-teatro-accesible\/","og_locale":"gl_ES","og_type":"article","og_title":"Balance de la sexta temporada de Teatro Accesible - Aptent Soluciones. Subtitulado y audiodescripci\u00f3n.","og_description":"La sexta temporada de Teatro Accesible ha llegado a su fin, y como todo ciclo que termina, \u00a1toca hacer balance! Por aqu\u00ed algunos a\u00fan no nos hemos ido de vacaciones y despu\u00e9s de darle vueltas durante unos d\u00edas,\u00a0hemos llegado a la conclusi\u00f3n de\u00a0que el balance de este a\u00f1o es muy positivo:\u00a0hab\u00e9is venido m\u00e1s al teatro, [&hellip;]","og_url":"https:\/\/aptent.es\/balance-de-la-sexta-temporada-de-teatro-accesible\/","og_site_name":"Aptent Soluciones. Subtitulado y audiodescripci\u00f3n.","article_published_time":"2017-08-22T09:29:19+00:00","og_image":[{"width":1600,"height":1057,"url":"https:\/\/aptent.es\/wp-content\/uploads\/2017\/08\/fotoequipoBCN.jpg","type":"image\/jpeg"}],"author":"Beatriz Lerones","twitter_card":"summary_large_image","twitter_misc":{"Escrito por":"Beatriz Lerones","Tempo de lectura":"5 minutos"},"schema":{"@context":"https:\/\/schema.org","@graph":[{"@type":"Article","@id":"https:\/\/aptent.es\/balance-de-la-sexta-temporada-de-teatro-accesible\/#article","isPartOf":{"@id":"https:\/\/aptent.es\/balance-de-la-sexta-temporada-de-teatro-accesible\/"},"author":{"name":"Beatriz Lerones","@id":"https:\/\/aptent.es\/#\/schema\/person\/6e99ccba3c9cd4f73750645a1b442c4a"},"headline":"Balance de la sexta temporada de Teatro Accesible","datePublished":"2017-08-22T09:29:19+00:00","mainEntityOfPage":{"@id":"https:\/\/aptent.es\/balance-de-la-sexta-temporada-de-teatro-accesible\/"},"wordCount":967,"commentCount":0,"image":{"@id":"https:\/\/aptent.es\/balance-de-la-sexta-temporada-de-teatro-accesible\/#primaryimage"},"thumbnailUrl":"https:\/\/aptent.es\/wp-content\/uploads\/2017\/08\/fotoequipoBCN.jpg","keywords":["accesibilidad cognitiva","Aptent","Audiodescripci\u00f3n","audioexplicaci\u00f3n","el misteri delx","STARTIT","Subtitulado","Teatro Accesible","touch tour","visita t\u00e1ctil"],"articleSection":["Accesibilidad a la comunicaci\u00f3n","Apt\u00e9nticos","Teatro Accesible"],"inLanguage":"gl-ES","potentialAction":[{"@type":"CommentAction","name":"Comment","target":["https:\/\/aptent.es\/balance-de-la-sexta-temporada-de-teatro-accesible\/#respond"]}]},{"@type":"WebPage","@id":"https:\/\/aptent.es\/balance-de-la-sexta-temporada-de-teatro-accesible\/","url":"https:\/\/aptent.es\/balance-de-la-sexta-temporada-de-teatro-accesible\/","name":"Balance de la sexta temporada de Teatro Accesible - Aptent Soluciones. Subtitulado y audiodescripci\u00f3n.","isPartOf":{"@id":"https:\/\/aptent.es\/#website"},"primaryImageOfPage":{"@id":"https:\/\/aptent.es\/balance-de-la-sexta-temporada-de-teatro-accesible\/#primaryimage"},"image":{"@id":"https:\/\/aptent.es\/balance-de-la-sexta-temporada-de-teatro-accesible\/#primaryimage"},"thumbnailUrl":"https:\/\/aptent.es\/wp-content\/uploads\/2017\/08\/fotoequipoBCN.jpg","datePublished":"2017-08-22T09:29:19+00:00","author":{"@id":"https:\/\/aptent.es\/#\/schema\/person\/6e99ccba3c9cd4f73750645a1b442c4a"},"breadcrumb":{"@id":"https:\/\/aptent.es\/balance-de-la-sexta-temporada-de-teatro-accesible\/#breadcrumb"},"inLanguage":"gl-ES","potentialAction":[{"@type":"ReadAction","target":["https:\/\/aptent.es\/balance-de-la-sexta-temporada-de-teatro-accesible\/"]}]},{"@type":"ImageObject","inLanguage":"gl-ES","@id":"https:\/\/aptent.es\/balance-de-la-sexta-temporada-de-teatro-accesible\/#primaryimage","url":"https:\/\/aptent.es\/wp-content\/uploads\/2017\/08\/fotoequipoBCN.jpg","contentUrl":"https:\/\/aptent.es\/wp-content\/uploads\/2017\/08\/fotoequipoBCN.jpg","width":1600,"height":1057},{"@type":"BreadcrumbList","@id":"https:\/\/aptent.es\/balance-de-la-sexta-temporada-de-teatro-accesible\/#breadcrumb","itemListElement":[{"@type":"ListItem","position":1,"name":"Portada","item":"https:\/\/aptent.es\/gl\/"},{"@type":"ListItem","position":2,"name":"Balance de la sexta temporada de Teatro Accesible"}]},{"@type":"WebSite","@id":"https:\/\/aptent.es\/#website","url":"https:\/\/aptent.es\/","name":"Aptent Soluciones. Subtitulado y audiodescripci\u00f3n.","description":"Empresa de tecnolog\u00eda y accesibilidad en la comunicaci\u00f3n. Subtitulado para sordos en directo, traducci\u00f3n, audiodescripci\u00f3n, sistema FM y bucle magn\u00e9tico.","potentialAction":[{"@type":"SearchAction","target":{"@type":"EntryPoint","urlTemplate":"https:\/\/aptent.es\/?s={search_term_string}"},"query-input":{"@type":"PropertyValueSpecification","valueRequired":true,"valueName":"search_term_string"}}],"inLanguage":"gl-ES"},{"@type":"Person","@id":"https:\/\/aptent.es\/#\/schema\/person\/6e99ccba3c9cd4f73750645a1b442c4a","name":"Beatriz Lerones","image":{"@type":"ImageObject","inLanguage":"gl-ES","@id":"https:\/\/secure.gravatar.com\/avatar\/edf99074cac7bd706e13f3e9ad07e8e05c09967ba9e305434c5a09850b1ab0f4?s=96&d=mm&r=g","url":"https:\/\/secure.gravatar.com\/avatar\/edf99074cac7bd706e13f3e9ad07e8e05c09967ba9e305434c5a09850b1ab0f4?s=96&d=mm&r=g","contentUrl":"https:\/\/secure.gravatar.com\/avatar\/edf99074cac7bd706e13f3e9ad07e8e05c09967ba9e305434c5a09850b1ab0f4?s=96&d=mm&r=g","caption":"Beatriz Lerones"}}]}},"_links":{"self":[{"href":"https:\/\/aptent.es\/gl\/wp-json\/wp\/v2\/posts\/7747","targetHints":{"allow":["GET"]}}],"collection":[{"href":"https:\/\/aptent.es\/gl\/wp-json\/wp\/v2\/posts"}],"about":[{"href":"https:\/\/aptent.es\/gl\/wp-json\/wp\/v2\/types\/post"}],"author":[{"embeddable":true,"href":"https:\/\/aptent.es\/gl\/wp-json\/wp\/v2\/users\/2"}],"replies":[{"embeddable":true,"href":"https:\/\/aptent.es\/gl\/wp-json\/wp\/v2\/comments?post=7747"}],"version-history":[{"count":0,"href":"https:\/\/aptent.es\/gl\/wp-json\/wp\/v2\/posts\/7747\/revisions"}],"wp:featuredmedia":[{"embeddable":true,"href":"https:\/\/aptent.es\/gl\/wp-json\/wp\/v2\/media\/7165"}],"wp:attachment":[{"href":"https:\/\/aptent.es\/gl\/wp-json\/wp\/v2\/media?parent=7747"}],"wp:term":[{"taxonomy":"category","embeddable":true,"href":"https:\/\/aptent.es\/gl\/wp-json\/wp\/v2\/categories?post=7747"},{"taxonomy":"post_tag","embeddable":true,"href":"https:\/\/aptent.es\/gl\/wp-json\/wp\/v2\/tags?post=7747"}],"curies":[{"name":"wp","href":"https:\/\/api.w.org\/{rel}","templated":true}]}}