{"id":7727,"date":"2020-03-30T13:00:36","date_gmt":"2020-03-30T11:00:36","guid":{"rendered":"https:\/\/aptent.es\/?p=5535"},"modified":"2020-03-30T13:00:36","modified_gmt":"2020-03-30T11:00:36","slug":"entrevista-a-domingo-pison-usuario-de-accesibilidad-y-profesional-del-sector-audiovisual","status":"publish","type":"post","link":"https:\/\/aptent.es\/gl\/entrevista-a-domingo-pison-usuario-de-accesibilidad-y-profesional-del-sector-audiovisual\/","title":{"rendered":"Entrevista a Domingo Pis\u00f3n usuario de accesibilidad y profesional del sector audiovisual"},"content":{"rendered":"<p><span style=\"font-weight: 400;\">Domingo Pis\u00f3n, usuario del subtitulado y la lengua de signos, amigo de Aptent desde sus inicios y trabajador del sector audiovisual, nos concedi\u00f3 una peque\u00f1a entrevista que nos ayuda a ver, como usuario y profesional, cu\u00e1l es la situaci\u00f3n actual de las medidas de accesibilidad en este sector.<\/span><\/p>\n<ul>\n<li><b>\u00bfEres consumidor de cine, televisi\u00f3n y contenidos audiovisuales?<\/b><\/li>\n<\/ul>\n<p><span style=\"font-weight: 400;\">Naturalmente de forma personal y obligatoriamente como profesional del mismo sector.<\/span><\/p>\n<ul>\n<li><b>\u00bfNecesitas alg\u00fan tipo de medida de accesibilidad para acceder a estos contenidos? \u00bfCuales son?<\/b><\/li>\n<\/ul>\n<p><span style=\"font-weight: 400;\">Todos los contenidos audiovisuales deben estar debida y correctamente subtitulados para sordos en espa\u00f1ol como primera medida. La segunda medida ser\u00eda la incorporaci\u00f3n de la figura de int\u00e9rprete en la misma pantalla del contenido audiovisual, y no como una ventana externa y min\u00fascula. Y como \u00faltimas medidas se a\u00f1adir\u00edan el bucle magn\u00e9tico y mochilas vibratorias, pero estos son medidas externas y ajenas al sector audiovisual y son m\u00e1s personalizadas por el usuario. Pero las dos primeras medidas, subtitulado y LSE, junto a la audiodescripci\u00f3n, deben ser competencias obligatorias en nuestro sector audiovisual.<\/span><\/p>\n<ul>\n<li><b>\u00bfEncuentras con facilidad contenidos con las medidas que necesitas?<\/b><\/li>\n<\/ul>\n<p><span style=\"font-weight: 400;\">Cuesta mucho encontrar subtitulado adaptado y sus ofertas son muy limitadas en todas las plataformas audiovisuales, desde cine, tv, tv online, tv a la carta y plataformas online, mientras que en lengua de signos y audiodescripci\u00f3n s\u00f3lo las puedo encontrar en la plataforma de Movistar en su secci\u00f3n espec\u00edfica, dejando el resto de los contenidos de la misma plataforma sin adaptar.<\/span><\/p>\n<ul>\n<li><b>\u00bfEchas en falta estas medidas en alg\u00fan medio o plataforma audiovisual? Si es as\u00ed, \u00bfqu\u00e9 contenidos considera m\u00e1s b\u00e1sicos y, a\u00fan as\u00ed, dificultado su acceso a d\u00eda de hoy?<\/b><\/li>\n<\/ul>\n<p><span style=\"font-weight: 400;\">S\u00ed, especialmente el subtitulado, la medida de accesibilidad m\u00e1s econ\u00f3mica y accesible para la mayor\u00eda de colectivos en todos los medios, cine espa\u00f1ol, tv en directo, a la carta.\u00a0 Solamente TVE los ofrece, aunque deben ampliar m\u00e1s. El resto de compa\u00f1\u00edas televisivas deber\u00edan tomar ejemplo ya que sus contenidos online no son nada accesibles. El primer medio m\u00e1s inmediato ser\u00eda la televisi\u00f3n, despu\u00e9s las plataformas online y por \u00faltimo el cine espa\u00f1ol en sus pantallas de cartelera.<\/span><\/p>\n<ul>\n<li><b>Expl\u00edquenos por qu\u00e9 es importante que las productoras audiovisuales tomen conciencia de la accesibilidad en sus contenidos.<\/b><\/li>\n<\/ul>\n<p>Porque no es un capricho, sino un derecho fundamental al acceso a la informaci\u00f3n, comunicaci\u00f3n y entretenimiento. Ahora, m\u00e1s que nunca, en pleno auge de las plataformas audiovisuales online, es cuando m\u00e1s limitados estamos. Las medidas de accesibilidad a todo colectivo con discapacidad sensorial les permitir\u00e1n cumplir su derecho al consumo audiovisual en igualdad de condiciones. A los ciudadanos les beneficiar\u00e1 como usuarios y a las empresas le beneficiar\u00e1 con la obtenci\u00f3n de mayores datos de audiencias. Sin la gente, no son nada.<\/p>\n<ul>\n<li><b>\u00bfC\u00f3mo considera la labor de Aptent? \u00bfQu\u00e9 piensa de sus proyectos accesibles?<\/b><\/li>\n<\/ul>\n<p><span style=\"font-weight: 400;\">Conoc\u00ed Aptent desde que naci\u00f3 y ha evolucionado con grandes progresos. Creo que debe seguir luchando para alcanzar una mayor accesibilidad al 100% y una implementaci\u00f3n progresiva en todos los sectores art\u00edsticos y de entretenimiento. Cada a\u00f1o debe fomentar mayores ampliaciones de accesibilidad por convenios con empresas privadas y p\u00fablicas para expandir y conseguir una programaci\u00f3n lo m\u00e1s accesible y de ofertas culturales lo m\u00e1s completas posibles. Que vayamos al cine o al teatro o a una conferencia o un museo y est\u00e1n todas sus obras y propuestas accesibles y disfrutarlas todas con el mismo derecho que el resto y no seguir limitados a una escueta oferta y a un d\u00eda y hora especifica que si no se asiste, se pierde la oportunidad. Yo, como viejo amigo, siempre os seguir\u00e9 insistiendo y apoyando como lo llevo haciendo desde que os vi nacer.<\/span><\/p>\n","protected":false},"excerpt":{"rendered":"<p>Domingo Pis\u00f3n, usuario del subtitulado y la lengua de signos, amigo de Aptent desde sus inicios y trabajador del sector audiovisual, nos concedi\u00f3 una peque\u00f1a entrevista que nos ayuda a ver, como usuario y profesional, cu\u00e1l es la situaci\u00f3n actual de las medidas de accesibilidad en este sector. \u00bfEres consumidor de cine, televisi\u00f3n y contenidos [&hellip;]<\/p>\n","protected":false},"author":7,"featured_media":6933,"comment_status":"open","ping_status":"open","sticky":false,"template":"","format":"standard","meta":{"_et_pb_use_builder":"","_et_pb_old_content":"","_et_gb_content_width":"","footnotes":""},"categories":[47,168],"tags":[18,102,19,35,24,86,22,39],"class_list":["post-7727","post","type-post","status-publish","format-standard","has-post-thumbnail","hentry","category-accesibilidad-comunicacion","category-entrevistas","tag-accesibilidad","tag-accesibilidad-a-la-comunicacion","tag-accesibilidad-audiovisual","tag-aptent","tag-lengua-de-signos","tag-nuevas-tecnologias","tag-subtitulado","tag-teatro-accesible"],"yoast_head":"<!-- This site is optimized with the Yoast SEO plugin v27.5 - https:\/\/yoast.com\/product\/yoast-seo-wordpress\/ -->\n<title>Entrevista a Domingo Pis\u00f3n usuario de accesibilidad y profesional del sector audiovisual - Aptent Soluciones. Subtitulado y audiodescripci\u00f3n.<\/title>\n<meta name=\"robots\" content=\"index, follow, max-snippet:-1, max-image-preview:large, max-video-preview:-1\" \/>\n<link rel=\"canonical\" href=\"https:\/\/aptent.es\/entrevista-a-domingo-pison-usuario-de-accesibilidad-y-profesional-del-sector-audiovisual\/\" \/>\n<meta property=\"og:locale\" content=\"gl_ES\" \/>\n<meta property=\"og:type\" content=\"article\" \/>\n<meta property=\"og:title\" content=\"Entrevista a Domingo Pis\u00f3n usuario de accesibilidad y profesional del sector audiovisual - Aptent Soluciones. Subtitulado y audiodescripci\u00f3n.\" \/>\n<meta property=\"og:description\" content=\"Domingo Pis\u00f3n, usuario del subtitulado y la lengua de signos, amigo de Aptent desde sus inicios y trabajador del sector audiovisual, nos concedi\u00f3 una peque\u00f1a entrevista que nos ayuda a ver, como usuario y profesional, cu\u00e1l es la situaci\u00f3n actual de las medidas de accesibilidad en este sector. \u00bfEres consumidor de cine, televisi\u00f3n y contenidos [&hellip;]\" \/>\n<meta property=\"og:url\" content=\"https:\/\/aptent.es\/entrevista-a-domingo-pison-usuario-de-accesibilidad-y-profesional-del-sector-audiovisual\/\" \/>\n<meta property=\"og:site_name\" content=\"Aptent Soluciones. Subtitulado y audiodescripci\u00f3n.\" \/>\n<meta property=\"article:published_time\" content=\"2020-03-30T11:00:36+00:00\" \/>\n<meta property=\"og:image\" content=\"https:\/\/aptent.es\/wp-content\/uploads\/2020\/03\/IMG-20190519-WA0003.jpg\" \/>\n\t<meta property=\"og:image:width\" content=\"1600\" \/>\n\t<meta property=\"og:image:height\" content=\"1066\" \/>\n\t<meta property=\"og:image:type\" content=\"image\/jpeg\" \/>\n<meta name=\"author\" content=\"Luc\u00eda Mendoza\" \/>\n<meta name=\"twitter:card\" content=\"summary_large_image\" \/>\n<meta name=\"twitter:label1\" content=\"Escrito por\" \/>\n\t<meta name=\"twitter:data1\" content=\"Luc\u00eda Mendoza\" \/>\n\t<meta name=\"twitter:label2\" content=\"Tempo de lectura\" \/>\n\t<meta name=\"twitter:data2\" content=\"3 minutos\" \/>\n<script type=\"application\/ld+json\" class=\"yoast-schema-graph\">{\"@context\":\"https:\\\/\\\/schema.org\",\"@graph\":[{\"@type\":\"Article\",\"@id\":\"https:\\\/\\\/aptent.es\\\/entrevista-a-domingo-pison-usuario-de-accesibilidad-y-profesional-del-sector-audiovisual\\\/#article\",\"isPartOf\":{\"@id\":\"https:\\\/\\\/aptent.es\\\/entrevista-a-domingo-pison-usuario-de-accesibilidad-y-profesional-del-sector-audiovisual\\\/\"},\"author\":{\"name\":\"Luc\u00eda Mendoza\",\"@id\":\"https:\\\/\\\/aptent.es\\\/#\\\/schema\\\/person\\\/5e9d657a70106406ffe24157fe56418d\"},\"headline\":\"Entrevista a Domingo Pis\u00f3n usuario de accesibilidad y profesional del sector audiovisual\",\"datePublished\":\"2020-03-30T11:00:36+00:00\",\"mainEntityOfPage\":{\"@id\":\"https:\\\/\\\/aptent.es\\\/entrevista-a-domingo-pison-usuario-de-accesibilidad-y-profesional-del-sector-audiovisual\\\/\"},\"wordCount\":669,\"commentCount\":0,\"image\":{\"@id\":\"https:\\\/\\\/aptent.es\\\/entrevista-a-domingo-pison-usuario-de-accesibilidad-y-profesional-del-sector-audiovisual\\\/#primaryimage\"},\"thumbnailUrl\":\"https:\\\/\\\/aptent.es\\\/wp-content\\\/uploads\\\/2020\\\/03\\\/IMG-20190519-WA0003.jpg\",\"keywords\":[\"Accesibilidad\",\"Accesibilidad a la comunicaci\u00f3n\",\"Accesibilidad Audiovisual\",\"Aptent\",\"Lengua de Signos\",\"Nuevas tecnolog\u00edas\",\"Subtitulado\",\"Teatro Accesible\"],\"articleSection\":[\"Accesibilidad a la comunicaci\u00f3n\",\"Entrevistas\"],\"inLanguage\":\"gl-ES\",\"potentialAction\":[{\"@type\":\"CommentAction\",\"name\":\"Comment\",\"target\":[\"https:\\\/\\\/aptent.es\\\/entrevista-a-domingo-pison-usuario-de-accesibilidad-y-profesional-del-sector-audiovisual\\\/#respond\"]}]},{\"@type\":\"WebPage\",\"@id\":\"https:\\\/\\\/aptent.es\\\/entrevista-a-domingo-pison-usuario-de-accesibilidad-y-profesional-del-sector-audiovisual\\\/\",\"url\":\"https:\\\/\\\/aptent.es\\\/entrevista-a-domingo-pison-usuario-de-accesibilidad-y-profesional-del-sector-audiovisual\\\/\",\"name\":\"Entrevista a Domingo Pis\u00f3n usuario de accesibilidad y profesional del sector audiovisual - Aptent Soluciones. Subtitulado y audiodescripci\u00f3n.\",\"isPartOf\":{\"@id\":\"https:\\\/\\\/aptent.es\\\/#website\"},\"primaryImageOfPage\":{\"@id\":\"https:\\\/\\\/aptent.es\\\/entrevista-a-domingo-pison-usuario-de-accesibilidad-y-profesional-del-sector-audiovisual\\\/#primaryimage\"},\"image\":{\"@id\":\"https:\\\/\\\/aptent.es\\\/entrevista-a-domingo-pison-usuario-de-accesibilidad-y-profesional-del-sector-audiovisual\\\/#primaryimage\"},\"thumbnailUrl\":\"https:\\\/\\\/aptent.es\\\/wp-content\\\/uploads\\\/2020\\\/03\\\/IMG-20190519-WA0003.jpg\",\"datePublished\":\"2020-03-30T11:00:36+00:00\",\"author\":{\"@id\":\"https:\\\/\\\/aptent.es\\\/#\\\/schema\\\/person\\\/5e9d657a70106406ffe24157fe56418d\"},\"breadcrumb\":{\"@id\":\"https:\\\/\\\/aptent.es\\\/entrevista-a-domingo-pison-usuario-de-accesibilidad-y-profesional-del-sector-audiovisual\\\/#breadcrumb\"},\"inLanguage\":\"gl-ES\",\"potentialAction\":[{\"@type\":\"ReadAction\",\"target\":[\"https:\\\/\\\/aptent.es\\\/entrevista-a-domingo-pison-usuario-de-accesibilidad-y-profesional-del-sector-audiovisual\\\/\"]}]},{\"@type\":\"ImageObject\",\"inLanguage\":\"gl-ES\",\"@id\":\"https:\\\/\\\/aptent.es\\\/entrevista-a-domingo-pison-usuario-de-accesibilidad-y-profesional-del-sector-audiovisual\\\/#primaryimage\",\"url\":\"https:\\\/\\\/aptent.es\\\/wp-content\\\/uploads\\\/2020\\\/03\\\/IMG-20190519-WA0003.jpg\",\"contentUrl\":\"https:\\\/\\\/aptent.es\\\/wp-content\\\/uploads\\\/2020\\\/03\\\/IMG-20190519-WA0003.jpg\",\"width\":1600,\"height\":1066},{\"@type\":\"BreadcrumbList\",\"@id\":\"https:\\\/\\\/aptent.es\\\/entrevista-a-domingo-pison-usuario-de-accesibilidad-y-profesional-del-sector-audiovisual\\\/#breadcrumb\",\"itemListElement\":[{\"@type\":\"ListItem\",\"position\":1,\"name\":\"Portada\",\"item\":\"https:\\\/\\\/aptent.es\\\/gl\\\/\"},{\"@type\":\"ListItem\",\"position\":2,\"name\":\"Entrevista a Domingo Pis\u00f3n usuario de accesibilidad y profesional del sector audiovisual\"}]},{\"@type\":\"WebSite\",\"@id\":\"https:\\\/\\\/aptent.es\\\/#website\",\"url\":\"https:\\\/\\\/aptent.es\\\/\",\"name\":\"Aptent Soluciones. Subtitulado y audiodescripci\u00f3n.\",\"description\":\"Empresa de tecnolog\u00eda y accesibilidad en la comunicaci\u00f3n. Subtitulado para sordos en directo, traducci\u00f3n, audiodescripci\u00f3n, sistema FM y bucle magn\u00e9tico.\",\"potentialAction\":[{\"@type\":\"SearchAction\",\"target\":{\"@type\":\"EntryPoint\",\"urlTemplate\":\"https:\\\/\\\/aptent.es\\\/?s={search_term_string}\"},\"query-input\":{\"@type\":\"PropertyValueSpecification\",\"valueRequired\":true,\"valueName\":\"search_term_string\"}}],\"inLanguage\":\"gl-ES\"},{\"@type\":\"Person\",\"@id\":\"https:\\\/\\\/aptent.es\\\/#\\\/schema\\\/person\\\/5e9d657a70106406ffe24157fe56418d\",\"name\":\"Luc\u00eda Mendoza\",\"image\":{\"@type\":\"ImageObject\",\"inLanguage\":\"gl-ES\",\"@id\":\"https:\\\/\\\/secure.gravatar.com\\\/avatar\\\/64937fae4687742a82e0f0e3c8b4feb4cadae5553982290315aeb2705ee50825?s=96&d=mm&r=g\",\"url\":\"https:\\\/\\\/secure.gravatar.com\\\/avatar\\\/64937fae4687742a82e0f0e3c8b4feb4cadae5553982290315aeb2705ee50825?s=96&d=mm&r=g\",\"contentUrl\":\"https:\\\/\\\/secure.gravatar.com\\\/avatar\\\/64937fae4687742a82e0f0e3c8b4feb4cadae5553982290315aeb2705ee50825?s=96&d=mm&r=g\",\"caption\":\"Luc\u00eda Mendoza\"}}]}<\/script>\n<!-- \/ Yoast SEO plugin. -->","yoast_head_json":{"title":"Entrevista a Domingo Pis\u00f3n usuario de accesibilidad y profesional del sector audiovisual - Aptent Soluciones. Subtitulado y audiodescripci\u00f3n.","robots":{"index":"index","follow":"follow","max-snippet":"max-snippet:-1","max-image-preview":"max-image-preview:large","max-video-preview":"max-video-preview:-1"},"canonical":"https:\/\/aptent.es\/entrevista-a-domingo-pison-usuario-de-accesibilidad-y-profesional-del-sector-audiovisual\/","og_locale":"gl_ES","og_type":"article","og_title":"Entrevista a Domingo Pis\u00f3n usuario de accesibilidad y profesional del sector audiovisual - Aptent Soluciones. Subtitulado y audiodescripci\u00f3n.","og_description":"Domingo Pis\u00f3n, usuario del subtitulado y la lengua de signos, amigo de Aptent desde sus inicios y trabajador del sector audiovisual, nos concedi\u00f3 una peque\u00f1a entrevista que nos ayuda a ver, como usuario y profesional, cu\u00e1l es la situaci\u00f3n actual de las medidas de accesibilidad en este sector. \u00bfEres consumidor de cine, televisi\u00f3n y contenidos [&hellip;]","og_url":"https:\/\/aptent.es\/entrevista-a-domingo-pison-usuario-de-accesibilidad-y-profesional-del-sector-audiovisual\/","og_site_name":"Aptent Soluciones. Subtitulado y audiodescripci\u00f3n.","article_published_time":"2020-03-30T11:00:36+00:00","og_image":[{"width":1600,"height":1066,"url":"https:\/\/aptent.es\/wp-content\/uploads\/2020\/03\/IMG-20190519-WA0003.jpg","type":"image\/jpeg"}],"author":"Luc\u00eda Mendoza","twitter_card":"summary_large_image","twitter_misc":{"Escrito por":"Luc\u00eda Mendoza","Tempo de lectura":"3 minutos"},"schema":{"@context":"https:\/\/schema.org","@graph":[{"@type":"Article","@id":"https:\/\/aptent.es\/entrevista-a-domingo-pison-usuario-de-accesibilidad-y-profesional-del-sector-audiovisual\/#article","isPartOf":{"@id":"https:\/\/aptent.es\/entrevista-a-domingo-pison-usuario-de-accesibilidad-y-profesional-del-sector-audiovisual\/"},"author":{"name":"Luc\u00eda Mendoza","@id":"https:\/\/aptent.es\/#\/schema\/person\/5e9d657a70106406ffe24157fe56418d"},"headline":"Entrevista a Domingo Pis\u00f3n usuario de accesibilidad y profesional del sector audiovisual","datePublished":"2020-03-30T11:00:36+00:00","mainEntityOfPage":{"@id":"https:\/\/aptent.es\/entrevista-a-domingo-pison-usuario-de-accesibilidad-y-profesional-del-sector-audiovisual\/"},"wordCount":669,"commentCount":0,"image":{"@id":"https:\/\/aptent.es\/entrevista-a-domingo-pison-usuario-de-accesibilidad-y-profesional-del-sector-audiovisual\/#primaryimage"},"thumbnailUrl":"https:\/\/aptent.es\/wp-content\/uploads\/2020\/03\/IMG-20190519-WA0003.jpg","keywords":["Accesibilidad","Accesibilidad a la comunicaci\u00f3n","Accesibilidad Audiovisual","Aptent","Lengua de Signos","Nuevas tecnolog\u00edas","Subtitulado","Teatro Accesible"],"articleSection":["Accesibilidad a la comunicaci\u00f3n","Entrevistas"],"inLanguage":"gl-ES","potentialAction":[{"@type":"CommentAction","name":"Comment","target":["https:\/\/aptent.es\/entrevista-a-domingo-pison-usuario-de-accesibilidad-y-profesional-del-sector-audiovisual\/#respond"]}]},{"@type":"WebPage","@id":"https:\/\/aptent.es\/entrevista-a-domingo-pison-usuario-de-accesibilidad-y-profesional-del-sector-audiovisual\/","url":"https:\/\/aptent.es\/entrevista-a-domingo-pison-usuario-de-accesibilidad-y-profesional-del-sector-audiovisual\/","name":"Entrevista a Domingo Pis\u00f3n usuario de accesibilidad y profesional del sector audiovisual - Aptent Soluciones. Subtitulado y audiodescripci\u00f3n.","isPartOf":{"@id":"https:\/\/aptent.es\/#website"},"primaryImageOfPage":{"@id":"https:\/\/aptent.es\/entrevista-a-domingo-pison-usuario-de-accesibilidad-y-profesional-del-sector-audiovisual\/#primaryimage"},"image":{"@id":"https:\/\/aptent.es\/entrevista-a-domingo-pison-usuario-de-accesibilidad-y-profesional-del-sector-audiovisual\/#primaryimage"},"thumbnailUrl":"https:\/\/aptent.es\/wp-content\/uploads\/2020\/03\/IMG-20190519-WA0003.jpg","datePublished":"2020-03-30T11:00:36+00:00","author":{"@id":"https:\/\/aptent.es\/#\/schema\/person\/5e9d657a70106406ffe24157fe56418d"},"breadcrumb":{"@id":"https:\/\/aptent.es\/entrevista-a-domingo-pison-usuario-de-accesibilidad-y-profesional-del-sector-audiovisual\/#breadcrumb"},"inLanguage":"gl-ES","potentialAction":[{"@type":"ReadAction","target":["https:\/\/aptent.es\/entrevista-a-domingo-pison-usuario-de-accesibilidad-y-profesional-del-sector-audiovisual\/"]}]},{"@type":"ImageObject","inLanguage":"gl-ES","@id":"https:\/\/aptent.es\/entrevista-a-domingo-pison-usuario-de-accesibilidad-y-profesional-del-sector-audiovisual\/#primaryimage","url":"https:\/\/aptent.es\/wp-content\/uploads\/2020\/03\/IMG-20190519-WA0003.jpg","contentUrl":"https:\/\/aptent.es\/wp-content\/uploads\/2020\/03\/IMG-20190519-WA0003.jpg","width":1600,"height":1066},{"@type":"BreadcrumbList","@id":"https:\/\/aptent.es\/entrevista-a-domingo-pison-usuario-de-accesibilidad-y-profesional-del-sector-audiovisual\/#breadcrumb","itemListElement":[{"@type":"ListItem","position":1,"name":"Portada","item":"https:\/\/aptent.es\/gl\/"},{"@type":"ListItem","position":2,"name":"Entrevista a Domingo Pis\u00f3n usuario de accesibilidad y profesional del sector audiovisual"}]},{"@type":"WebSite","@id":"https:\/\/aptent.es\/#website","url":"https:\/\/aptent.es\/","name":"Aptent Soluciones. Subtitulado y audiodescripci\u00f3n.","description":"Empresa de tecnolog\u00eda y accesibilidad en la comunicaci\u00f3n. Subtitulado para sordos en directo, traducci\u00f3n, audiodescripci\u00f3n, sistema FM y bucle magn\u00e9tico.","potentialAction":[{"@type":"SearchAction","target":{"@type":"EntryPoint","urlTemplate":"https:\/\/aptent.es\/?s={search_term_string}"},"query-input":{"@type":"PropertyValueSpecification","valueRequired":true,"valueName":"search_term_string"}}],"inLanguage":"gl-ES"},{"@type":"Person","@id":"https:\/\/aptent.es\/#\/schema\/person\/5e9d657a70106406ffe24157fe56418d","name":"Luc\u00eda Mendoza","image":{"@type":"ImageObject","inLanguage":"gl-ES","@id":"https:\/\/secure.gravatar.com\/avatar\/64937fae4687742a82e0f0e3c8b4feb4cadae5553982290315aeb2705ee50825?s=96&d=mm&r=g","url":"https:\/\/secure.gravatar.com\/avatar\/64937fae4687742a82e0f0e3c8b4feb4cadae5553982290315aeb2705ee50825?s=96&d=mm&r=g","contentUrl":"https:\/\/secure.gravatar.com\/avatar\/64937fae4687742a82e0f0e3c8b4feb4cadae5553982290315aeb2705ee50825?s=96&d=mm&r=g","caption":"Luc\u00eda Mendoza"}}]}},"_links":{"self":[{"href":"https:\/\/aptent.es\/gl\/wp-json\/wp\/v2\/posts\/7727","targetHints":{"allow":["GET"]}}],"collection":[{"href":"https:\/\/aptent.es\/gl\/wp-json\/wp\/v2\/posts"}],"about":[{"href":"https:\/\/aptent.es\/gl\/wp-json\/wp\/v2\/types\/post"}],"author":[{"embeddable":true,"href":"https:\/\/aptent.es\/gl\/wp-json\/wp\/v2\/users\/7"}],"replies":[{"embeddable":true,"href":"https:\/\/aptent.es\/gl\/wp-json\/wp\/v2\/comments?post=7727"}],"version-history":[{"count":0,"href":"https:\/\/aptent.es\/gl\/wp-json\/wp\/v2\/posts\/7727\/revisions"}],"wp:featuredmedia":[{"embeddable":true,"href":"https:\/\/aptent.es\/gl\/wp-json\/wp\/v2\/media\/6933"}],"wp:attachment":[{"href":"https:\/\/aptent.es\/gl\/wp-json\/wp\/v2\/media?parent=7727"}],"wp:term":[{"taxonomy":"category","embeddable":true,"href":"https:\/\/aptent.es\/gl\/wp-json\/wp\/v2\/categories?post=7727"},{"taxonomy":"post_tag","embeddable":true,"href":"https:\/\/aptent.es\/gl\/wp-json\/wp\/v2\/tags?post=7727"}],"curies":[{"name":"wp","href":"https:\/\/api.w.org\/{rel}","templated":true}]}}