{"id":7715,"date":"2020-07-31T11:54:06","date_gmt":"2020-07-31T09:54:06","guid":{"rendered":"https:\/\/aptent.es\/?p=5700"},"modified":"2024-05-24T13:58:54","modified_gmt":"2024-05-24T11:58:54","slug":"veranos-de-la-villa-2020","status":"publish","type":"post","link":"https:\/\/aptent.es\/gl\/veranos-de-la-villa-2020\/","title":{"rendered":"Veranos de la villa 2020"},"content":{"rendered":"<p dir=\"ltr\">Veranos de la Villa, el festival madrile\u00f1o de cultural que se lleva a cabo en el Centro Cultural Conde Duque, ha dado comienzo este 29 de julio, adapt\u00e1ndose a las condiciones especiales que atravesamos y ofreciendo no solo unas m\u00e1ximas medidas de seguridad, sino tambi\u00e9n una programaci\u00f3n accesible a todas las personas.<\/p>\n<p dir=\"ltr\">Un a\u00f1o m\u00e1s, Madrid destino trabaja intensamente para que la variedad de actuaciones est\u00e9n adaptadas a todos los p\u00fablicos, aplicando medidas de accesibilidad en todas las actuaciones del festival. \u00a0Han procurado que todos los espacios est\u00e9n adaptados para personas con movilidad reducida y, en general, sus espect\u00e1culos contar\u00e1n con la posibilidad de adquirir sistemas FM de ayuda auditiva (bucle magn\u00e9tico o los auriculares para un sonido amplificado). Alguno de ellos contar\u00e1n con medida de accesibilidad adicionales como la lengua de signos, el subtitulado o la audiodescripci\u00f3n.<\/p>\n<p dir=\"ltr\"><a href=\"https:\/\/www.veranosdelavilla.com\/es\/editorial\/informacion-de-accesibilidad\" target=\"_blank\" rel=\"noopener noreferrer\" data-cke-saved-href=\"https:\/\/www.veranosdelavilla.com\/es\/editorial\/informacion-de-accesibilidad\"><img loading=\"lazy\" decoding=\"async\" class=\"alignleft wp-image-5701\" src=\"https:\/\/aptent.es\/wp-content\/uploads\/2020\/07\/fondocartel-responsive.jpg\" alt=\"Dise\u00f1o moderno del Oso y el madro\u00f1o\" width=\"188\" height=\"194\" \/><\/a><\/p>\n<p><span style=\"font-weight: 400;\">Puedes consultar la programaci\u00f3n accesible completa en la web de\u00a0<a href=\"http:\/\/www.teatroaccesible.com\/es\/season\/filter?city=1&amp;theater=96\" target=\"_blank\" rel=\"noopener noreferrer\" data-cke-saved-href=\"http:\/\/www.teatroaccesible.com\/es\/season\/filter?city=1&amp;theater=96\">Teatro Accesible<\/a>\u00a0o directamente en la web de\u00a0<a href=\"https:\/\/www.veranosdelavilla.com\/es\/editorial\/informacion-de-accesibilidad\" target=\"_blank\" rel=\"noopener noreferrer\" data-cke-saved-href=\"https:\/\/www.veranosdelavilla.com\/es\/editorial\/informacion-de-accesibilidad\">Veranos de la Villa.\u00a0<\/a><\/span><\/p>\n<p>Para consultas sobre accesibilidad y reservas de grupos conctatar al siguiente mail:<br \/>\n<a href=\"mailto:reservasgrupos@madrid-destino.com\" data-cke-saved-href=\"mailto:reservasgrupos@madrid-destino.com\">reservasgrupos@madrid-destino.com<\/a><\/p>\n<p>&nbsp;<\/p>\n<p>&nbsp;<\/p>\n<p><span style=\"font-weight: 400;\">Est\u00e1 claro que en este festival la atracci\u00f3n principal es el baile, en todas sus variantes y vertientes. La primera semana del festival la inaugur\u00f3 la actuaci\u00f3n de la <\/span>Compa\u00f1\u00eda Nacional de Danza<span style=\"font-weight: 400;\">, que cont\u00f3 con la participaci\u00f3n especial de uno de sus m\u00e1s afamados bailarines, Joaqu\u00edn de la Luz. La danza flamenca tambi\u00e9n tendr\u00e1 cabida en este festival con la actuaci\u00f3n del <\/span><b><a href=\"https:\/\/www.veranosdelavilla.com\/es\/evento\/siete-golpes-y-un-camino\">Centro Coreogr\u00e1fico Mar\u00eda Pag\u00e9s de Fuenlabrada<\/a>, <\/b><span style=\"font-weight: 400;\">con la funci\u00f3n de <\/span><i><span style=\"font-weight: 400;\">Siete Golpes y un camino. <\/span><\/i><span style=\"font-weight: 400;\">\u00a0Adem\u00e1s de la ayuda auditiva estos espect\u00e1culos contar\u00e1n con audiodescripci\u00f3n para personas con discapacidad visual.\u00a0<\/span><\/p>\n<p><span style=\"font-weight: 400;\">Una modalidad de baile m\u00e1s urbano vendr\u00e1 de la mano de <\/span><a href=\"https:\/\/www.veranosdelavilla.com\/es\/evento\/atlas-map-of-moves\"><b>Dani Pannullo y DanceTheatre Co<\/b><\/a><span style=\"font-weight: 400;\">., con <\/span><i><span style=\"font-weight: 400;\">ATLAS, map of moves<\/span><\/i><span style=\"font-weight: 400;\">. Un baile vanguardista lleno de acrobacias y giros imposibles que no te puedes perder. Asimismo, <\/span><a href=\"https:\/\/www.veranosdelavilla.com\/es\/evento\/voguing-de-una-noche-de-verano\"><b><i>Voguing de una noche de verano <\/i><\/b><\/a><span style=\"font-weight: 400;\">espect\u00e1culo de la cultura ballroom, muy relacionada con las protestas antirracistas y en defensa del colectivo LGTBI+, tiene cabida en el festival donde se dar\u00e1 la oportunidad de participar en sus competiciones a pie de calle. Para reivindicar un baile m\u00e1s imaginativo, l estar\u00e1 <\/span><a href=\"https:\/\/www.veranosdelavilla.com\/es\/evento\/summertime\"><b>Aracaladanza <\/b><\/a><span style=\"font-weight: 400;\">ofreciendo un espect\u00e1culo lleno de magia y fantas\u00eda, <\/span><i><span style=\"font-weight: 400;\">Summertime<\/span><\/i><span style=\"font-weight: 400;\">. Todos estos espect\u00e1culos contar\u00e1n con servicio de ayuda auditiva (bucle magn\u00e9tico y sonido amplificado).<\/span><\/p>\n<p><span style=\"font-weight: 400;\">El fin de semana del 1 y 2 de agosto habr\u00e1 varias actuaciones dirigidas al p\u00fablico m\u00e1s joven en el <\/span><a href=\"https:\/\/www.veranosdelavilla.com\/es\/evento\/festival-diminuto\"><b>Festival Diminuto<\/b><\/a><span style=\"font-weight: 400;\">, donde participar\u00e1n artistas como <\/span>L\u00e9golas Colectivo Esc\u00e9nico Eugenia Manzanera<span style=\"font-weight: 400;\"> y Dania D\u00edaz. Los m\u00e1s peques podr\u00e1n disfrutar de todos los espect\u00e1culos mediante un int\u00e9rprete de lengua de signos.<\/span><\/p>\n<p><span style=\"font-weight: 400;\">La experiencia musical la traer\u00e1n artistas como <\/span><a href=\"https:\/\/www.veranosdelavilla.com\/es\/evento\/lina-y-raul-refree\"><b>Lina y Ra\u00fcl Refree<\/b><\/a><span style=\"font-weight: 400;\">, el <\/span><b><a href=\"https:\/\/www.veranosdelavilla.com\/es\/evento\/petit-pop\">Petit Pop<\/a>, <\/b><span style=\"font-weight: 400;\">\u00a0<\/span><b><a href=\"https:\/\/www.veranosdelavilla.com\/es\/buscar?texto=Le+Parody%2C\">Baiuca y Le Parody<\/a>, <\/b><span style=\"font-weight: 400;\">\u00a0<\/span><b><a href=\"https:\/\/www.veranosdelavilla.com\/es\/evento\/el-bello-verano\">Cari\u00f1o y Confeti de odio <\/a><\/b>y muchos m\u00e1s<b>. <\/b><span style=\"font-weight: 400;\">Todas las actuaciones musicales contar\u00e1n con sonido amplificado y bucle magn\u00e9tico.<\/span><\/p>\n<p><span style=\"font-weight: 400;\">Las funciones teatrales accesibles tambi\u00e9n tendr\u00e1n cabida en este festival con producciones como la de <\/span><a href=\"https:\/\/www.veranosdelavilla.com\/es\/evento\/el-diablo-cojuelo\"><b>La Radical Teatro<\/b><\/a><span style=\"font-weight: 400;\"> y su obra <\/span><i><span style=\"font-weight: 400;\">El diablo cojuelo<\/span><\/i><span style=\"font-weight: 400;\">, un cl\u00e1sico de Luis V\u00e9lez de Guevara. Asimismo, <\/span><a href=\"https:\/\/www.veranosdelavilla.com\/es\/evento\/la-corte-de-faraon\"><b>Negrito producciones<\/b><\/a><span style=\"font-weight: 400;\"> llevar\u00e1 a los escenarios una zarzuela m\u00e1s actualizada de la obra <\/span><i><span style=\"font-weight: 400;\">La corte de Fara\u00f3n<\/span><\/i><span style=\"font-weight: 400;\">, de Guillermo Perr\u00edn y Miguel de Palacios, que estar\u00e1 disponible tambi\u00e9n con audiodescripci\u00f3n y subtitulado.\u00a0<\/span><span style=\"font-weight: 400;\">El espect\u00e1culo circense vendr\u00e1 de la mano de actuaciones como la de <\/span><a href=\"https:\/\/www.veranosdelavilla.com\/es\/evento\/circo-conde-duque-1\"><b>Circo Deriva<\/b><\/a><span style=\"font-weight: 400;\"> y<\/span><a href=\"https:\/\/www.veranosdelavilla.com\/es\/evento\/circo-conde-duque-2\"><b> Puntocero Company <\/b><\/a><span style=\"font-weight: 400;\">que tambi\u00e9n contar\u00e1n con servicios de ayuda auditiva.\u00a0<\/span><\/p>\n<p><span style=\"font-weight: 400;\">El cine tampoco escapa de los encantos de este festival, por un lado se proyectar\u00e1n la producci\u00f3n de <\/span><a href=\"https:\/\/www.veranosdelavilla.com\/es\/evento\/aquel-verano-del-95\"><b>Montxo Armend\u00e1riz<\/b><\/a><span style=\"font-weight: 400;\">,<\/span><i><span style=\"font-weight: 400;\"> Historias del Kronen<\/span><\/i><span style=\"font-weight: 400;\">, y se llevar\u00e1 a cabo el encuentro <\/span><a href=\"https:\/\/www.veranosdelavilla.com\/es\/evento\/madrid-camara-en-mano\"><b>Madrid, c\u00e1m<\/b><\/a><a href=\"https:\/\/www.veranosdelavilla.com\/es\/evento\/madrid-camara-en-mano\"><b>ara en man<\/b><\/a><a href=\"https:\/\/www.veranosdelavilla.com\/es\/evento\/madrid-camara-en-mano\"><b>o<\/b><\/a><span style=\"font-weight: 400;\"><em>,<\/em> donde se hablar\u00e1 de Madrid como plat\u00f3 de cine. La proyecci\u00f3n contar\u00e1 con subtitulado y el encuentro con int\u00e9rprete de lengua de signos.\u00a0<\/span><\/p>\n<p><span style=\"font-weight: 400;\">Por \u00faltimo, el festival dar\u00e1 la oportunidad de hacer una <strong><a href=\"https:\/\/www.veranosdelavilla.com\/es\/evento\/un-espacio-para-recordar\">Visita guiada al Cuartel de Conde Duque<\/a><\/strong>, donde se explorar\u00e1n uno de los edificios m\u00e1s antiguos y con m\u00e1s historia de la ciudad. Para hacer la visita es imprescindible hacer una reserva previa a <\/span><a href=\"mailto:reservasgrupos@madrid-destino.com\"><span style=\"font-weight: 400;\">reservasgrupos@madrid-destino.com<\/span><\/a><span style=\"font-weight: 400;\">.\u00a0<\/span><\/p>\n<p><span style=\"font-weight: 400;\">Para una clausura \u00e9pica y extraordinaria, el festival despide su programaci\u00f3n con <\/span><span style=\"font-weight: 400;\">la actuaci\u00f3n estelar, de <\/span><a href=\"https:\/\/www.veranosdelavilla.com\/es\/evento\/carmen-linares-cantaora\"><b>Carmen Linares<\/b><\/a><span style=\"font-weight: 400;\">, \u00fanica mujer del arte flamenco ganadora de un Premio Nacional de M\u00fasica (2001).<\/span><\/p>\n","protected":false},"excerpt":{"rendered":"<p>Veranos de la Villa, el festival madrile\u00f1o de cultural que se lleva a cabo en el Centro Cultural Conde Duque, ha dado comienzo este 29 de julio, adapt\u00e1ndose a las condiciones especiales que atravesamos y ofreciendo no solo unas m\u00e1ximas medidas de seguridad, sino tambi\u00e9n una programaci\u00f3n accesible a todas las personas. Un a\u00f1o m\u00e1s, [&hellip;]<\/p>\n","protected":false},"author":7,"featured_media":6873,"comment_status":"open","ping_status":"open","sticky":false,"template":"","format":"standard","meta":{"_et_pb_use_builder":"","_et_pb_old_content":"","_et_gb_content_width":"","footnotes":""},"categories":[81,126],"tags":[18,102,19,156,35,114,25,186,30,133,84,171,144,43,31,120,130,24,104,39],"class_list":["post-7715","post","type-post","status-publish","format-standard","has-post-thumbnail","hentry","category-eventos","category-teatro-accesible","tag-accesibilidad","tag-accesibilidad-a-la-comunicacion","tag-accesibilidad-audiovisual","tag-accesibilidad-cognitiva","tag-aptent","tag-artes-escenicas","tag-audiodescripcion","tag-ayuda-auditiva","tag-bucle-magnetico","tag-cultura","tag-discapacidad","tag-discapacidad-auditiva","tag-discapacidad-visual","tag-eventos","tag-eventos-accesibles","tag-implante-coclear","tag-inclusion","tag-lengua-de-signos","tag-personas-con-discapacidad","tag-teatro-accesible"],"yoast_head":"<!-- This site is optimized with the Yoast SEO plugin v27.5 - https:\/\/yoast.com\/product\/yoast-seo-wordpress\/ -->\n<title>Veranos de la villa 2020 - Aptent Soluciones. Subtitulado y audiodescripci\u00f3n.<\/title>\n<meta name=\"robots\" content=\"index, follow, max-snippet:-1, max-image-preview:large, max-video-preview:-1\" \/>\n<link rel=\"canonical\" href=\"https:\/\/aptent.es\/veranos-de-la-villa-2020\/\" \/>\n<meta property=\"og:locale\" content=\"gl_ES\" \/>\n<meta property=\"og:type\" content=\"article\" \/>\n<meta property=\"og:title\" content=\"Veranos de la villa 2020 - Aptent Soluciones. Subtitulado y audiodescripci\u00f3n.\" \/>\n<meta property=\"og:description\" content=\"Veranos de la Villa, el festival madrile\u00f1o de cultural que se lleva a cabo en el Centro Cultural Conde Duque, ha dado comienzo este 29 de julio, adapt\u00e1ndose a las condiciones especiales que atravesamos y ofreciendo no solo unas m\u00e1ximas medidas de seguridad, sino tambi\u00e9n una programaci\u00f3n accesible a todas las personas. Un a\u00f1o m\u00e1s, [&hellip;]\" \/>\n<meta property=\"og:url\" content=\"https:\/\/aptent.es\/veranos-de-la-villa-2020\/\" \/>\n<meta property=\"og:site_name\" content=\"Aptent Soluciones. Subtitulado y audiodescripci\u00f3n.\" \/>\n<meta property=\"article:published_time\" content=\"2020-07-31T09:54:06+00:00\" \/>\n<meta property=\"article:modified_time\" content=\"2024-05-24T11:58:54+00:00\" \/>\n<meta property=\"og:image\" content=\"https:\/\/aptent.es\/wp-content\/uploads\/2020\/07\/veranos.jpg\" \/>\n\t<meta property=\"og:image:width\" content=\"1250\" \/>\n\t<meta property=\"og:image:height\" content=\"703\" \/>\n\t<meta property=\"og:image:type\" content=\"image\/jpeg\" \/>\n<meta name=\"author\" content=\"Luc\u00eda Mendoza\" \/>\n<meta name=\"twitter:card\" content=\"summary_large_image\" \/>\n<meta name=\"twitter:label1\" content=\"Escrito por\" \/>\n\t<meta name=\"twitter:data1\" content=\"Luc\u00eda Mendoza\" \/>\n\t<meta name=\"twitter:label2\" content=\"Tempo de lectura\" \/>\n\t<meta name=\"twitter:data2\" content=\"4 minutos\" \/>\n<script type=\"application\/ld+json\" class=\"yoast-schema-graph\">{\"@context\":\"https:\\\/\\\/schema.org\",\"@graph\":[{\"@type\":\"Article\",\"@id\":\"https:\\\/\\\/aptent.es\\\/veranos-de-la-villa-2020\\\/#article\",\"isPartOf\":{\"@id\":\"https:\\\/\\\/aptent.es\\\/veranos-de-la-villa-2020\\\/\"},\"author\":{\"name\":\"Luc\u00eda Mendoza\",\"@id\":\"https:\\\/\\\/aptent.es\\\/#\\\/schema\\\/person\\\/5e9d657a70106406ffe24157fe56418d\"},\"headline\":\"Veranos de la villa 2020\",\"datePublished\":\"2020-07-31T09:54:06+00:00\",\"dateModified\":\"2024-05-24T11:58:54+00:00\",\"mainEntityOfPage\":{\"@id\":\"https:\\\/\\\/aptent.es\\\/veranos-de-la-villa-2020\\\/\"},\"wordCount\":773,\"commentCount\":0,\"image\":{\"@id\":\"https:\\\/\\\/aptent.es\\\/veranos-de-la-villa-2020\\\/#primaryimage\"},\"thumbnailUrl\":\"https:\\\/\\\/aptent.es\\\/wp-content\\\/uploads\\\/2020\\\/07\\\/veranos.jpg\",\"keywords\":[\"Accesibilidad\",\"Accesibilidad a la comunicaci\u00f3n\",\"Accesibilidad Audiovisual\",\"accesibilidad cognitiva\",\"Aptent\",\"artes esc\u00e9nicas\",\"Audiodescripci\u00f3n\",\"ayuda auditiva\",\"Bucle magn\u00e9tico\",\"cultura\",\"discapacidad\",\"DISCAPACIDAD AUDITIVA\",\"discapacidad visual\",\"Eventos\",\"Eventos Accesibles\",\"implante coclear\",\"Inclusi\u00f3n\",\"Lengua de Signos\",\"personas con discapacidad\",\"Teatro Accesible\"],\"articleSection\":[\"Eventos\",\"Teatro Accesible\"],\"inLanguage\":\"gl-ES\",\"potentialAction\":[{\"@type\":\"CommentAction\",\"name\":\"Comment\",\"target\":[\"https:\\\/\\\/aptent.es\\\/veranos-de-la-villa-2020\\\/#respond\"]}]},{\"@type\":\"WebPage\",\"@id\":\"https:\\\/\\\/aptent.es\\\/veranos-de-la-villa-2020\\\/\",\"url\":\"https:\\\/\\\/aptent.es\\\/veranos-de-la-villa-2020\\\/\",\"name\":\"Veranos de la villa 2020 - Aptent Soluciones. Subtitulado y audiodescripci\u00f3n.\",\"isPartOf\":{\"@id\":\"https:\\\/\\\/aptent.es\\\/#website\"},\"primaryImageOfPage\":{\"@id\":\"https:\\\/\\\/aptent.es\\\/veranos-de-la-villa-2020\\\/#primaryimage\"},\"image\":{\"@id\":\"https:\\\/\\\/aptent.es\\\/veranos-de-la-villa-2020\\\/#primaryimage\"},\"thumbnailUrl\":\"https:\\\/\\\/aptent.es\\\/wp-content\\\/uploads\\\/2020\\\/07\\\/veranos.jpg\",\"datePublished\":\"2020-07-31T09:54:06+00:00\",\"dateModified\":\"2024-05-24T11:58:54+00:00\",\"author\":{\"@id\":\"https:\\\/\\\/aptent.es\\\/#\\\/schema\\\/person\\\/5e9d657a70106406ffe24157fe56418d\"},\"breadcrumb\":{\"@id\":\"https:\\\/\\\/aptent.es\\\/veranos-de-la-villa-2020\\\/#breadcrumb\"},\"inLanguage\":\"gl-ES\",\"potentialAction\":[{\"@type\":\"ReadAction\",\"target\":[\"https:\\\/\\\/aptent.es\\\/veranos-de-la-villa-2020\\\/\"]}]},{\"@type\":\"ImageObject\",\"inLanguage\":\"gl-ES\",\"@id\":\"https:\\\/\\\/aptent.es\\\/veranos-de-la-villa-2020\\\/#primaryimage\",\"url\":\"https:\\\/\\\/aptent.es\\\/wp-content\\\/uploads\\\/2020\\\/07\\\/veranos.jpg\",\"contentUrl\":\"https:\\\/\\\/aptent.es\\\/wp-content\\\/uploads\\\/2020\\\/07\\\/veranos.jpg\",\"width\":1250,\"height\":703},{\"@type\":\"BreadcrumbList\",\"@id\":\"https:\\\/\\\/aptent.es\\\/veranos-de-la-villa-2020\\\/#breadcrumb\",\"itemListElement\":[{\"@type\":\"ListItem\",\"position\":1,\"name\":\"Portada\",\"item\":\"https:\\\/\\\/aptent.es\\\/gl\\\/\"},{\"@type\":\"ListItem\",\"position\":2,\"name\":\"Veranos de la villa 2020\"}]},{\"@type\":\"WebSite\",\"@id\":\"https:\\\/\\\/aptent.es\\\/#website\",\"url\":\"https:\\\/\\\/aptent.es\\\/\",\"name\":\"Aptent Soluciones. Subtitulado y audiodescripci\u00f3n.\",\"description\":\"Empresa de tecnolog\u00eda y accesibilidad en la comunicaci\u00f3n. Subtitulado para sordos en directo, traducci\u00f3n, audiodescripci\u00f3n, sistema FM y bucle magn\u00e9tico.\",\"potentialAction\":[{\"@type\":\"SearchAction\",\"target\":{\"@type\":\"EntryPoint\",\"urlTemplate\":\"https:\\\/\\\/aptent.es\\\/?s={search_term_string}\"},\"query-input\":{\"@type\":\"PropertyValueSpecification\",\"valueRequired\":true,\"valueName\":\"search_term_string\"}}],\"inLanguage\":\"gl-ES\"},{\"@type\":\"Person\",\"@id\":\"https:\\\/\\\/aptent.es\\\/#\\\/schema\\\/person\\\/5e9d657a70106406ffe24157fe56418d\",\"name\":\"Luc\u00eda Mendoza\",\"image\":{\"@type\":\"ImageObject\",\"inLanguage\":\"gl-ES\",\"@id\":\"https:\\\/\\\/secure.gravatar.com\\\/avatar\\\/64937fae4687742a82e0f0e3c8b4feb4cadae5553982290315aeb2705ee50825?s=96&d=mm&r=g\",\"url\":\"https:\\\/\\\/secure.gravatar.com\\\/avatar\\\/64937fae4687742a82e0f0e3c8b4feb4cadae5553982290315aeb2705ee50825?s=96&d=mm&r=g\",\"contentUrl\":\"https:\\\/\\\/secure.gravatar.com\\\/avatar\\\/64937fae4687742a82e0f0e3c8b4feb4cadae5553982290315aeb2705ee50825?s=96&d=mm&r=g\",\"caption\":\"Luc\u00eda Mendoza\"}}]}<\/script>\n<!-- \/ Yoast SEO plugin. -->","yoast_head_json":{"title":"Veranos de la villa 2020 - Aptent Soluciones. Subtitulado y audiodescripci\u00f3n.","robots":{"index":"index","follow":"follow","max-snippet":"max-snippet:-1","max-image-preview":"max-image-preview:large","max-video-preview":"max-video-preview:-1"},"canonical":"https:\/\/aptent.es\/veranos-de-la-villa-2020\/","og_locale":"gl_ES","og_type":"article","og_title":"Veranos de la villa 2020 - Aptent Soluciones. Subtitulado y audiodescripci\u00f3n.","og_description":"Veranos de la Villa, el festival madrile\u00f1o de cultural que se lleva a cabo en el Centro Cultural Conde Duque, ha dado comienzo este 29 de julio, adapt\u00e1ndose a las condiciones especiales que atravesamos y ofreciendo no solo unas m\u00e1ximas medidas de seguridad, sino tambi\u00e9n una programaci\u00f3n accesible a todas las personas. Un a\u00f1o m\u00e1s, [&hellip;]","og_url":"https:\/\/aptent.es\/veranos-de-la-villa-2020\/","og_site_name":"Aptent Soluciones. Subtitulado y audiodescripci\u00f3n.","article_published_time":"2020-07-31T09:54:06+00:00","article_modified_time":"2024-05-24T11:58:54+00:00","og_image":[{"width":1250,"height":703,"url":"https:\/\/aptent.es\/wp-content\/uploads\/2020\/07\/veranos.jpg","type":"image\/jpeg"}],"author":"Luc\u00eda Mendoza","twitter_card":"summary_large_image","twitter_misc":{"Escrito por":"Luc\u00eda Mendoza","Tempo de lectura":"4 minutos"},"schema":{"@context":"https:\/\/schema.org","@graph":[{"@type":"Article","@id":"https:\/\/aptent.es\/veranos-de-la-villa-2020\/#article","isPartOf":{"@id":"https:\/\/aptent.es\/veranos-de-la-villa-2020\/"},"author":{"name":"Luc\u00eda Mendoza","@id":"https:\/\/aptent.es\/#\/schema\/person\/5e9d657a70106406ffe24157fe56418d"},"headline":"Veranos de la villa 2020","datePublished":"2020-07-31T09:54:06+00:00","dateModified":"2024-05-24T11:58:54+00:00","mainEntityOfPage":{"@id":"https:\/\/aptent.es\/veranos-de-la-villa-2020\/"},"wordCount":773,"commentCount":0,"image":{"@id":"https:\/\/aptent.es\/veranos-de-la-villa-2020\/#primaryimage"},"thumbnailUrl":"https:\/\/aptent.es\/wp-content\/uploads\/2020\/07\/veranos.jpg","keywords":["Accesibilidad","Accesibilidad a la comunicaci\u00f3n","Accesibilidad Audiovisual","accesibilidad cognitiva","Aptent","artes esc\u00e9nicas","Audiodescripci\u00f3n","ayuda auditiva","Bucle magn\u00e9tico","cultura","discapacidad","DISCAPACIDAD AUDITIVA","discapacidad visual","Eventos","Eventos Accesibles","implante coclear","Inclusi\u00f3n","Lengua de Signos","personas con discapacidad","Teatro Accesible"],"articleSection":["Eventos","Teatro Accesible"],"inLanguage":"gl-ES","potentialAction":[{"@type":"CommentAction","name":"Comment","target":["https:\/\/aptent.es\/veranos-de-la-villa-2020\/#respond"]}]},{"@type":"WebPage","@id":"https:\/\/aptent.es\/veranos-de-la-villa-2020\/","url":"https:\/\/aptent.es\/veranos-de-la-villa-2020\/","name":"Veranos de la villa 2020 - Aptent Soluciones. Subtitulado y audiodescripci\u00f3n.","isPartOf":{"@id":"https:\/\/aptent.es\/#website"},"primaryImageOfPage":{"@id":"https:\/\/aptent.es\/veranos-de-la-villa-2020\/#primaryimage"},"image":{"@id":"https:\/\/aptent.es\/veranos-de-la-villa-2020\/#primaryimage"},"thumbnailUrl":"https:\/\/aptent.es\/wp-content\/uploads\/2020\/07\/veranos.jpg","datePublished":"2020-07-31T09:54:06+00:00","dateModified":"2024-05-24T11:58:54+00:00","author":{"@id":"https:\/\/aptent.es\/#\/schema\/person\/5e9d657a70106406ffe24157fe56418d"},"breadcrumb":{"@id":"https:\/\/aptent.es\/veranos-de-la-villa-2020\/#breadcrumb"},"inLanguage":"gl-ES","potentialAction":[{"@type":"ReadAction","target":["https:\/\/aptent.es\/veranos-de-la-villa-2020\/"]}]},{"@type":"ImageObject","inLanguage":"gl-ES","@id":"https:\/\/aptent.es\/veranos-de-la-villa-2020\/#primaryimage","url":"https:\/\/aptent.es\/wp-content\/uploads\/2020\/07\/veranos.jpg","contentUrl":"https:\/\/aptent.es\/wp-content\/uploads\/2020\/07\/veranos.jpg","width":1250,"height":703},{"@type":"BreadcrumbList","@id":"https:\/\/aptent.es\/veranos-de-la-villa-2020\/#breadcrumb","itemListElement":[{"@type":"ListItem","position":1,"name":"Portada","item":"https:\/\/aptent.es\/gl\/"},{"@type":"ListItem","position":2,"name":"Veranos de la villa 2020"}]},{"@type":"WebSite","@id":"https:\/\/aptent.es\/#website","url":"https:\/\/aptent.es\/","name":"Aptent Soluciones. Subtitulado y audiodescripci\u00f3n.","description":"Empresa de tecnolog\u00eda y accesibilidad en la comunicaci\u00f3n. Subtitulado para sordos en directo, traducci\u00f3n, audiodescripci\u00f3n, sistema FM y bucle magn\u00e9tico.","potentialAction":[{"@type":"SearchAction","target":{"@type":"EntryPoint","urlTemplate":"https:\/\/aptent.es\/?s={search_term_string}"},"query-input":{"@type":"PropertyValueSpecification","valueRequired":true,"valueName":"search_term_string"}}],"inLanguage":"gl-ES"},{"@type":"Person","@id":"https:\/\/aptent.es\/#\/schema\/person\/5e9d657a70106406ffe24157fe56418d","name":"Luc\u00eda Mendoza","image":{"@type":"ImageObject","inLanguage":"gl-ES","@id":"https:\/\/secure.gravatar.com\/avatar\/64937fae4687742a82e0f0e3c8b4feb4cadae5553982290315aeb2705ee50825?s=96&d=mm&r=g","url":"https:\/\/secure.gravatar.com\/avatar\/64937fae4687742a82e0f0e3c8b4feb4cadae5553982290315aeb2705ee50825?s=96&d=mm&r=g","contentUrl":"https:\/\/secure.gravatar.com\/avatar\/64937fae4687742a82e0f0e3c8b4feb4cadae5553982290315aeb2705ee50825?s=96&d=mm&r=g","caption":"Luc\u00eda Mendoza"}}]}},"_links":{"self":[{"href":"https:\/\/aptent.es\/gl\/wp-json\/wp\/v2\/posts\/7715","targetHints":{"allow":["GET"]}}],"collection":[{"href":"https:\/\/aptent.es\/gl\/wp-json\/wp\/v2\/posts"}],"about":[{"href":"https:\/\/aptent.es\/gl\/wp-json\/wp\/v2\/types\/post"}],"author":[{"embeddable":true,"href":"https:\/\/aptent.es\/gl\/wp-json\/wp\/v2\/users\/7"}],"replies":[{"embeddable":true,"href":"https:\/\/aptent.es\/gl\/wp-json\/wp\/v2\/comments?post=7715"}],"version-history":[{"count":1,"href":"https:\/\/aptent.es\/gl\/wp-json\/wp\/v2\/posts\/7715\/revisions"}],"predecessor-version":[{"id":8731,"href":"https:\/\/aptent.es\/gl\/wp-json\/wp\/v2\/posts\/7715\/revisions\/8731"}],"wp:featuredmedia":[{"embeddable":true,"href":"https:\/\/aptent.es\/gl\/wp-json\/wp\/v2\/media\/6873"}],"wp:attachment":[{"href":"https:\/\/aptent.es\/gl\/wp-json\/wp\/v2\/media?parent=7715"}],"wp:term":[{"taxonomy":"category","embeddable":true,"href":"https:\/\/aptent.es\/gl\/wp-json\/wp\/v2\/categories?post=7715"},{"taxonomy":"post_tag","embeddable":true,"href":"https:\/\/aptent.es\/gl\/wp-json\/wp\/v2\/tags?post=7715"}],"curies":[{"name":"wp","href":"https:\/\/api.w.org\/{rel}","templated":true}]}}