{"id":7681,"date":"2021-06-10T14:17:02","date_gmt":"2021-06-10T12:17:02","guid":{"rendered":"https:\/\/aptent.es\/?p=5966"},"modified":"2024-05-24T13:45:46","modified_gmt":"2024-05-24T11:45:46","slug":"cooltural-go-el-ciclo-de-conciertos-que-apuesta-por-la-accesibilidad-cultural-en-almeria","status":"publish","type":"post","link":"https:\/\/aptent.es\/gl\/cooltural-go-el-ciclo-de-conciertos-que-apuesta-por-la-accesibilidad-cultural-en-almeria\/","title":{"rendered":"Cooltural Go!, el ciclo de conciertos que apuesta por la accesibilidad cultural en Almer\u00eda"},"content":{"rendered":"<p><strong>\u25cf Hasta\u00a0el 19 de septiembre se extiende la programaci\u00f3n de\u00a0<em>Cooltural Go!<\/em>, ciclo de\u00a0conciertos, comediantes, secret shows y rutas gastromusicales organizadas por la\u00a0<em>Fundaci\u00f3n\u00a0Music\u00a0for All.<\/em><br \/>\n\u25cf Personas con diversidad podr\u00e1n disfrutar de la m\u00fasica sin barreras mediante la incorporaci\u00f3n de subtitulado, lengua de signos, mochilas vibratorias y bucle magn\u00e9tico, entre otras medidas de accesibilidad.<br \/>\n\u25cf Los espect\u00e1culos se realizar\u00e1n en el Recinto Ferial y el Mes\u00f3n Gitano de Almer\u00eda.<\/strong><\/p>\n<p>Cooltural Go! es un ciclo de conciertos que trasciende el \u00e1mbito netamente art\u00edstico y se configura como un espacio que persigue la plena inclusi\u00f3n, la igualdad de g\u00e9nero y la sostenibilidad. Organizado por la Fundaci\u00f3n Music for All, es un proyecto de inclusi\u00f3n, integraci\u00f3n y normalizaci\u00f3n a trav\u00e9s de la m\u00fasica en el que personas con discapacidad y\/o diversidad funcional pueden disfrutar de la m\u00fasica y donde tambi\u00e9n, la m\u00fasica incorpora el potencial creativo de las personas con capacidades diversas.<\/p>\n<p>Los conciertos de Carlos Sadness y Amaral el pr\u00f3ximo 5 y 20 de junio respectivamente, Ivan Ferreiro el 7 de julio, la comediante Martita de Gran\u00e1 el 11 de julio, Miss Caffeina el 7 de agosto y el grupo espa\u00f1ol de rock indie Love of Lesbian el 15 de septiembre &#8211;entre otros&#8211; contar\u00e1n con subtitulado integrado apto para personas con discapacidad auditiva. Este subtitulado ser\u00e1 incorporado acorde a la norma UNE 153010:2012 que regula la subtitulaci\u00f3n para personas sordas en Espa\u00f1a y se realizar\u00e1 a trav\u00e9s de la plataforma STARTIT de la empresa dedicada a la accesibilidad universal en el \u00e1mbito cultural, corporativo y educacional, Aptent Soluciones.<\/p>\n<p>Paralelamente, los espect\u00e1culos del Cooltural Go! contar\u00e1n con sistema led de traducci\u00f3n sonora, mochilas vibratorias, lengua de signos espa\u00f1ola (LSE), bucle magn\u00e9tico y balizas se\u00f1alizadoras beepcons. As\u00ed mismo, la Fundaci\u00f3n Music for All tiene fijado para el 20 y 21 de agosto en el recinto ferial de Almer\u00eda, el festival de artes esc\u00e9nicas accesibles CoolturalFest. Sin embargo, su realizaci\u00f3n depender\u00e1 de la evoluci\u00f3n de la situaci\u00f3n sanitaria actual.<\/p>\n<p>Para revisar las medidas de accesibilidad y la programaci\u00f3n de los espect\u00e1culos,\u00a0ingresa\u00a0<strong><a href=\"https:\/\/www.teatroaccesible.com\/es\/\" target=\"_blank\" rel=\"noopener noreferrer\">aqu\u00ed.<\/a><\/strong><\/p>\n","protected":false},"excerpt":{"rendered":"<p>\u25cf Hasta\u00a0el 19 de septiembre se extiende la programaci\u00f3n de\u00a0Cooltural Go!, ciclo de\u00a0conciertos, comediantes, secret shows y rutas gastromusicales organizadas por la\u00a0Fundaci\u00f3n\u00a0Music\u00a0for All. \u25cf Personas con diversidad podr\u00e1n disfrutar de la m\u00fasica sin barreras mediante la incorporaci\u00f3n de subtitulado, lengua de signos, mochilas vibratorias y bucle magn\u00e9tico, entre otras medidas de accesibilidad. \u25cf Los espect\u00e1culos [&hellip;]<\/p>\n","protected":false},"author":7,"featured_media":6776,"comment_status":"open","ping_status":"open","sticky":false,"template":"","format":"standard","meta":{"_et_pb_use_builder":"","_et_pb_old_content":"","_et_gb_content_width":"","footnotes":""},"categories":[27],"tags":[],"class_list":["post-7681","post","type-post","status-publish","format-standard","has-post-thumbnail","hentry","category-noticias"],"yoast_head":"<!-- This site is optimized with the Yoast SEO plugin v27.5 - https:\/\/yoast.com\/product\/yoast-seo-wordpress\/ -->\n<title>Cooltural Go!, el ciclo de conciertos que apuesta por la accesibilidad cultural en Almer\u00eda - Aptent Soluciones. Subtitulado y audiodescripci\u00f3n.<\/title>\n<meta name=\"robots\" content=\"index, follow, max-snippet:-1, max-image-preview:large, max-video-preview:-1\" \/>\n<link rel=\"canonical\" href=\"https:\/\/aptent.es\/cooltural-go-el-ciclo-de-conciertos-que-apuesta-por-la-accesibilidad-cultural-en-almeria\/\" \/>\n<meta property=\"og:locale\" content=\"gl_ES\" \/>\n<meta property=\"og:type\" content=\"article\" \/>\n<meta property=\"og:title\" content=\"Cooltural Go!, el ciclo de conciertos que apuesta por la accesibilidad cultural en Almer\u00eda - Aptent Soluciones. Subtitulado y audiodescripci\u00f3n.\" \/>\n<meta property=\"og:description\" content=\"\u25cf Hasta\u00a0el 19 de septiembre se extiende la programaci\u00f3n de\u00a0Cooltural Go!, ciclo de\u00a0conciertos, comediantes, secret shows y rutas gastromusicales organizadas por la\u00a0Fundaci\u00f3n\u00a0Music\u00a0for All. \u25cf Personas con diversidad podr\u00e1n disfrutar de la m\u00fasica sin barreras mediante la incorporaci\u00f3n de subtitulado, lengua de signos, mochilas vibratorias y bucle magn\u00e9tico, entre otras medidas de accesibilidad. \u25cf Los espect\u00e1culos [&hellip;]\" \/>\n<meta property=\"og:url\" content=\"https:\/\/aptent.es\/cooltural-go-el-ciclo-de-conciertos-que-apuesta-por-la-accesibilidad-cultural-en-almeria\/\" \/>\n<meta property=\"og:site_name\" content=\"Aptent Soluciones. Subtitulado y audiodescripci\u00f3n.\" \/>\n<meta property=\"article:published_time\" content=\"2021-06-10T12:17:02+00:00\" \/>\n<meta property=\"article:modified_time\" content=\"2024-05-24T11:45:46+00:00\" \/>\n<meta property=\"og:image\" content=\"https:\/\/aptent.es\/wp-content\/uploads\/2021\/06\/accesibilidad_cteresa_rodriguez-33.jpeg\" \/>\n\t<meta property=\"og:image:width\" content=\"1200\" \/>\n\t<meta property=\"og:image:height\" content=\"801\" \/>\n\t<meta property=\"og:image:type\" content=\"image\/jpeg\" \/>\n<meta name=\"author\" content=\"Luc\u00eda Mendoza\" \/>\n<meta name=\"twitter:card\" content=\"summary_large_image\" \/>\n<meta name=\"twitter:label1\" content=\"Escrito por\" \/>\n\t<meta name=\"twitter:data1\" content=\"Luc\u00eda Mendoza\" \/>\n\t<meta name=\"twitter:label2\" content=\"Tempo de lectura\" \/>\n\t<meta name=\"twitter:data2\" content=\"2 minutos\" \/>\n<script type=\"application\/ld+json\" class=\"yoast-schema-graph\">{\"@context\":\"https:\\\/\\\/schema.org\",\"@graph\":[{\"@type\":\"Article\",\"@id\":\"https:\\\/\\\/aptent.es\\\/cooltural-go-el-ciclo-de-conciertos-que-apuesta-por-la-accesibilidad-cultural-en-almeria\\\/#article\",\"isPartOf\":{\"@id\":\"https:\\\/\\\/aptent.es\\\/cooltural-go-el-ciclo-de-conciertos-que-apuesta-por-la-accesibilidad-cultural-en-almeria\\\/\"},\"author\":{\"name\":\"Luc\u00eda Mendoza\",\"@id\":\"https:\\\/\\\/aptent.es\\\/#\\\/schema\\\/person\\\/5e9d657a70106406ffe24157fe56418d\"},\"headline\":\"Cooltural Go!, el ciclo de conciertos que apuesta por la accesibilidad cultural en Almer\u00eda\",\"datePublished\":\"2021-06-10T12:17:02+00:00\",\"dateModified\":\"2024-05-24T11:45:46+00:00\",\"mainEntityOfPage\":{\"@id\":\"https:\\\/\\\/aptent.es\\\/cooltural-go-el-ciclo-de-conciertos-que-apuesta-por-la-accesibilidad-cultural-en-almeria\\\/\"},\"wordCount\":387,\"commentCount\":0,\"image\":{\"@id\":\"https:\\\/\\\/aptent.es\\\/cooltural-go-el-ciclo-de-conciertos-que-apuesta-por-la-accesibilidad-cultural-en-almeria\\\/#primaryimage\"},\"thumbnailUrl\":\"https:\\\/\\\/aptent.es\\\/wp-content\\\/uploads\\\/2021\\\/06\\\/accesibilidad_cteresa_rodriguez-33.jpeg\",\"articleSection\":[\"Noticias\"],\"inLanguage\":\"gl-ES\",\"potentialAction\":[{\"@type\":\"CommentAction\",\"name\":\"Comment\",\"target\":[\"https:\\\/\\\/aptent.es\\\/cooltural-go-el-ciclo-de-conciertos-que-apuesta-por-la-accesibilidad-cultural-en-almeria\\\/#respond\"]}]},{\"@type\":\"WebPage\",\"@id\":\"https:\\\/\\\/aptent.es\\\/cooltural-go-el-ciclo-de-conciertos-que-apuesta-por-la-accesibilidad-cultural-en-almeria\\\/\",\"url\":\"https:\\\/\\\/aptent.es\\\/cooltural-go-el-ciclo-de-conciertos-que-apuesta-por-la-accesibilidad-cultural-en-almeria\\\/\",\"name\":\"Cooltural Go!, el ciclo de conciertos que apuesta por la accesibilidad cultural en Almer\u00eda - Aptent Soluciones. Subtitulado y audiodescripci\u00f3n.\",\"isPartOf\":{\"@id\":\"https:\\\/\\\/aptent.es\\\/#website\"},\"primaryImageOfPage\":{\"@id\":\"https:\\\/\\\/aptent.es\\\/cooltural-go-el-ciclo-de-conciertos-que-apuesta-por-la-accesibilidad-cultural-en-almeria\\\/#primaryimage\"},\"image\":{\"@id\":\"https:\\\/\\\/aptent.es\\\/cooltural-go-el-ciclo-de-conciertos-que-apuesta-por-la-accesibilidad-cultural-en-almeria\\\/#primaryimage\"},\"thumbnailUrl\":\"https:\\\/\\\/aptent.es\\\/wp-content\\\/uploads\\\/2021\\\/06\\\/accesibilidad_cteresa_rodriguez-33.jpeg\",\"datePublished\":\"2021-06-10T12:17:02+00:00\",\"dateModified\":\"2024-05-24T11:45:46+00:00\",\"author\":{\"@id\":\"https:\\\/\\\/aptent.es\\\/#\\\/schema\\\/person\\\/5e9d657a70106406ffe24157fe56418d\"},\"breadcrumb\":{\"@id\":\"https:\\\/\\\/aptent.es\\\/cooltural-go-el-ciclo-de-conciertos-que-apuesta-por-la-accesibilidad-cultural-en-almeria\\\/#breadcrumb\"},\"inLanguage\":\"gl-ES\",\"potentialAction\":[{\"@type\":\"ReadAction\",\"target\":[\"https:\\\/\\\/aptent.es\\\/cooltural-go-el-ciclo-de-conciertos-que-apuesta-por-la-accesibilidad-cultural-en-almeria\\\/\"]}]},{\"@type\":\"ImageObject\",\"inLanguage\":\"gl-ES\",\"@id\":\"https:\\\/\\\/aptent.es\\\/cooltural-go-el-ciclo-de-conciertos-que-apuesta-por-la-accesibilidad-cultural-en-almeria\\\/#primaryimage\",\"url\":\"https:\\\/\\\/aptent.es\\\/wp-content\\\/uploads\\\/2021\\\/06\\\/accesibilidad_cteresa_rodriguez-33.jpeg\",\"contentUrl\":\"https:\\\/\\\/aptent.es\\\/wp-content\\\/uploads\\\/2021\\\/06\\\/accesibilidad_cteresa_rodriguez-33.jpeg\",\"width\":1200,\"height\":801},{\"@type\":\"BreadcrumbList\",\"@id\":\"https:\\\/\\\/aptent.es\\\/cooltural-go-el-ciclo-de-conciertos-que-apuesta-por-la-accesibilidad-cultural-en-almeria\\\/#breadcrumb\",\"itemListElement\":[{\"@type\":\"ListItem\",\"position\":1,\"name\":\"Portada\",\"item\":\"https:\\\/\\\/aptent.es\\\/gl\\\/\"},{\"@type\":\"ListItem\",\"position\":2,\"name\":\"Cooltural Go!, el ciclo de conciertos que apuesta por la accesibilidad cultural en Almer\u00eda\"}]},{\"@type\":\"WebSite\",\"@id\":\"https:\\\/\\\/aptent.es\\\/#website\",\"url\":\"https:\\\/\\\/aptent.es\\\/\",\"name\":\"Aptent Soluciones. Subtitulado y audiodescripci\u00f3n.\",\"description\":\"Empresa de tecnolog\u00eda y accesibilidad en la comunicaci\u00f3n. Subtitulado para sordos en directo, traducci\u00f3n, audiodescripci\u00f3n, sistema FM y bucle magn\u00e9tico.\",\"potentialAction\":[{\"@type\":\"SearchAction\",\"target\":{\"@type\":\"EntryPoint\",\"urlTemplate\":\"https:\\\/\\\/aptent.es\\\/?s={search_term_string}\"},\"query-input\":{\"@type\":\"PropertyValueSpecification\",\"valueRequired\":true,\"valueName\":\"search_term_string\"}}],\"inLanguage\":\"gl-ES\"},{\"@type\":\"Person\",\"@id\":\"https:\\\/\\\/aptent.es\\\/#\\\/schema\\\/person\\\/5e9d657a70106406ffe24157fe56418d\",\"name\":\"Luc\u00eda Mendoza\",\"image\":{\"@type\":\"ImageObject\",\"inLanguage\":\"gl-ES\",\"@id\":\"https:\\\/\\\/secure.gravatar.com\\\/avatar\\\/64937fae4687742a82e0f0e3c8b4feb4cadae5553982290315aeb2705ee50825?s=96&d=mm&r=g\",\"url\":\"https:\\\/\\\/secure.gravatar.com\\\/avatar\\\/64937fae4687742a82e0f0e3c8b4feb4cadae5553982290315aeb2705ee50825?s=96&d=mm&r=g\",\"contentUrl\":\"https:\\\/\\\/secure.gravatar.com\\\/avatar\\\/64937fae4687742a82e0f0e3c8b4feb4cadae5553982290315aeb2705ee50825?s=96&d=mm&r=g\",\"caption\":\"Luc\u00eda Mendoza\"}}]}<\/script>\n<!-- \/ Yoast SEO plugin. -->","yoast_head_json":{"title":"Cooltural Go!, el ciclo de conciertos que apuesta por la accesibilidad cultural en Almer\u00eda - Aptent Soluciones. Subtitulado y audiodescripci\u00f3n.","robots":{"index":"index","follow":"follow","max-snippet":"max-snippet:-1","max-image-preview":"max-image-preview:large","max-video-preview":"max-video-preview:-1"},"canonical":"https:\/\/aptent.es\/cooltural-go-el-ciclo-de-conciertos-que-apuesta-por-la-accesibilidad-cultural-en-almeria\/","og_locale":"gl_ES","og_type":"article","og_title":"Cooltural Go!, el ciclo de conciertos que apuesta por la accesibilidad cultural en Almer\u00eda - Aptent Soluciones. Subtitulado y audiodescripci\u00f3n.","og_description":"\u25cf Hasta\u00a0el 19 de septiembre se extiende la programaci\u00f3n de\u00a0Cooltural Go!, ciclo de\u00a0conciertos, comediantes, secret shows y rutas gastromusicales organizadas por la\u00a0Fundaci\u00f3n\u00a0Music\u00a0for All. \u25cf Personas con diversidad podr\u00e1n disfrutar de la m\u00fasica sin barreras mediante la incorporaci\u00f3n de subtitulado, lengua de signos, mochilas vibratorias y bucle magn\u00e9tico, entre otras medidas de accesibilidad. \u25cf Los espect\u00e1culos [&hellip;]","og_url":"https:\/\/aptent.es\/cooltural-go-el-ciclo-de-conciertos-que-apuesta-por-la-accesibilidad-cultural-en-almeria\/","og_site_name":"Aptent Soluciones. Subtitulado y audiodescripci\u00f3n.","article_published_time":"2021-06-10T12:17:02+00:00","article_modified_time":"2024-05-24T11:45:46+00:00","og_image":[{"width":1200,"height":801,"url":"https:\/\/aptent.es\/wp-content\/uploads\/2021\/06\/accesibilidad_cteresa_rodriguez-33.jpeg","type":"image\/jpeg"}],"author":"Luc\u00eda Mendoza","twitter_card":"summary_large_image","twitter_misc":{"Escrito por":"Luc\u00eda Mendoza","Tempo de lectura":"2 minutos"},"schema":{"@context":"https:\/\/schema.org","@graph":[{"@type":"Article","@id":"https:\/\/aptent.es\/cooltural-go-el-ciclo-de-conciertos-que-apuesta-por-la-accesibilidad-cultural-en-almeria\/#article","isPartOf":{"@id":"https:\/\/aptent.es\/cooltural-go-el-ciclo-de-conciertos-que-apuesta-por-la-accesibilidad-cultural-en-almeria\/"},"author":{"name":"Luc\u00eda Mendoza","@id":"https:\/\/aptent.es\/#\/schema\/person\/5e9d657a70106406ffe24157fe56418d"},"headline":"Cooltural Go!, el ciclo de conciertos que apuesta por la accesibilidad cultural en Almer\u00eda","datePublished":"2021-06-10T12:17:02+00:00","dateModified":"2024-05-24T11:45:46+00:00","mainEntityOfPage":{"@id":"https:\/\/aptent.es\/cooltural-go-el-ciclo-de-conciertos-que-apuesta-por-la-accesibilidad-cultural-en-almeria\/"},"wordCount":387,"commentCount":0,"image":{"@id":"https:\/\/aptent.es\/cooltural-go-el-ciclo-de-conciertos-que-apuesta-por-la-accesibilidad-cultural-en-almeria\/#primaryimage"},"thumbnailUrl":"https:\/\/aptent.es\/wp-content\/uploads\/2021\/06\/accesibilidad_cteresa_rodriguez-33.jpeg","articleSection":["Noticias"],"inLanguage":"gl-ES","potentialAction":[{"@type":"CommentAction","name":"Comment","target":["https:\/\/aptent.es\/cooltural-go-el-ciclo-de-conciertos-que-apuesta-por-la-accesibilidad-cultural-en-almeria\/#respond"]}]},{"@type":"WebPage","@id":"https:\/\/aptent.es\/cooltural-go-el-ciclo-de-conciertos-que-apuesta-por-la-accesibilidad-cultural-en-almeria\/","url":"https:\/\/aptent.es\/cooltural-go-el-ciclo-de-conciertos-que-apuesta-por-la-accesibilidad-cultural-en-almeria\/","name":"Cooltural Go!, el ciclo de conciertos que apuesta por la accesibilidad cultural en Almer\u00eda - Aptent Soluciones. Subtitulado y audiodescripci\u00f3n.","isPartOf":{"@id":"https:\/\/aptent.es\/#website"},"primaryImageOfPage":{"@id":"https:\/\/aptent.es\/cooltural-go-el-ciclo-de-conciertos-que-apuesta-por-la-accesibilidad-cultural-en-almeria\/#primaryimage"},"image":{"@id":"https:\/\/aptent.es\/cooltural-go-el-ciclo-de-conciertos-que-apuesta-por-la-accesibilidad-cultural-en-almeria\/#primaryimage"},"thumbnailUrl":"https:\/\/aptent.es\/wp-content\/uploads\/2021\/06\/accesibilidad_cteresa_rodriguez-33.jpeg","datePublished":"2021-06-10T12:17:02+00:00","dateModified":"2024-05-24T11:45:46+00:00","author":{"@id":"https:\/\/aptent.es\/#\/schema\/person\/5e9d657a70106406ffe24157fe56418d"},"breadcrumb":{"@id":"https:\/\/aptent.es\/cooltural-go-el-ciclo-de-conciertos-que-apuesta-por-la-accesibilidad-cultural-en-almeria\/#breadcrumb"},"inLanguage":"gl-ES","potentialAction":[{"@type":"ReadAction","target":["https:\/\/aptent.es\/cooltural-go-el-ciclo-de-conciertos-que-apuesta-por-la-accesibilidad-cultural-en-almeria\/"]}]},{"@type":"ImageObject","inLanguage":"gl-ES","@id":"https:\/\/aptent.es\/cooltural-go-el-ciclo-de-conciertos-que-apuesta-por-la-accesibilidad-cultural-en-almeria\/#primaryimage","url":"https:\/\/aptent.es\/wp-content\/uploads\/2021\/06\/accesibilidad_cteresa_rodriguez-33.jpeg","contentUrl":"https:\/\/aptent.es\/wp-content\/uploads\/2021\/06\/accesibilidad_cteresa_rodriguez-33.jpeg","width":1200,"height":801},{"@type":"BreadcrumbList","@id":"https:\/\/aptent.es\/cooltural-go-el-ciclo-de-conciertos-que-apuesta-por-la-accesibilidad-cultural-en-almeria\/#breadcrumb","itemListElement":[{"@type":"ListItem","position":1,"name":"Portada","item":"https:\/\/aptent.es\/gl\/"},{"@type":"ListItem","position":2,"name":"Cooltural Go!, el ciclo de conciertos que apuesta por la accesibilidad cultural en Almer\u00eda"}]},{"@type":"WebSite","@id":"https:\/\/aptent.es\/#website","url":"https:\/\/aptent.es\/","name":"Aptent Soluciones. Subtitulado y audiodescripci\u00f3n.","description":"Empresa de tecnolog\u00eda y accesibilidad en la comunicaci\u00f3n. Subtitulado para sordos en directo, traducci\u00f3n, audiodescripci\u00f3n, sistema FM y bucle magn\u00e9tico.","potentialAction":[{"@type":"SearchAction","target":{"@type":"EntryPoint","urlTemplate":"https:\/\/aptent.es\/?s={search_term_string}"},"query-input":{"@type":"PropertyValueSpecification","valueRequired":true,"valueName":"search_term_string"}}],"inLanguage":"gl-ES"},{"@type":"Person","@id":"https:\/\/aptent.es\/#\/schema\/person\/5e9d657a70106406ffe24157fe56418d","name":"Luc\u00eda Mendoza","image":{"@type":"ImageObject","inLanguage":"gl-ES","@id":"https:\/\/secure.gravatar.com\/avatar\/64937fae4687742a82e0f0e3c8b4feb4cadae5553982290315aeb2705ee50825?s=96&d=mm&r=g","url":"https:\/\/secure.gravatar.com\/avatar\/64937fae4687742a82e0f0e3c8b4feb4cadae5553982290315aeb2705ee50825?s=96&d=mm&r=g","contentUrl":"https:\/\/secure.gravatar.com\/avatar\/64937fae4687742a82e0f0e3c8b4feb4cadae5553982290315aeb2705ee50825?s=96&d=mm&r=g","caption":"Luc\u00eda Mendoza"}}]}},"_links":{"self":[{"href":"https:\/\/aptent.es\/gl\/wp-json\/wp\/v2\/posts\/7681","targetHints":{"allow":["GET"]}}],"collection":[{"href":"https:\/\/aptent.es\/gl\/wp-json\/wp\/v2\/posts"}],"about":[{"href":"https:\/\/aptent.es\/gl\/wp-json\/wp\/v2\/types\/post"}],"author":[{"embeddable":true,"href":"https:\/\/aptent.es\/gl\/wp-json\/wp\/v2\/users\/7"}],"replies":[{"embeddable":true,"href":"https:\/\/aptent.es\/gl\/wp-json\/wp\/v2\/comments?post=7681"}],"version-history":[{"count":1,"href":"https:\/\/aptent.es\/gl\/wp-json\/wp\/v2\/posts\/7681\/revisions"}],"predecessor-version":[{"id":7687,"href":"https:\/\/aptent.es\/gl\/wp-json\/wp\/v2\/posts\/7681\/revisions\/7687"}],"wp:featuredmedia":[{"embeddable":true,"href":"https:\/\/aptent.es\/gl\/wp-json\/wp\/v2\/media\/6776"}],"wp:attachment":[{"href":"https:\/\/aptent.es\/gl\/wp-json\/wp\/v2\/media?parent=7681"}],"wp:term":[{"taxonomy":"category","embeddable":true,"href":"https:\/\/aptent.es\/gl\/wp-json\/wp\/v2\/categories?post=7681"},{"taxonomy":"post_tag","embeddable":true,"href":"https:\/\/aptent.es\/gl\/wp-json\/wp\/v2\/tags?post=7681"}],"curies":[{"name":"wp","href":"https:\/\/api.w.org\/{rel}","templated":true}]}}