{"id":7656,"date":"2023-05-03T15:43:43","date_gmt":"2023-05-03T13:43:43","guid":{"rendered":"https:\/\/aptent.es\/?p=6515"},"modified":"2024-09-13T13:23:03","modified_gmt":"2024-09-13T11:23:03","slug":"segunda-edicion-de-la-expo-accesible","status":"publish","type":"post","link":"https:\/\/aptent.es\/gl\/segunda-edicion-de-la-expo-accesible\/","title":{"rendered":"Segunda edici\u00f3n de la feria virtual de accesibilidad &#8220;EXPO ACCESIBLE&#8221;"},"content":{"rendered":"<p>Entre el 18 y el 20 de mayo se realizar\u00e1 la segunda edici\u00f3n de la exposici\u00f3n iberoamericana de accesibilidad, innovaci\u00f3n y turismo que consistir\u00e1 en una feria virtual donde distintos expositores de accesibilidad se reunir\u00e1n a trav\u00e9s de mesas redondas y actividades relacionadas con el turismo, la cultura, la tecnolog\u00eda y el turismo, entre otros temas. Las mesas redondas contar\u00e1n con subtitulado proporcionado por Aptent, que es uno de los patrocinadores de este encuentro iberoamericano que tiene como objetivo conectar a distintos profesionales de la accesibilidad. La primera feria virtual con estas caracter\u00edsticas en su g\u00e9nero, contar\u00e1 con 94 ponentes, 24 conferencias, 77 stands y ya cuenta con m\u00e1s de 1.000 personas registradas.<\/p>\n<p>A trav\u00e9s de una plataforma digital que permite en un mismo espacio conferencias, mesas redondas, debates y una exposici\u00f3n comercial con soluciones de accesibilidad para el contexto actual, los inscritos podr\u00e1n interactuar con potenciales clientes, segmentar el tipo de productos y servicios, adem\u00e1s de participar en actividades de<em> networking online<\/em> con profesionales y marcas representativas del sector en Iberoam\u00e9rica.<\/p>\n<p><strong>Link de inscripci\u00f3n <a href=\"https:\/\/expoaccesible.vive4all.com\/\">aqu\u00ed.<\/a><\/strong><\/p>\n","protected":false},"excerpt":{"rendered":"<p>Entre el 18 y el 20 de mayo se realizar\u00e1 la segunda edici\u00f3n de la exposici\u00f3n iberoamericana de accesibilidad, innovaci\u00f3n y turismo que consistir\u00e1 en una feria virtual donde distintos expositores de accesibilidad se reunir\u00e1n a trav\u00e9s de mesas redondas y actividades relacionadas con el turismo, la cultura, la tecnolog\u00eda y el turismo, entre otros [&hellip;]<\/p>\n","protected":false},"author":8,"featured_media":6719,"comment_status":"open","ping_status":"open","sticky":false,"template":"","format":"standard","meta":{"_et_pb_use_builder":"off","_et_pb_old_content":"Entre el 18 y el 20 de mayo se realizar\u00e1 la segunda edici\u00f3n de la Exposici\u00f3n Iberoamericana de accesibilidad, innovaci\u00f3n y turismo que consistir\u00e1 en una feria virtual donde distintos expositores de accesibilidad se reunir\u00e1n a trav\u00e9s de mesas redondas y actividades relacionadas con el turismo, la cultura, la tecnolog\u00eda y el turismo, entre otros temas. La mesas redondas contar\u00e1n con subtitulado proporcionado por Aptent, que es uno de los patrocinadores de este encuentro iberoamericano que tiene como objetivo conectar a distintos profesionales de la accesibilidad. La primera feria virtual con estas caracter\u00edsticas en su g\u00e9nero, contar\u00e1 con 94 ponentes, 24 conferencias, 77 stands y ya cuenta con m\u00e1s de 1.000 personas registradas.\r\n\r\nA trav\u00e9s de una plataforma digital que permite en un mismo espacio conferencias, mesas redondas, debates y una exposici\u00f3n comercial con soluciones de accesibilidad para el contexto actual, los inscritos podr\u00e1n interactuar con potenciales clientes, segmentar el tipo de productos y servicios, adem\u00e1s de participar en actividades de networking online con profesionales y marcas representativas del sector en iberoam\u00e9rica.\r\n\r\n<strong>Link de inscripci\u00f3n <a href=\"https:\/\/expoaccesible.vive4all.com\/\">aqu\u00ed.<\/a><\/strong>\r\n\r\n&nbsp;","_et_gb_content_width":"","footnotes":""},"categories":[81],"tags":[18,35,229],"class_list":["post-7656","post","type-post","status-publish","format-standard","has-post-thumbnail","hentry","category-eventos","tag-accesibilidad","tag-aptent","tag-expo-accesible"],"yoast_head":"<!-- This site is optimized with the Yoast SEO plugin v27.5 - https:\/\/yoast.com\/product\/yoast-seo-wordpress\/ -->\n<title>Segunda edici\u00f3n de la feria virtual de accesibilidad &quot;EXPO ACCESIBLE&quot; - Aptent Soluciones. Subtitulado y audiodescripci\u00f3n.<\/title>\n<meta name=\"robots\" content=\"index, follow, max-snippet:-1, max-image-preview:large, max-video-preview:-1\" \/>\n<link rel=\"canonical\" href=\"https:\/\/aptent.es\/segunda-edicion-de-la-expo-accesible\/\" \/>\n<meta property=\"og:locale\" content=\"gl_ES\" \/>\n<meta property=\"og:type\" content=\"article\" \/>\n<meta property=\"og:title\" content=\"Segunda edici\u00f3n de la feria virtual de accesibilidad &quot;EXPO ACCESIBLE&quot; - Aptent Soluciones. Subtitulado y audiodescripci\u00f3n.\" \/>\n<meta property=\"og:description\" content=\"Entre el 18 y el 20 de mayo se realizar\u00e1 la segunda edici\u00f3n de la exposici\u00f3n iberoamericana de accesibilidad, innovaci\u00f3n y turismo que consistir\u00e1 en una feria virtual donde distintos expositores de accesibilidad se reunir\u00e1n a trav\u00e9s de mesas redondas y actividades relacionadas con el turismo, la cultura, la tecnolog\u00eda y el turismo, entre otros [&hellip;]\" \/>\n<meta property=\"og:url\" content=\"https:\/\/aptent.es\/segunda-edicion-de-la-expo-accesible\/\" \/>\n<meta property=\"og:site_name\" content=\"Aptent Soluciones. Subtitulado y audiodescripci\u00f3n.\" \/>\n<meta property=\"article:published_time\" content=\"2023-05-03T13:43:43+00:00\" \/>\n<meta property=\"article:modified_time\" content=\"2024-09-13T11:23:03+00:00\" \/>\n<meta property=\"og:image\" content=\"https:\/\/aptent.es\/wp-content\/uploads\/2023\/05\/logo-expo-accesible.png\" \/>\n\t<meta property=\"og:image:width\" content=\"1121\" \/>\n\t<meta property=\"og:image:height\" content=\"769\" \/>\n\t<meta property=\"og:image:type\" content=\"image\/png\" \/>\n<meta name=\"author\" content=\"Catalina Martin Guarda\" \/>\n<meta name=\"twitter:card\" content=\"summary_large_image\" \/>\n<meta name=\"twitter:label1\" content=\"Escrito por\" \/>\n\t<meta name=\"twitter:data1\" content=\"Catalina Martin Guarda\" \/>\n\t<meta name=\"twitter:label2\" content=\"Tempo de lectura\" \/>\n\t<meta name=\"twitter:data2\" content=\"1 minuto\" \/>\n<script type=\"application\/ld+json\" class=\"yoast-schema-graph\">{\"@context\":\"https:\\\/\\\/schema.org\",\"@graph\":[{\"@type\":\"Article\",\"@id\":\"https:\\\/\\\/aptent.es\\\/segunda-edicion-de-la-expo-accesible\\\/#article\",\"isPartOf\":{\"@id\":\"https:\\\/\\\/aptent.es\\\/segunda-edicion-de-la-expo-accesible\\\/\"},\"author\":{\"name\":\"Catalina Martin Guarda\",\"@id\":\"https:\\\/\\\/aptent.es\\\/#\\\/schema\\\/person\\\/3a76d8a830aeb3dffc9fe09c2f77ee7e\"},\"headline\":\"Segunda edici\u00f3n de la feria virtual de accesibilidad &#8220;EXPO ACCESIBLE&#8221;\",\"datePublished\":\"2023-05-03T13:43:43+00:00\",\"dateModified\":\"2024-09-13T11:23:03+00:00\",\"mainEntityOfPage\":{\"@id\":\"https:\\\/\\\/aptent.es\\\/segunda-edicion-de-la-expo-accesible\\\/\"},\"wordCount\":197,\"commentCount\":0,\"image\":{\"@id\":\"https:\\\/\\\/aptent.es\\\/segunda-edicion-de-la-expo-accesible\\\/#primaryimage\"},\"thumbnailUrl\":\"https:\\\/\\\/aptent.es\\\/wp-content\\\/uploads\\\/2023\\\/05\\\/logo-expo-accesible.png\",\"keywords\":[\"Accesibilidad\",\"Aptent\",\"expo accesible\"],\"articleSection\":[\"Eventos\"],\"inLanguage\":\"gl-ES\",\"potentialAction\":[{\"@type\":\"CommentAction\",\"name\":\"Comment\",\"target\":[\"https:\\\/\\\/aptent.es\\\/segunda-edicion-de-la-expo-accesible\\\/#respond\"]}]},{\"@type\":\"WebPage\",\"@id\":\"https:\\\/\\\/aptent.es\\\/segunda-edicion-de-la-expo-accesible\\\/\",\"url\":\"https:\\\/\\\/aptent.es\\\/segunda-edicion-de-la-expo-accesible\\\/\",\"name\":\"Segunda edici\u00f3n de la feria virtual de accesibilidad \\\"EXPO ACCESIBLE\\\" - Aptent Soluciones. Subtitulado y audiodescripci\u00f3n.\",\"isPartOf\":{\"@id\":\"https:\\\/\\\/aptent.es\\\/#website\"},\"primaryImageOfPage\":{\"@id\":\"https:\\\/\\\/aptent.es\\\/segunda-edicion-de-la-expo-accesible\\\/#primaryimage\"},\"image\":{\"@id\":\"https:\\\/\\\/aptent.es\\\/segunda-edicion-de-la-expo-accesible\\\/#primaryimage\"},\"thumbnailUrl\":\"https:\\\/\\\/aptent.es\\\/wp-content\\\/uploads\\\/2023\\\/05\\\/logo-expo-accesible.png\",\"datePublished\":\"2023-05-03T13:43:43+00:00\",\"dateModified\":\"2024-09-13T11:23:03+00:00\",\"author\":{\"@id\":\"https:\\\/\\\/aptent.es\\\/#\\\/schema\\\/person\\\/3a76d8a830aeb3dffc9fe09c2f77ee7e\"},\"breadcrumb\":{\"@id\":\"https:\\\/\\\/aptent.es\\\/segunda-edicion-de-la-expo-accesible\\\/#breadcrumb\"},\"inLanguage\":\"gl-ES\",\"potentialAction\":[{\"@type\":\"ReadAction\",\"target\":[\"https:\\\/\\\/aptent.es\\\/segunda-edicion-de-la-expo-accesible\\\/\"]}]},{\"@type\":\"ImageObject\",\"inLanguage\":\"gl-ES\",\"@id\":\"https:\\\/\\\/aptent.es\\\/segunda-edicion-de-la-expo-accesible\\\/#primaryimage\",\"url\":\"https:\\\/\\\/aptent.es\\\/wp-content\\\/uploads\\\/2023\\\/05\\\/logo-expo-accesible.png\",\"contentUrl\":\"https:\\\/\\\/aptent.es\\\/wp-content\\\/uploads\\\/2023\\\/05\\\/logo-expo-accesible.png\",\"width\":1121,\"height\":769},{\"@type\":\"BreadcrumbList\",\"@id\":\"https:\\\/\\\/aptent.es\\\/segunda-edicion-de-la-expo-accesible\\\/#breadcrumb\",\"itemListElement\":[{\"@type\":\"ListItem\",\"position\":1,\"name\":\"Portada\",\"item\":\"https:\\\/\\\/aptent.es\\\/gl\\\/\"},{\"@type\":\"ListItem\",\"position\":2,\"name\":\"Segunda edici\u00f3n de la feria virtual de accesibilidad \u00abEXPO ACCESIBLE\u00bb\"}]},{\"@type\":\"WebSite\",\"@id\":\"https:\\\/\\\/aptent.es\\\/#website\",\"url\":\"https:\\\/\\\/aptent.es\\\/\",\"name\":\"Aptent Soluciones. Subtitulado y audiodescripci\u00f3n.\",\"description\":\"Empresa de tecnolog\u00eda y accesibilidad en la comunicaci\u00f3n. Subtitulado para sordos en directo, traducci\u00f3n, audiodescripci\u00f3n, sistema FM y bucle magn\u00e9tico.\",\"potentialAction\":[{\"@type\":\"SearchAction\",\"target\":{\"@type\":\"EntryPoint\",\"urlTemplate\":\"https:\\\/\\\/aptent.es\\\/?s={search_term_string}\"},\"query-input\":{\"@type\":\"PropertyValueSpecification\",\"valueRequired\":true,\"valueName\":\"search_term_string\"}}],\"inLanguage\":\"gl-ES\"},{\"@type\":\"Person\",\"@id\":\"https:\\\/\\\/aptent.es\\\/#\\\/schema\\\/person\\\/3a76d8a830aeb3dffc9fe09c2f77ee7e\",\"name\":\"Catalina Martin Guarda\",\"image\":{\"@type\":\"ImageObject\",\"inLanguage\":\"gl-ES\",\"@id\":\"https:\\\/\\\/secure.gravatar.com\\\/avatar\\\/48570105d73fc5524c88195ec7e77dc98e97178abb25b2942f474aa6527eb454?s=96&d=mm&r=g\",\"url\":\"https:\\\/\\\/secure.gravatar.com\\\/avatar\\\/48570105d73fc5524c88195ec7e77dc98e97178abb25b2942f474aa6527eb454?s=96&d=mm&r=g\",\"contentUrl\":\"https:\\\/\\\/secure.gravatar.com\\\/avatar\\\/48570105d73fc5524c88195ec7e77dc98e97178abb25b2942f474aa6527eb454?s=96&d=mm&r=g\",\"caption\":\"Catalina Martin Guarda\"}}]}<\/script>\n<!-- \/ Yoast SEO plugin. -->","yoast_head_json":{"title":"Segunda edici\u00f3n de la feria virtual de accesibilidad \"EXPO ACCESIBLE\" - Aptent Soluciones. Subtitulado y audiodescripci\u00f3n.","robots":{"index":"index","follow":"follow","max-snippet":"max-snippet:-1","max-image-preview":"max-image-preview:large","max-video-preview":"max-video-preview:-1"},"canonical":"https:\/\/aptent.es\/segunda-edicion-de-la-expo-accesible\/","og_locale":"gl_ES","og_type":"article","og_title":"Segunda edici\u00f3n de la feria virtual de accesibilidad \"EXPO ACCESIBLE\" - Aptent Soluciones. Subtitulado y audiodescripci\u00f3n.","og_description":"Entre el 18 y el 20 de mayo se realizar\u00e1 la segunda edici\u00f3n de la exposici\u00f3n iberoamericana de accesibilidad, innovaci\u00f3n y turismo que consistir\u00e1 en una feria virtual donde distintos expositores de accesibilidad se reunir\u00e1n a trav\u00e9s de mesas redondas y actividades relacionadas con el turismo, la cultura, la tecnolog\u00eda y el turismo, entre otros [&hellip;]","og_url":"https:\/\/aptent.es\/segunda-edicion-de-la-expo-accesible\/","og_site_name":"Aptent Soluciones. Subtitulado y audiodescripci\u00f3n.","article_published_time":"2023-05-03T13:43:43+00:00","article_modified_time":"2024-09-13T11:23:03+00:00","og_image":[{"width":1121,"height":769,"url":"https:\/\/aptent.es\/wp-content\/uploads\/2023\/05\/logo-expo-accesible.png","type":"image\/png"}],"author":"Catalina Martin Guarda","twitter_card":"summary_large_image","twitter_misc":{"Escrito por":"Catalina Martin Guarda","Tempo de lectura":"1 minuto"},"schema":{"@context":"https:\/\/schema.org","@graph":[{"@type":"Article","@id":"https:\/\/aptent.es\/segunda-edicion-de-la-expo-accesible\/#article","isPartOf":{"@id":"https:\/\/aptent.es\/segunda-edicion-de-la-expo-accesible\/"},"author":{"name":"Catalina Martin Guarda","@id":"https:\/\/aptent.es\/#\/schema\/person\/3a76d8a830aeb3dffc9fe09c2f77ee7e"},"headline":"Segunda edici\u00f3n de la feria virtual de accesibilidad &#8220;EXPO ACCESIBLE&#8221;","datePublished":"2023-05-03T13:43:43+00:00","dateModified":"2024-09-13T11:23:03+00:00","mainEntityOfPage":{"@id":"https:\/\/aptent.es\/segunda-edicion-de-la-expo-accesible\/"},"wordCount":197,"commentCount":0,"image":{"@id":"https:\/\/aptent.es\/segunda-edicion-de-la-expo-accesible\/#primaryimage"},"thumbnailUrl":"https:\/\/aptent.es\/wp-content\/uploads\/2023\/05\/logo-expo-accesible.png","keywords":["Accesibilidad","Aptent","expo accesible"],"articleSection":["Eventos"],"inLanguage":"gl-ES","potentialAction":[{"@type":"CommentAction","name":"Comment","target":["https:\/\/aptent.es\/segunda-edicion-de-la-expo-accesible\/#respond"]}]},{"@type":"WebPage","@id":"https:\/\/aptent.es\/segunda-edicion-de-la-expo-accesible\/","url":"https:\/\/aptent.es\/segunda-edicion-de-la-expo-accesible\/","name":"Segunda edici\u00f3n de la feria virtual de accesibilidad \"EXPO ACCESIBLE\" - Aptent Soluciones. Subtitulado y audiodescripci\u00f3n.","isPartOf":{"@id":"https:\/\/aptent.es\/#website"},"primaryImageOfPage":{"@id":"https:\/\/aptent.es\/segunda-edicion-de-la-expo-accesible\/#primaryimage"},"image":{"@id":"https:\/\/aptent.es\/segunda-edicion-de-la-expo-accesible\/#primaryimage"},"thumbnailUrl":"https:\/\/aptent.es\/wp-content\/uploads\/2023\/05\/logo-expo-accesible.png","datePublished":"2023-05-03T13:43:43+00:00","dateModified":"2024-09-13T11:23:03+00:00","author":{"@id":"https:\/\/aptent.es\/#\/schema\/person\/3a76d8a830aeb3dffc9fe09c2f77ee7e"},"breadcrumb":{"@id":"https:\/\/aptent.es\/segunda-edicion-de-la-expo-accesible\/#breadcrumb"},"inLanguage":"gl-ES","potentialAction":[{"@type":"ReadAction","target":["https:\/\/aptent.es\/segunda-edicion-de-la-expo-accesible\/"]}]},{"@type":"ImageObject","inLanguage":"gl-ES","@id":"https:\/\/aptent.es\/segunda-edicion-de-la-expo-accesible\/#primaryimage","url":"https:\/\/aptent.es\/wp-content\/uploads\/2023\/05\/logo-expo-accesible.png","contentUrl":"https:\/\/aptent.es\/wp-content\/uploads\/2023\/05\/logo-expo-accesible.png","width":1121,"height":769},{"@type":"BreadcrumbList","@id":"https:\/\/aptent.es\/segunda-edicion-de-la-expo-accesible\/#breadcrumb","itemListElement":[{"@type":"ListItem","position":1,"name":"Portada","item":"https:\/\/aptent.es\/gl\/"},{"@type":"ListItem","position":2,"name":"Segunda edici\u00f3n de la feria virtual de accesibilidad \u00abEXPO ACCESIBLE\u00bb"}]},{"@type":"WebSite","@id":"https:\/\/aptent.es\/#website","url":"https:\/\/aptent.es\/","name":"Aptent Soluciones. Subtitulado y audiodescripci\u00f3n.","description":"Empresa de tecnolog\u00eda y accesibilidad en la comunicaci\u00f3n. Subtitulado para sordos en directo, traducci\u00f3n, audiodescripci\u00f3n, sistema FM y bucle magn\u00e9tico.","potentialAction":[{"@type":"SearchAction","target":{"@type":"EntryPoint","urlTemplate":"https:\/\/aptent.es\/?s={search_term_string}"},"query-input":{"@type":"PropertyValueSpecification","valueRequired":true,"valueName":"search_term_string"}}],"inLanguage":"gl-ES"},{"@type":"Person","@id":"https:\/\/aptent.es\/#\/schema\/person\/3a76d8a830aeb3dffc9fe09c2f77ee7e","name":"Catalina Martin Guarda","image":{"@type":"ImageObject","inLanguage":"gl-ES","@id":"https:\/\/secure.gravatar.com\/avatar\/48570105d73fc5524c88195ec7e77dc98e97178abb25b2942f474aa6527eb454?s=96&d=mm&r=g","url":"https:\/\/secure.gravatar.com\/avatar\/48570105d73fc5524c88195ec7e77dc98e97178abb25b2942f474aa6527eb454?s=96&d=mm&r=g","contentUrl":"https:\/\/secure.gravatar.com\/avatar\/48570105d73fc5524c88195ec7e77dc98e97178abb25b2942f474aa6527eb454?s=96&d=mm&r=g","caption":"Catalina Martin Guarda"}}]}},"_links":{"self":[{"href":"https:\/\/aptent.es\/gl\/wp-json\/wp\/v2\/posts\/7656","targetHints":{"allow":["GET"]}}],"collection":[{"href":"https:\/\/aptent.es\/gl\/wp-json\/wp\/v2\/posts"}],"about":[{"href":"https:\/\/aptent.es\/gl\/wp-json\/wp\/v2\/types\/post"}],"author":[{"embeddable":true,"href":"https:\/\/aptent.es\/gl\/wp-json\/wp\/v2\/users\/8"}],"replies":[{"embeddable":true,"href":"https:\/\/aptent.es\/gl\/wp-json\/wp\/v2\/comments?post=7656"}],"version-history":[{"count":3,"href":"https:\/\/aptent.es\/gl\/wp-json\/wp\/v2\/posts\/7656\/revisions"}],"predecessor-version":[{"id":10866,"href":"https:\/\/aptent.es\/gl\/wp-json\/wp\/v2\/posts\/7656\/revisions\/10866"}],"wp:featuredmedia":[{"embeddable":true,"href":"https:\/\/aptent.es\/gl\/wp-json\/wp\/v2\/media\/6719"}],"wp:attachment":[{"href":"https:\/\/aptent.es\/gl\/wp-json\/wp\/v2\/media?parent=7656"}],"wp:term":[{"taxonomy":"category","embeddable":true,"href":"https:\/\/aptent.es\/gl\/wp-json\/wp\/v2\/categories?post=7656"},{"taxonomy":"post_tag","embeddable":true,"href":"https:\/\/aptent.es\/gl\/wp-json\/wp\/v2\/tags?post=7656"}],"curies":[{"name":"wp","href":"https:\/\/api.w.org\/{rel}","templated":true}]}}