{"id":7889,"date":"2013-05-10T12:08:29","date_gmt":"2013-05-10T10:08:29","guid":{"rendered":"http:\/\/aptent.es\/?p=1178"},"modified":"2024-05-24T14:34:54","modified_gmt":"2024-05-24T12:34:54","slug":"aptent-participara-en-el-postgrado-en-accesibilidad-y-diseno-para-todos","status":"publish","type":"post","link":"https:\/\/aptent.es\/eu\/aptent-participara-en-el-postgrado-en-accesibilidad-y-diseno-para-todos\/","title":{"rendered":"Aptent participar\u00e1 en el Postgrado en Accesibilidad y Dise\u00f1o para Todos"},"content":{"rendered":"<p style=\"text-align: justify;\">Por fortuna, cada vez se tiene m\u00e1s conciencia de que la accesibilidad debe ser algo normalizado y no un complemento puntual. En este sentido resulta de especial importancia la formaci\u00f3n en materia de accesibilidad y dise\u00f1o para todos, un \u00e1mbito en el que tambi\u00e9n hemos querido aportar nuestro granito de arena.<\/p>\n<p style=\"text-align: justify;\">Creemos que el conocimiento abre las puertas a un cambio en la forma de pensar, adem\u00e1s de fomentar una mentalidad m\u00e1s abierta y receptiva a las nuevas situaciones. La formaci\u00f3n en accesibilidad resulta pr\u00e1cticamente imprescindible en la sociedad actual, que cuenta con alrededor de\u00a0cuatro millones\u00a0de personas con discapacidad sensorial tan s\u00f3lo en nuestro pa\u00eds y que supone una cifra lo suficientemente elevada como para tenerla en cuenta.<\/p>\n<p style=\"text-align: justify;\">En este contexto, nos complace informaros que Aptent estar\u00e1 presente aportando su experiencia en el \u00e1mbito de la accesibilidad a la comunicaci\u00f3n en la que ser\u00e1 la tercera edici\u00f3n del curso de\u00a0<a title=\"Postgrado en Accesibilidad y Dise\u00f1o para Todos\" href=\"http:\/\/www.postgradoenaccesibilidad.com\" target=\"_blank\" rel=\"noopener\">Posgrado en Accesibilidad y Dise\u00f1o para Todos<\/a>\u00a0que se impartir\u00e1 en la Universitat Internacional de Catalunya.<\/p>\n<p style=\"text-align: justify;\">El curso, que se desarrollar\u00e1 desde septiembre de 2013 hasta julio de 2014, est\u00e1 orientado a diversos perfiles de titulados universitarios y abarca la accesibilidad de manera integral y en diferentes tem\u00e1ticas. De esta forma se hablar\u00e1 sobre Edificaci\u00f3n accesible, Nuevas Tecnolog\u00edas o Accesibilidad Social, Salud, Ocio y Tiempo Libre, entre otros aspectos. En este \u00faltimo m\u00f3dulo ser\u00e1 donde tome parte Aptent a trav\u00e9s de <a title=\"Nuestro equipo\" href=\"http:\/\/www.aptent.es\/nosotros\/\" target=\"_blank\" rel=\"noopener\">Javier Jim\u00e9nez<\/a>, CEO de la empresa y uno de nuestros fundadores.<\/p>\n<p style=\"text-align: justify;\">Nos hace mucha ilusi\u00f3n compartir nuestra experiencia y contribuir a la formaci\u00f3n de personas interesadas en hacer de este mundo un lugar m\u00e1s accesible para todos. Poco a poco se va avanzando en la concienciaci\u00f3n social y es una sensaci\u00f3n muy agradable formar parte activa de ello, en este caso estren\u00e1ndonos en el mundo de la formaci\u00f3n superior en el \u00e1mbito educativo.<\/p>\n<p style=\"text-align: justify;\">Si ten\u00e9is curiosidad, ya est\u00e1 abierto el plazo de <a title=\"Postgrado en Accesibilidad y Dise\u00f1o para Todos\" href=\"http:\/\/www.postgradoenaccesibilidad.com\" target=\"_blank\" rel=\"noopener\">inscripci\u00f3n.<\/a><\/p>\n<p style=\"text-align: justify;\">\u00a1Nosotros os esperamos all\u00ed!<\/p>\n<div class=\"section-nav\"><\/div>\n<h3><strong>Otras noticias sobre Aptent<\/strong><\/h3>\n<p><i class=\"glyhicon-chevron-right\"><\/i><a href=\"\/exito-en-la-ponencia-de-aptent-en-el-dia-del-emprendedor\/\">\u00c9xito en la ponencia de Aptent en El D\u00eda del Emprendedor<\/a><\/p>\n","protected":false},"excerpt":{"rendered":"<p>Por fortuna, cada vez se tiene m\u00e1s conciencia de que la accesibilidad debe ser algo normalizado y no un complemento puntual. En este sentido resulta de especial importancia la formaci\u00f3n en materia de accesibilidad y dise\u00f1o para todos, un \u00e1mbito en el que tambi\u00e9n hemos querido aportar nuestro granito de arena. Creemos que el conocimiento [&hellip;]<\/p>\n","protected":false},"author":2,"featured_media":7890,"comment_status":"open","ping_status":"open","sticky":false,"template":"","format":"standard","meta":{"_et_pb_use_builder":"","_et_pb_old_content":"","_et_gb_content_width":"","footnotes":""},"categories":[47,27],"tags":[],"class_list":["post-7889","post","type-post","status-publish","format-standard","has-post-thumbnail","hentry","category-accesibilidad-comunicacion","category-noticias"],"yoast_head":"<!-- This site is optimized with the Yoast SEO plugin v27.5 - https:\/\/yoast.com\/product\/yoast-seo-wordpress\/ -->\n<title>Aptent participar\u00e1 en el Postgrado en Accesibilidad y Dise\u00f1o para Todos - Aptent Soluciones. Subtitulado y audiodescripci\u00f3n.<\/title>\n<meta name=\"robots\" content=\"index, follow, max-snippet:-1, max-image-preview:large, max-video-preview:-1\" \/>\n<link rel=\"canonical\" href=\"https:\/\/aptent.es\/aptent-participara-en-el-postgrado-en-accesibilidad-y-diseno-para-todos\/\" \/>\n<meta property=\"og:locale\" content=\"eu_ES\" \/>\n<meta property=\"og:type\" content=\"article\" \/>\n<meta property=\"og:title\" content=\"Aptent participar\u00e1 en el Postgrado en Accesibilidad y Dise\u00f1o para Todos - Aptent Soluciones. Subtitulado y audiodescripci\u00f3n.\" \/>\n<meta property=\"og:description\" content=\"Por fortuna, cada vez se tiene m\u00e1s conciencia de que la accesibilidad debe ser algo normalizado y no un complemento puntual. En este sentido resulta de especial importancia la formaci\u00f3n en materia de accesibilidad y dise\u00f1o para todos, un \u00e1mbito en el que tambi\u00e9n hemos querido aportar nuestro granito de arena. Creemos que el conocimiento [&hellip;]\" \/>\n<meta property=\"og:url\" content=\"https:\/\/aptent.es\/aptent-participara-en-el-postgrado-en-accesibilidad-y-diseno-para-todos\/\" \/>\n<meta property=\"og:site_name\" content=\"Aptent Soluciones. Subtitulado y audiodescripci\u00f3n.\" \/>\n<meta property=\"article:published_time\" content=\"2013-05-10T10:08:29+00:00\" \/>\n<meta property=\"article:modified_time\" content=\"2024-05-24T12:34:54+00:00\" \/>\n<meta property=\"og:image\" content=\"https:\/\/aptent.es\/wp-content\/uploads\/2013\/05\/master-javi-e1368183450431.jpg\" \/>\n\t<meta property=\"og:image:width\" content=\"470\" \/>\n\t<meta property=\"og:image:height\" content=\"326\" \/>\n\t<meta property=\"og:image:type\" content=\"image\/jpeg\" \/>\n<meta name=\"author\" content=\"Beatriz Lerones\" \/>\n<meta name=\"twitter:card\" content=\"summary_large_image\" \/>\n<meta name=\"twitter:label1\" content=\"Written by\" \/>\n\t<meta name=\"twitter:data1\" content=\"Beatriz Lerones\" \/>\n\t<meta name=\"twitter:label2\" content=\"Est. reading time\" \/>\n\t<meta name=\"twitter:data2\" content=\"2 minutes\" \/>\n<script type=\"application\/ld+json\" class=\"yoast-schema-graph\">{\"@context\":\"https:\\\/\\\/schema.org\",\"@graph\":[{\"@type\":\"Article\",\"@id\":\"https:\\\/\\\/aptent.es\\\/aptent-participara-en-el-postgrado-en-accesibilidad-y-diseno-para-todos\\\/#article\",\"isPartOf\":{\"@id\":\"https:\\\/\\\/aptent.es\\\/aptent-participara-en-el-postgrado-en-accesibilidad-y-diseno-para-todos\\\/\"},\"author\":{\"name\":\"Beatriz Lerones\",\"@id\":\"https:\\\/\\\/aptent.es\\\/#\\\/schema\\\/person\\\/6e99ccba3c9cd4f73750645a1b442c4a\"},\"headline\":\"Aptent participar\u00e1 en el Postgrado en Accesibilidad y Dise\u00f1o para Todos\",\"datePublished\":\"2013-05-10T10:08:29+00:00\",\"dateModified\":\"2024-05-24T12:34:54+00:00\",\"mainEntityOfPage\":{\"@id\":\"https:\\\/\\\/aptent.es\\\/aptent-participara-en-el-postgrado-en-accesibilidad-y-diseno-para-todos\\\/\"},\"wordCount\":374,\"commentCount\":0,\"image\":{\"@id\":\"https:\\\/\\\/aptent.es\\\/aptent-participara-en-el-postgrado-en-accesibilidad-y-diseno-para-todos\\\/#primaryimage\"},\"thumbnailUrl\":\"https:\\\/\\\/aptent.es\\\/wp-content\\\/uploads\\\/2013\\\/05\\\/master-javi-e1368183450431.jpg\",\"articleSection\":[\"Accesibilidad a la comunicaci\u00f3n\",\"Noticias\"],\"inLanguage\":\"eu-ES\",\"potentialAction\":[{\"@type\":\"CommentAction\",\"name\":\"Comment\",\"target\":[\"https:\\\/\\\/aptent.es\\\/aptent-participara-en-el-postgrado-en-accesibilidad-y-diseno-para-todos\\\/#respond\"]}]},{\"@type\":\"WebPage\",\"@id\":\"https:\\\/\\\/aptent.es\\\/aptent-participara-en-el-postgrado-en-accesibilidad-y-diseno-para-todos\\\/\",\"url\":\"https:\\\/\\\/aptent.es\\\/aptent-participara-en-el-postgrado-en-accesibilidad-y-diseno-para-todos\\\/\",\"name\":\"Aptent participar\u00e1 en el Postgrado en Accesibilidad y Dise\u00f1o para Todos - Aptent Soluciones. Subtitulado y audiodescripci\u00f3n.\",\"isPartOf\":{\"@id\":\"https:\\\/\\\/aptent.es\\\/#website\"},\"primaryImageOfPage\":{\"@id\":\"https:\\\/\\\/aptent.es\\\/aptent-participara-en-el-postgrado-en-accesibilidad-y-diseno-para-todos\\\/#primaryimage\"},\"image\":{\"@id\":\"https:\\\/\\\/aptent.es\\\/aptent-participara-en-el-postgrado-en-accesibilidad-y-diseno-para-todos\\\/#primaryimage\"},\"thumbnailUrl\":\"https:\\\/\\\/aptent.es\\\/wp-content\\\/uploads\\\/2013\\\/05\\\/master-javi-e1368183450431.jpg\",\"datePublished\":\"2013-05-10T10:08:29+00:00\",\"dateModified\":\"2024-05-24T12:34:54+00:00\",\"author\":{\"@id\":\"https:\\\/\\\/aptent.es\\\/#\\\/schema\\\/person\\\/6e99ccba3c9cd4f73750645a1b442c4a\"},\"breadcrumb\":{\"@id\":\"https:\\\/\\\/aptent.es\\\/aptent-participara-en-el-postgrado-en-accesibilidad-y-diseno-para-todos\\\/#breadcrumb\"},\"inLanguage\":\"eu-ES\",\"potentialAction\":[{\"@type\":\"ReadAction\",\"target\":[\"https:\\\/\\\/aptent.es\\\/aptent-participara-en-el-postgrado-en-accesibilidad-y-diseno-para-todos\\\/\"]}]},{\"@type\":\"ImageObject\",\"inLanguage\":\"eu-ES\",\"@id\":\"https:\\\/\\\/aptent.es\\\/aptent-participara-en-el-postgrado-en-accesibilidad-y-diseno-para-todos\\\/#primaryimage\",\"url\":\"https:\\\/\\\/aptent.es\\\/wp-content\\\/uploads\\\/2013\\\/05\\\/master-javi-e1368183450431.jpg\",\"contentUrl\":\"https:\\\/\\\/aptent.es\\\/wp-content\\\/uploads\\\/2013\\\/05\\\/master-javi-e1368183450431.jpg\",\"width\":470,\"height\":326,\"caption\":\"Cartel del Postgrado en Accesibilidad y Dise\u00f1o para Todos\"},{\"@type\":\"BreadcrumbList\",\"@id\":\"https:\\\/\\\/aptent.es\\\/aptent-participara-en-el-postgrado-en-accesibilidad-y-diseno-para-todos\\\/#breadcrumb\",\"itemListElement\":[{\"@type\":\"ListItem\",\"position\":1,\"name\":\"Portada\",\"item\":\"https:\\\/\\\/aptent.es\\\/eu\\\/home\\\/\"},{\"@type\":\"ListItem\",\"position\":2,\"name\":\"Aptent participar\u00e1 en el Postgrado en Accesibilidad y Dise\u00f1o para Todos\"}]},{\"@type\":\"WebSite\",\"@id\":\"https:\\\/\\\/aptent.es\\\/#website\",\"url\":\"https:\\\/\\\/aptent.es\\\/\",\"name\":\"Aptent Soluciones. Subtitulado y audiodescripci\u00f3n.\",\"description\":\"Empresa de tecnolog\u00eda y accesibilidad en la comunicaci\u00f3n. Subtitulado para sordos en directo, traducci\u00f3n, audiodescripci\u00f3n, sistema FM y bucle magn\u00e9tico.\",\"potentialAction\":[{\"@type\":\"SearchAction\",\"target\":{\"@type\":\"EntryPoint\",\"urlTemplate\":\"https:\\\/\\\/aptent.es\\\/?s={search_term_string}\"},\"query-input\":{\"@type\":\"PropertyValueSpecification\",\"valueRequired\":true,\"valueName\":\"search_term_string\"}}],\"inLanguage\":\"eu-ES\"},{\"@type\":\"Person\",\"@id\":\"https:\\\/\\\/aptent.es\\\/#\\\/schema\\\/person\\\/6e99ccba3c9cd4f73750645a1b442c4a\",\"name\":\"Beatriz Lerones\",\"image\":{\"@type\":\"ImageObject\",\"inLanguage\":\"eu-ES\",\"@id\":\"https:\\\/\\\/secure.gravatar.com\\\/avatar\\\/edf99074cac7bd706e13f3e9ad07e8e05c09967ba9e305434c5a09850b1ab0f4?s=96&d=mm&r=g\",\"url\":\"https:\\\/\\\/secure.gravatar.com\\\/avatar\\\/edf99074cac7bd706e13f3e9ad07e8e05c09967ba9e305434c5a09850b1ab0f4?s=96&d=mm&r=g\",\"contentUrl\":\"https:\\\/\\\/secure.gravatar.com\\\/avatar\\\/edf99074cac7bd706e13f3e9ad07e8e05c09967ba9e305434c5a09850b1ab0f4?s=96&d=mm&r=g\",\"caption\":\"Beatriz Lerones\"}}]}<\/script>\n<!-- \/ Yoast SEO plugin. -->","yoast_head_json":{"title":"Aptent participar\u00e1 en el Postgrado en Accesibilidad y Dise\u00f1o para Todos - Aptent Soluciones. Subtitulado y audiodescripci\u00f3n.","robots":{"index":"index","follow":"follow","max-snippet":"max-snippet:-1","max-image-preview":"max-image-preview:large","max-video-preview":"max-video-preview:-1"},"canonical":"https:\/\/aptent.es\/aptent-participara-en-el-postgrado-en-accesibilidad-y-diseno-para-todos\/","og_locale":"eu_ES","og_type":"article","og_title":"Aptent participar\u00e1 en el Postgrado en Accesibilidad y Dise\u00f1o para Todos - Aptent Soluciones. Subtitulado y audiodescripci\u00f3n.","og_description":"Por fortuna, cada vez se tiene m\u00e1s conciencia de que la accesibilidad debe ser algo normalizado y no un complemento puntual. En este sentido resulta de especial importancia la formaci\u00f3n en materia de accesibilidad y dise\u00f1o para todos, un \u00e1mbito en el que tambi\u00e9n hemos querido aportar nuestro granito de arena. Creemos que el conocimiento [&hellip;]","og_url":"https:\/\/aptent.es\/aptent-participara-en-el-postgrado-en-accesibilidad-y-diseno-para-todos\/","og_site_name":"Aptent Soluciones. Subtitulado y audiodescripci\u00f3n.","article_published_time":"2013-05-10T10:08:29+00:00","article_modified_time":"2024-05-24T12:34:54+00:00","og_image":[{"width":470,"height":326,"url":"https:\/\/aptent.es\/wp-content\/uploads\/2013\/05\/master-javi-e1368183450431.jpg","type":"image\/jpeg"}],"author":"Beatriz Lerones","twitter_card":"summary_large_image","twitter_misc":{"Written by":"Beatriz Lerones","Est. reading time":"2 minutes"},"schema":{"@context":"https:\/\/schema.org","@graph":[{"@type":"Article","@id":"https:\/\/aptent.es\/aptent-participara-en-el-postgrado-en-accesibilidad-y-diseno-para-todos\/#article","isPartOf":{"@id":"https:\/\/aptent.es\/aptent-participara-en-el-postgrado-en-accesibilidad-y-diseno-para-todos\/"},"author":{"name":"Beatriz Lerones","@id":"https:\/\/aptent.es\/#\/schema\/person\/6e99ccba3c9cd4f73750645a1b442c4a"},"headline":"Aptent participar\u00e1 en el Postgrado en Accesibilidad y Dise\u00f1o para Todos","datePublished":"2013-05-10T10:08:29+00:00","dateModified":"2024-05-24T12:34:54+00:00","mainEntityOfPage":{"@id":"https:\/\/aptent.es\/aptent-participara-en-el-postgrado-en-accesibilidad-y-diseno-para-todos\/"},"wordCount":374,"commentCount":0,"image":{"@id":"https:\/\/aptent.es\/aptent-participara-en-el-postgrado-en-accesibilidad-y-diseno-para-todos\/#primaryimage"},"thumbnailUrl":"https:\/\/aptent.es\/wp-content\/uploads\/2013\/05\/master-javi-e1368183450431.jpg","articleSection":["Accesibilidad a la comunicaci\u00f3n","Noticias"],"inLanguage":"eu-ES","potentialAction":[{"@type":"CommentAction","name":"Comment","target":["https:\/\/aptent.es\/aptent-participara-en-el-postgrado-en-accesibilidad-y-diseno-para-todos\/#respond"]}]},{"@type":"WebPage","@id":"https:\/\/aptent.es\/aptent-participara-en-el-postgrado-en-accesibilidad-y-diseno-para-todos\/","url":"https:\/\/aptent.es\/aptent-participara-en-el-postgrado-en-accesibilidad-y-diseno-para-todos\/","name":"Aptent participar\u00e1 en el Postgrado en Accesibilidad y Dise\u00f1o para Todos - Aptent Soluciones. Subtitulado y audiodescripci\u00f3n.","isPartOf":{"@id":"https:\/\/aptent.es\/#website"},"primaryImageOfPage":{"@id":"https:\/\/aptent.es\/aptent-participara-en-el-postgrado-en-accesibilidad-y-diseno-para-todos\/#primaryimage"},"image":{"@id":"https:\/\/aptent.es\/aptent-participara-en-el-postgrado-en-accesibilidad-y-diseno-para-todos\/#primaryimage"},"thumbnailUrl":"https:\/\/aptent.es\/wp-content\/uploads\/2013\/05\/master-javi-e1368183450431.jpg","datePublished":"2013-05-10T10:08:29+00:00","dateModified":"2024-05-24T12:34:54+00:00","author":{"@id":"https:\/\/aptent.es\/#\/schema\/person\/6e99ccba3c9cd4f73750645a1b442c4a"},"breadcrumb":{"@id":"https:\/\/aptent.es\/aptent-participara-en-el-postgrado-en-accesibilidad-y-diseno-para-todos\/#breadcrumb"},"inLanguage":"eu-ES","potentialAction":[{"@type":"ReadAction","target":["https:\/\/aptent.es\/aptent-participara-en-el-postgrado-en-accesibilidad-y-diseno-para-todos\/"]}]},{"@type":"ImageObject","inLanguage":"eu-ES","@id":"https:\/\/aptent.es\/aptent-participara-en-el-postgrado-en-accesibilidad-y-diseno-para-todos\/#primaryimage","url":"https:\/\/aptent.es\/wp-content\/uploads\/2013\/05\/master-javi-e1368183450431.jpg","contentUrl":"https:\/\/aptent.es\/wp-content\/uploads\/2013\/05\/master-javi-e1368183450431.jpg","width":470,"height":326,"caption":"Cartel del Postgrado en Accesibilidad y Dise\u00f1o para Todos"},{"@type":"BreadcrumbList","@id":"https:\/\/aptent.es\/aptent-participara-en-el-postgrado-en-accesibilidad-y-diseno-para-todos\/#breadcrumb","itemListElement":[{"@type":"ListItem","position":1,"name":"Portada","item":"https:\/\/aptent.es\/eu\/home\/"},{"@type":"ListItem","position":2,"name":"Aptent participar\u00e1 en el Postgrado en Accesibilidad y Dise\u00f1o para Todos"}]},{"@type":"WebSite","@id":"https:\/\/aptent.es\/#website","url":"https:\/\/aptent.es\/","name":"Aptent Soluciones. Subtitulado y audiodescripci\u00f3n.","description":"Empresa de tecnolog\u00eda y accesibilidad en la comunicaci\u00f3n. Subtitulado para sordos en directo, traducci\u00f3n, audiodescripci\u00f3n, sistema FM y bucle magn\u00e9tico.","potentialAction":[{"@type":"SearchAction","target":{"@type":"EntryPoint","urlTemplate":"https:\/\/aptent.es\/?s={search_term_string}"},"query-input":{"@type":"PropertyValueSpecification","valueRequired":true,"valueName":"search_term_string"}}],"inLanguage":"eu-ES"},{"@type":"Person","@id":"https:\/\/aptent.es\/#\/schema\/person\/6e99ccba3c9cd4f73750645a1b442c4a","name":"Beatriz Lerones","image":{"@type":"ImageObject","inLanguage":"eu-ES","@id":"https:\/\/secure.gravatar.com\/avatar\/edf99074cac7bd706e13f3e9ad07e8e05c09967ba9e305434c5a09850b1ab0f4?s=96&d=mm&r=g","url":"https:\/\/secure.gravatar.com\/avatar\/edf99074cac7bd706e13f3e9ad07e8e05c09967ba9e305434c5a09850b1ab0f4?s=96&d=mm&r=g","contentUrl":"https:\/\/secure.gravatar.com\/avatar\/edf99074cac7bd706e13f3e9ad07e8e05c09967ba9e305434c5a09850b1ab0f4?s=96&d=mm&r=g","caption":"Beatriz Lerones"}}]}},"_links":{"self":[{"href":"https:\/\/aptent.es\/eu\/wp-json\/wp\/v2\/posts\/7889","targetHints":{"allow":["GET"]}}],"collection":[{"href":"https:\/\/aptent.es\/eu\/wp-json\/wp\/v2\/posts"}],"about":[{"href":"https:\/\/aptent.es\/eu\/wp-json\/wp\/v2\/types\/post"}],"author":[{"embeddable":true,"href":"https:\/\/aptent.es\/eu\/wp-json\/wp\/v2\/users\/2"}],"replies":[{"embeddable":true,"href":"https:\/\/aptent.es\/eu\/wp-json\/wp\/v2\/comments?post=7889"}],"version-history":[{"count":1,"href":"https:\/\/aptent.es\/eu\/wp-json\/wp\/v2\/posts\/7889\/revisions"}],"predecessor-version":[{"id":8782,"href":"https:\/\/aptent.es\/eu\/wp-json\/wp\/v2\/posts\/7889\/revisions\/8782"}],"wp:featuredmedia":[{"embeddable":true,"href":"https:\/\/aptent.es\/eu\/wp-json\/wp\/v2\/media\/7890"}],"wp:attachment":[{"href":"https:\/\/aptent.es\/eu\/wp-json\/wp\/v2\/media?parent=7889"}],"wp:term":[{"taxonomy":"category","embeddable":true,"href":"https:\/\/aptent.es\/eu\/wp-json\/wp\/v2\/categories?post=7889"},{"taxonomy":"post_tag","embeddable":true,"href":"https:\/\/aptent.es\/eu\/wp-json\/wp\/v2\/tags?post=7889"}],"curies":[{"name":"wp","href":"https:\/\/api.w.org\/{rel}","templated":true}]}}