{"id":7881,"date":"2013-08-02T13:34:08","date_gmt":"2013-08-02T11:34:08","guid":{"rendered":"http:\/\/aptent.es\/?p=1263"},"modified":"2024-05-24T14:34:35","modified_gmt":"2024-05-24T12:34:35","slug":"comprometidos-con-la-lengua-de-signos","status":"publish","type":"post","link":"https:\/\/aptent.es\/eu\/comprometidos-con-la-lengua-de-signos\/","title":{"rendered":"Comprometidos con la lengua de signos"},"content":{"rendered":"<p style=\"text-align: justify;\">Despu\u00e9s de un tiempo de par\u00f3n bloguero volvemos a la carga, y nada mejor que empezar a escribir este post desde una biblioteca p\u00fablica donde la cultura se respira nada m\u00e1s pisar la sala. En un <a title=\"Europa Press\" href=\"http:\/\/www.europapress.es\/epsocial\/politica-social\/noticia-real-patronato-discapacidad-oei-impulsaran-lengua-signos-espana-20-paises-iberoamericanos-20130325132755.html\" target=\"_blank\" rel=\"noopener\">mundo que cuenta con 70 millones de personas con dificultades auditivas y 400.000 personas en Espa\u00f1a<\/a> que requieren el uso de la lengua de signos, se hace dif\u00edcil imaginar que un gran porcentaje de poblaci\u00f3n no pueda acceder a cualquiera de los contenidos que podemos encontrar entre estas estanter\u00edas. Dif\u00edcil e injusto. Creemos que todas las personas tienen derecho a acceder a la cultura, a la educaci\u00f3n y al ocio en igualdad de condiciones, y como reza nuestra misi\u00f3n al inicio de la p\u00e1gina web, nuestro objetivo no es otro que eliminar las barreras de comunicaci\u00f3n y de acceso a contenidos audiovisuales.<\/p>\n<p style=\"text-align: justify;\">\n<p>[embedyt] http:\/\/www.youtube.com\/watch?v=r_8j81wT59U[\/embedyt]<\/p>\n<p>&nbsp;<\/p>\n<p style=\"text-align: justify;\">Con este objetivo en mente ofrecemos las ayudas t\u00e9cnicas que ya conoc\u00e9is (subtitulado, audio descripci\u00f3n, bucle de inducci\u00f3n magn\u00e9tica y sonido de sala amplificado) pero cada vez m\u00e1s tambi\u00e9n estamos apostando por proyectos en los que est\u00e1 presente la por fortuna cada vez m\u00e1s imprescindible lengua de signos. Uno de los primeros ha sido \u201cNoche de Reyes\u201d, un espect\u00e1culo que hemos co-producido junto a Coarte Producciones y que adem\u00e1s ha estado represent\u00e1ndose en el Teatro SanPol dentro del Festival Veranos de la Villa.<\/p>\n<p style=\"text-align: justify;\">\n<p>[embedyt] http:\/\/www.youtube.com\/watch?v=x8p-O6l94bg[\/embedyt]<\/p>\n<p>&nbsp;<\/p>\n<p style=\"text-align: justify;\">Otro de los proyectos en los que nos embarcamos y que va un pasito m\u00e1s all\u00e1, se estren\u00f3 la \u00faltima semana de junio en el Teatro Valle \u2013 Incl\u00e1n. La obra \u201cMano a mano\u201d, que se ofreci\u00f3 dentro del Festival Una Mirada Diferente del <a title=\"Centro Dram\u00e1tico Nacional\" href=\"http:\/\/cdn.mcu.es\/\" target=\"_blank\" rel=\"noopener\">Centro Dram\u00e1tico Nacional<\/a>, es un espect\u00e1culo dirigido al p\u00fablico infantil y en el que se integra la lengua oral con la lengua de signos de una forma amena y que consigui\u00f3 colgar el cartel de \u201cNo hay entradas\u201d el d\u00eda del estreno.<\/p>\n<p style=\"text-align: justify;\">\n<p>[embedyt] http:\/\/www.youtube.com\/watch?v=3Pp_O9XVT4U[\/embedyt]<\/p>\n<p>&nbsp;<\/p>\n<p style=\"text-align: justify;\">A todas luces cada vez es m\u00e1s la relevancia y la necesidad de prestar atenci\u00f3n a las personas sordas que utilizan la lengua de signos para expresarse y para acceder a los distintos contenidos en su d\u00eda a d\u00eda. Un ejemplo claro de su crecimiento exponencial, es la inclusi\u00f3n de la figura del int\u00e9rprete de lengua de signos en distintos actos, espacios relacionados con el ocio y en los distintos medios de comunicaci\u00f3n, adem\u00e1s de por supuesto, en plataformas digitales. Nosotros apostamos por la lengua de signos desde un principio y reiteramos nuestro compromiso con la comunidad sorda que la reivindica. Y por todo ello, y siendo consecuentes con nuestro objetivo de derribar las barreras de comunicaci\u00f3n, estamos muy contentos de poder compartir con vosotros este v\u00eddeo que nos han hecho los chicos del Servicio de Interpretaci\u00f3n en Lengua de Signos y que resume nuestra visi\u00f3n de cara a esta lengua tan bonita.<\/p>\n<p style=\"text-align: justify;\">\n<p>[embedyt] http:\/\/www.youtube.com\/watch?v=El8exwimBhE[\/embedyt]<\/p>\n","protected":false},"excerpt":{"rendered":"<p>Despu\u00e9s de un tiempo de par\u00f3n bloguero volvemos a la carga, y nada mejor que empezar a escribir este post desde una biblioteca p\u00fablica donde la cultura se respira nada m\u00e1s pisar la sala. En un mundo que cuenta con 70 millones de personas con dificultades auditivas y 400.000 personas en Espa\u00f1a que requieren el [&hellip;]<\/p>\n","protected":false},"author":2,"featured_media":7882,"comment_status":"open","ping_status":"open","sticky":false,"template":"","format":"standard","meta":{"_et_pb_use_builder":"","_et_pb_old_content":"","_et_gb_content_width":"","footnotes":""},"categories":[47,27],"tags":[18,35,57,24,58,59],"class_list":["post-7881","post","type-post","status-publish","format-standard","has-post-thumbnail","hentry","category-accesibilidad-comunicacion","category-noticias","tag-accesibilidad","tag-aptent","tag-interprete","tag-lengua-de-signos","tag-mano-a-mano","tag-noche-de-reyes"],"yoast_head":"<!-- This site is optimized with the Yoast SEO plugin v27.5 - https:\/\/yoast.com\/product\/yoast-seo-wordpress\/ -->\n<title>Comprometidos con la lengua de signos - Aptent Soluciones. Subtitulado y audiodescripci\u00f3n.<\/title>\n<meta name=\"robots\" content=\"index, follow, max-snippet:-1, max-image-preview:large, max-video-preview:-1\" \/>\n<link rel=\"canonical\" href=\"https:\/\/aptent.es\/comprometidos-con-la-lengua-de-signos\/\" \/>\n<meta property=\"og:locale\" content=\"eu_ES\" \/>\n<meta property=\"og:type\" content=\"article\" \/>\n<meta property=\"og:title\" content=\"Comprometidos con la lengua de signos - Aptent Soluciones. Subtitulado y audiodescripci\u00f3n.\" \/>\n<meta property=\"og:description\" content=\"Despu\u00e9s de un tiempo de par\u00f3n bloguero volvemos a la carga, y nada mejor que empezar a escribir este post desde una biblioteca p\u00fablica donde la cultura se respira nada m\u00e1s pisar la sala. En un mundo que cuenta con 70 millones de personas con dificultades auditivas y 400.000 personas en Espa\u00f1a que requieren el [&hellip;]\" \/>\n<meta property=\"og:url\" content=\"https:\/\/aptent.es\/comprometidos-con-la-lengua-de-signos\/\" \/>\n<meta property=\"og:site_name\" content=\"Aptent Soluciones. Subtitulado y audiodescripci\u00f3n.\" \/>\n<meta property=\"article:published_time\" content=\"2013-08-02T11:34:08+00:00\" \/>\n<meta property=\"article:modified_time\" content=\"2024-05-24T12:34:35+00:00\" \/>\n<meta property=\"og:image\" content=\"https:\/\/aptent.es\/wp-content\/uploads\/2013\/08\/73102_664409653586759_336191530_n-e1375447030149.jpg\" \/>\n\t<meta property=\"og:image:width\" content=\"470\" \/>\n\t<meta property=\"og:image:height\" content=\"313\" \/>\n\t<meta property=\"og:image:type\" content=\"image\/jpeg\" \/>\n<meta name=\"author\" content=\"Beatriz Lerones\" \/>\n<meta name=\"twitter:card\" content=\"summary_large_image\" \/>\n<meta name=\"twitter:label1\" content=\"Written by\" \/>\n\t<meta name=\"twitter:data1\" content=\"Beatriz Lerones\" \/>\n\t<meta name=\"twitter:label2\" content=\"Est. reading time\" \/>\n\t<meta name=\"twitter:data2\" content=\"3 minutes\" \/>\n<script type=\"application\/ld+json\" class=\"yoast-schema-graph\">{\"@context\":\"https:\\\/\\\/schema.org\",\"@graph\":[{\"@type\":\"Article\",\"@id\":\"https:\\\/\\\/aptent.es\\\/comprometidos-con-la-lengua-de-signos\\\/#article\",\"isPartOf\":{\"@id\":\"https:\\\/\\\/aptent.es\\\/comprometidos-con-la-lengua-de-signos\\\/\"},\"author\":{\"name\":\"Beatriz Lerones\",\"@id\":\"https:\\\/\\\/aptent.es\\\/#\\\/schema\\\/person\\\/6e99ccba3c9cd4f73750645a1b442c4a\"},\"headline\":\"Comprometidos con la lengua de signos\",\"datePublished\":\"2013-08-02T11:34:08+00:00\",\"dateModified\":\"2024-05-24T12:34:35+00:00\",\"mainEntityOfPage\":{\"@id\":\"https:\\\/\\\/aptent.es\\\/comprometidos-con-la-lengua-de-signos\\\/\"},\"wordCount\":554,\"commentCount\":0,\"image\":{\"@id\":\"https:\\\/\\\/aptent.es\\\/comprometidos-con-la-lengua-de-signos\\\/#primaryimage\"},\"thumbnailUrl\":\"https:\\\/\\\/aptent.es\\\/wp-content\\\/uploads\\\/2013\\\/08\\\/73102_664409653586759_336191530_n-e1375447030149.jpg\",\"keywords\":[\"Accesibilidad\",\"Aptent\",\"int\u00e9rprete\",\"Lengua de Signos\",\"mano a mano\",\"noche de reyes\"],\"articleSection\":[\"Accesibilidad a la comunicaci\u00f3n\",\"Noticias\"],\"inLanguage\":\"eu-ES\",\"potentialAction\":[{\"@type\":\"CommentAction\",\"name\":\"Comment\",\"target\":[\"https:\\\/\\\/aptent.es\\\/comprometidos-con-la-lengua-de-signos\\\/#respond\"]}]},{\"@type\":\"WebPage\",\"@id\":\"https:\\\/\\\/aptent.es\\\/comprometidos-con-la-lengua-de-signos\\\/\",\"url\":\"https:\\\/\\\/aptent.es\\\/comprometidos-con-la-lengua-de-signos\\\/\",\"name\":\"Comprometidos con la lengua de signos - Aptent Soluciones. Subtitulado y audiodescripci\u00f3n.\",\"isPartOf\":{\"@id\":\"https:\\\/\\\/aptent.es\\\/#website\"},\"primaryImageOfPage\":{\"@id\":\"https:\\\/\\\/aptent.es\\\/comprometidos-con-la-lengua-de-signos\\\/#primaryimage\"},\"image\":{\"@id\":\"https:\\\/\\\/aptent.es\\\/comprometidos-con-la-lengua-de-signos\\\/#primaryimage\"},\"thumbnailUrl\":\"https:\\\/\\\/aptent.es\\\/wp-content\\\/uploads\\\/2013\\\/08\\\/73102_664409653586759_336191530_n-e1375447030149.jpg\",\"datePublished\":\"2013-08-02T11:34:08+00:00\",\"dateModified\":\"2024-05-24T12:34:35+00:00\",\"author\":{\"@id\":\"https:\\\/\\\/aptent.es\\\/#\\\/schema\\\/person\\\/6e99ccba3c9cd4f73750645a1b442c4a\"},\"breadcrumb\":{\"@id\":\"https:\\\/\\\/aptent.es\\\/comprometidos-con-la-lengua-de-signos\\\/#breadcrumb\"},\"inLanguage\":\"eu-ES\",\"potentialAction\":[{\"@type\":\"ReadAction\",\"target\":[\"https:\\\/\\\/aptent.es\\\/comprometidos-con-la-lengua-de-signos\\\/\"]}]},{\"@type\":\"ImageObject\",\"inLanguage\":\"eu-ES\",\"@id\":\"https:\\\/\\\/aptent.es\\\/comprometidos-con-la-lengua-de-signos\\\/#primaryimage\",\"url\":\"https:\\\/\\\/aptent.es\\\/wp-content\\\/uploads\\\/2013\\\/08\\\/73102_664409653586759_336191530_n-e1375447030149.jpg\",\"contentUrl\":\"https:\\\/\\\/aptent.es\\\/wp-content\\\/uploads\\\/2013\\\/08\\\/73102_664409653586759_336191530_n-e1375447030149.jpg\",\"width\":470,\"height\":313,\"caption\":\"Momento de la representaci\u00f3n de la obra \\\"Mano a Mano\\\"\"},{\"@type\":\"BreadcrumbList\",\"@id\":\"https:\\\/\\\/aptent.es\\\/comprometidos-con-la-lengua-de-signos\\\/#breadcrumb\",\"itemListElement\":[{\"@type\":\"ListItem\",\"position\":1,\"name\":\"Portada\",\"item\":\"https:\\\/\\\/aptent.es\\\/eu\\\/home\\\/\"},{\"@type\":\"ListItem\",\"position\":2,\"name\":\"Comprometidos con la lengua de signos\"}]},{\"@type\":\"WebSite\",\"@id\":\"https:\\\/\\\/aptent.es\\\/#website\",\"url\":\"https:\\\/\\\/aptent.es\\\/\",\"name\":\"Aptent Soluciones. Subtitulado y audiodescripci\u00f3n.\",\"description\":\"Empresa de tecnolog\u00eda y accesibilidad en la comunicaci\u00f3n. Subtitulado para sordos en directo, traducci\u00f3n, audiodescripci\u00f3n, sistema FM y bucle magn\u00e9tico.\",\"potentialAction\":[{\"@type\":\"SearchAction\",\"target\":{\"@type\":\"EntryPoint\",\"urlTemplate\":\"https:\\\/\\\/aptent.es\\\/?s={search_term_string}\"},\"query-input\":{\"@type\":\"PropertyValueSpecification\",\"valueRequired\":true,\"valueName\":\"search_term_string\"}}],\"inLanguage\":\"eu-ES\"},{\"@type\":\"Person\",\"@id\":\"https:\\\/\\\/aptent.es\\\/#\\\/schema\\\/person\\\/6e99ccba3c9cd4f73750645a1b442c4a\",\"name\":\"Beatriz Lerones\",\"image\":{\"@type\":\"ImageObject\",\"inLanguage\":\"eu-ES\",\"@id\":\"https:\\\/\\\/secure.gravatar.com\\\/avatar\\\/edf99074cac7bd706e13f3e9ad07e8e05c09967ba9e305434c5a09850b1ab0f4?s=96&d=mm&r=g\",\"url\":\"https:\\\/\\\/secure.gravatar.com\\\/avatar\\\/edf99074cac7bd706e13f3e9ad07e8e05c09967ba9e305434c5a09850b1ab0f4?s=96&d=mm&r=g\",\"contentUrl\":\"https:\\\/\\\/secure.gravatar.com\\\/avatar\\\/edf99074cac7bd706e13f3e9ad07e8e05c09967ba9e305434c5a09850b1ab0f4?s=96&d=mm&r=g\",\"caption\":\"Beatriz Lerones\"}}]}<\/script>\n<!-- \/ Yoast SEO plugin. -->","yoast_head_json":{"title":"Comprometidos con la lengua de signos - Aptent Soluciones. Subtitulado y audiodescripci\u00f3n.","robots":{"index":"index","follow":"follow","max-snippet":"max-snippet:-1","max-image-preview":"max-image-preview:large","max-video-preview":"max-video-preview:-1"},"canonical":"https:\/\/aptent.es\/comprometidos-con-la-lengua-de-signos\/","og_locale":"eu_ES","og_type":"article","og_title":"Comprometidos con la lengua de signos - Aptent Soluciones. Subtitulado y audiodescripci\u00f3n.","og_description":"Despu\u00e9s de un tiempo de par\u00f3n bloguero volvemos a la carga, y nada mejor que empezar a escribir este post desde una biblioteca p\u00fablica donde la cultura se respira nada m\u00e1s pisar la sala. En un mundo que cuenta con 70 millones de personas con dificultades auditivas y 400.000 personas en Espa\u00f1a que requieren el [&hellip;]","og_url":"https:\/\/aptent.es\/comprometidos-con-la-lengua-de-signos\/","og_site_name":"Aptent Soluciones. Subtitulado y audiodescripci\u00f3n.","article_published_time":"2013-08-02T11:34:08+00:00","article_modified_time":"2024-05-24T12:34:35+00:00","og_image":[{"width":470,"height":313,"url":"https:\/\/aptent.es\/wp-content\/uploads\/2013\/08\/73102_664409653586759_336191530_n-e1375447030149.jpg","type":"image\/jpeg"}],"author":"Beatriz Lerones","twitter_card":"summary_large_image","twitter_misc":{"Written by":"Beatriz Lerones","Est. reading time":"3 minutes"},"schema":{"@context":"https:\/\/schema.org","@graph":[{"@type":"Article","@id":"https:\/\/aptent.es\/comprometidos-con-la-lengua-de-signos\/#article","isPartOf":{"@id":"https:\/\/aptent.es\/comprometidos-con-la-lengua-de-signos\/"},"author":{"name":"Beatriz Lerones","@id":"https:\/\/aptent.es\/#\/schema\/person\/6e99ccba3c9cd4f73750645a1b442c4a"},"headline":"Comprometidos con la lengua de signos","datePublished":"2013-08-02T11:34:08+00:00","dateModified":"2024-05-24T12:34:35+00:00","mainEntityOfPage":{"@id":"https:\/\/aptent.es\/comprometidos-con-la-lengua-de-signos\/"},"wordCount":554,"commentCount":0,"image":{"@id":"https:\/\/aptent.es\/comprometidos-con-la-lengua-de-signos\/#primaryimage"},"thumbnailUrl":"https:\/\/aptent.es\/wp-content\/uploads\/2013\/08\/73102_664409653586759_336191530_n-e1375447030149.jpg","keywords":["Accesibilidad","Aptent","int\u00e9rprete","Lengua de Signos","mano a mano","noche de reyes"],"articleSection":["Accesibilidad a la comunicaci\u00f3n","Noticias"],"inLanguage":"eu-ES","potentialAction":[{"@type":"CommentAction","name":"Comment","target":["https:\/\/aptent.es\/comprometidos-con-la-lengua-de-signos\/#respond"]}]},{"@type":"WebPage","@id":"https:\/\/aptent.es\/comprometidos-con-la-lengua-de-signos\/","url":"https:\/\/aptent.es\/comprometidos-con-la-lengua-de-signos\/","name":"Comprometidos con la lengua de signos - Aptent Soluciones. Subtitulado y audiodescripci\u00f3n.","isPartOf":{"@id":"https:\/\/aptent.es\/#website"},"primaryImageOfPage":{"@id":"https:\/\/aptent.es\/comprometidos-con-la-lengua-de-signos\/#primaryimage"},"image":{"@id":"https:\/\/aptent.es\/comprometidos-con-la-lengua-de-signos\/#primaryimage"},"thumbnailUrl":"https:\/\/aptent.es\/wp-content\/uploads\/2013\/08\/73102_664409653586759_336191530_n-e1375447030149.jpg","datePublished":"2013-08-02T11:34:08+00:00","dateModified":"2024-05-24T12:34:35+00:00","author":{"@id":"https:\/\/aptent.es\/#\/schema\/person\/6e99ccba3c9cd4f73750645a1b442c4a"},"breadcrumb":{"@id":"https:\/\/aptent.es\/comprometidos-con-la-lengua-de-signos\/#breadcrumb"},"inLanguage":"eu-ES","potentialAction":[{"@type":"ReadAction","target":["https:\/\/aptent.es\/comprometidos-con-la-lengua-de-signos\/"]}]},{"@type":"ImageObject","inLanguage":"eu-ES","@id":"https:\/\/aptent.es\/comprometidos-con-la-lengua-de-signos\/#primaryimage","url":"https:\/\/aptent.es\/wp-content\/uploads\/2013\/08\/73102_664409653586759_336191530_n-e1375447030149.jpg","contentUrl":"https:\/\/aptent.es\/wp-content\/uploads\/2013\/08\/73102_664409653586759_336191530_n-e1375447030149.jpg","width":470,"height":313,"caption":"Momento de la representaci\u00f3n de la obra \"Mano a Mano\""},{"@type":"BreadcrumbList","@id":"https:\/\/aptent.es\/comprometidos-con-la-lengua-de-signos\/#breadcrumb","itemListElement":[{"@type":"ListItem","position":1,"name":"Portada","item":"https:\/\/aptent.es\/eu\/home\/"},{"@type":"ListItem","position":2,"name":"Comprometidos con la lengua de signos"}]},{"@type":"WebSite","@id":"https:\/\/aptent.es\/#website","url":"https:\/\/aptent.es\/","name":"Aptent Soluciones. Subtitulado y audiodescripci\u00f3n.","description":"Empresa de tecnolog\u00eda y accesibilidad en la comunicaci\u00f3n. Subtitulado para sordos en directo, traducci\u00f3n, audiodescripci\u00f3n, sistema FM y bucle magn\u00e9tico.","potentialAction":[{"@type":"SearchAction","target":{"@type":"EntryPoint","urlTemplate":"https:\/\/aptent.es\/?s={search_term_string}"},"query-input":{"@type":"PropertyValueSpecification","valueRequired":true,"valueName":"search_term_string"}}],"inLanguage":"eu-ES"},{"@type":"Person","@id":"https:\/\/aptent.es\/#\/schema\/person\/6e99ccba3c9cd4f73750645a1b442c4a","name":"Beatriz Lerones","image":{"@type":"ImageObject","inLanguage":"eu-ES","@id":"https:\/\/secure.gravatar.com\/avatar\/edf99074cac7bd706e13f3e9ad07e8e05c09967ba9e305434c5a09850b1ab0f4?s=96&d=mm&r=g","url":"https:\/\/secure.gravatar.com\/avatar\/edf99074cac7bd706e13f3e9ad07e8e05c09967ba9e305434c5a09850b1ab0f4?s=96&d=mm&r=g","contentUrl":"https:\/\/secure.gravatar.com\/avatar\/edf99074cac7bd706e13f3e9ad07e8e05c09967ba9e305434c5a09850b1ab0f4?s=96&d=mm&r=g","caption":"Beatriz Lerones"}}]}},"_links":{"self":[{"href":"https:\/\/aptent.es\/eu\/wp-json\/wp\/v2\/posts\/7881","targetHints":{"allow":["GET"]}}],"collection":[{"href":"https:\/\/aptent.es\/eu\/wp-json\/wp\/v2\/posts"}],"about":[{"href":"https:\/\/aptent.es\/eu\/wp-json\/wp\/v2\/types\/post"}],"author":[{"embeddable":true,"href":"https:\/\/aptent.es\/eu\/wp-json\/wp\/v2\/users\/2"}],"replies":[{"embeddable":true,"href":"https:\/\/aptent.es\/eu\/wp-json\/wp\/v2\/comments?post=7881"}],"version-history":[{"count":1,"href":"https:\/\/aptent.es\/eu\/wp-json\/wp\/v2\/posts\/7881\/revisions"}],"predecessor-version":[{"id":8778,"href":"https:\/\/aptent.es\/eu\/wp-json\/wp\/v2\/posts\/7881\/revisions\/8778"}],"wp:featuredmedia":[{"embeddable":true,"href":"https:\/\/aptent.es\/eu\/wp-json\/wp\/v2\/media\/7882"}],"wp:attachment":[{"href":"https:\/\/aptent.es\/eu\/wp-json\/wp\/v2\/media?parent=7881"}],"wp:term":[{"taxonomy":"category","embeddable":true,"href":"https:\/\/aptent.es\/eu\/wp-json\/wp\/v2\/categories?post=7881"},{"taxonomy":"post_tag","embeddable":true,"href":"https:\/\/aptent.es\/eu\/wp-json\/wp\/v2\/tags?post=7881"}],"curies":[{"name":"wp","href":"https:\/\/api.w.org\/{rel}","templated":true}]}}