{"id":7815,"date":"2014-07-25T09:38:18","date_gmt":"2014-07-25T07:38:18","guid":{"rendered":"http:\/\/aptent.es\/?p=2279"},"modified":"2024-05-24T14:32:15","modified_gmt":"2024-05-24T12:32:15","slug":"atrapado-por-la-accesibilidad","status":"publish","type":"post","link":"https:\/\/aptent.es\/eu\/atrapado-por-la-accesibilidad\/","title":{"rendered":"Atrapado por la accesibilidad"},"content":{"rendered":"<p style=\"text-align: justify;\"><em>Hoy queremos compartiros una entrada muy especial. Nuestro compa\u00f1ero Carlos Hern\u00e1ndez resume su experiencia durante estos meses con nosotros, dej\u00e1ndonos una visi\u00f3n que nos alegra escuchar. \u00a1Gracias por tus palabras!\u00a0<\/em><\/p>\n<p style=\"text-align: justify;\">Cuando recib\u00ed la llamada jam\u00e1s imagin\u00e9 lo que podr\u00eda haber aprendido de esta experiencia en Aptent Be Accessible!. Soy el <strong>Social Media Manager<\/strong> -el que lleva las redes sociales para hablar en cristiano- de esta entidad y esta profesi\u00f3n tiene una ventaja respecto a otras: te permite ampliar tu horizonte de formaci\u00f3n y conocimiento sobre tu contexto de trabajo hasta cotas impensables.<\/p>\n<p style=\"text-align: justify;\">Han sido unos meses de aprendizaje, no solo de las herramientas b\u00e1sicas para la comunicaci\u00f3n digital tan importante en la actualidad, sino de un sector fascinante. <strong>\u00bf<a href=\"http:\/\/aptent.es\/como-se-hace-una-audiodescripcion-para-teatro\/\">Audiodescripci\u00f3n<\/a>? \u00bfBucle magn\u00e9tico? \u00bfLengua de signos? \u00bf<a href=\"http:\/\/aptent.es\/como-se-subtitula-en-teatro\/\">Subtitulado<\/a>?<\/strong> De inusuales al principio, estos conceptos pasaron a convertirse en algo intr\u00ednseco a mi trabajo y persona. Y lo mejor no es el acercamiento a estos servicios, sino interiorizar la <strong>raz\u00f3n social<\/strong> de esta compa\u00f1\u00eda: ayudar a los que no pueden ver y o\u00edr aquello que la gran mayor\u00eda minusvaloramos; aquellos a los que, muchas veces, proferimos una patada por carecer de la sensibilidad necesaria para apreciar su situaci\u00f3n.<\/p>\n<p style=\"text-align: justify;\">Todos sabemos que uno no valora algo hasta que lo pierde. Cuando oyes palabras de agradecimiento de una persona ciega o sorda o de cualquiera de las tantas asociaciones e iniciativas que luchan por sus derechos, sientes que has puesto tu granito de arena para\u00a0<strong>mejorar la vida<\/strong> de alguien.<\/p>\n<p style=\"text-align: justify;\">Desde que llegue hasta hoy, no he dejado de percibir el <strong>esp\u00edritu<\/strong> de este equipo\u00a0de querer vivir sin red. Una sed insaciable de perfeccionar, diversificar y expandir. Una <a href=\"http:\/\/aptent.es\/ya-esta-aqui-teatro-accesible-para-ios\/\">app de Teatro Accesible<\/a>, las obras en los grandes teatros, los festivales que aunaban <a href=\"http:\/\/www.teatrosaccesibles.com\/es\/season\/archive\/9\">teatro y discapacidad<\/a> o la apuesta por la <strong>inclusi\u00f3n<\/strong> es lo que rezuma de esta corta pero intensa experiencia, en la que, no puedo negar haber aprendido sobre comunicaci\u00f3n y accesibilidad, pero en la que me he dado cuenta especialmente del poder del binomio <strong>humanidad-tecnolog\u00eda<\/strong> para ayudar a las personas que lo necesitan.<\/p>\n<p style=\"text-align: justify;\">La vida ahora toma un nuevo rumbo aunque si la utop\u00eda de este proyecto es la plena igualdad e inclusi\u00f3n de las personas con <strong>diversidad funcional<\/strong>, con servidor tienen un nuevo adepto. Gracias por todo \ud83d\ude42<\/p>\n","protected":false},"excerpt":{"rendered":"<p>Hoy queremos compartiros una entrada muy especial. Nuestro compa\u00f1ero Carlos Hern\u00e1ndez resume su experiencia durante estos meses con nosotros, dej\u00e1ndonos una visi\u00f3n que nos alegra escuchar. \u00a1Gracias por tus palabras!\u00a0 Cuando recib\u00ed la llamada jam\u00e1s imagin\u00e9 lo que podr\u00eda haber aprendido de esta experiencia en Aptent Be Accessible!. Soy el Social Media Manager -el que [&hellip;]<\/p>\n","protected":false},"author":2,"featured_media":7816,"comment_status":"open","ping_status":"open","sticky":false,"template":"","format":"standard","meta":{"_et_pb_use_builder":"","_et_pb_old_content":"","_et_gb_content_width":"","footnotes":""},"categories":[47,27],"tags":[],"class_list":["post-7815","post","type-post","status-publish","format-standard","has-post-thumbnail","hentry","category-accesibilidad-comunicacion","category-noticias"],"yoast_head":"<!-- This site is optimized with the Yoast SEO plugin v27.5 - https:\/\/yoast.com\/product\/yoast-seo-wordpress\/ -->\n<title>Atrapado por la accesibilidad - Aptent Soluciones. Subtitulado y audiodescripci\u00f3n.<\/title>\n<meta name=\"robots\" content=\"index, follow, max-snippet:-1, max-image-preview:large, max-video-preview:-1\" \/>\n<link rel=\"canonical\" href=\"https:\/\/aptent.es\/atrapado-por-la-accesibilidad\/\" \/>\n<meta property=\"og:locale\" content=\"eu_ES\" \/>\n<meta property=\"og:type\" content=\"article\" \/>\n<meta property=\"og:title\" content=\"Atrapado por la accesibilidad - Aptent Soluciones. Subtitulado y audiodescripci\u00f3n.\" \/>\n<meta property=\"og:description\" content=\"Hoy queremos compartiros una entrada muy especial. Nuestro compa\u00f1ero Carlos Hern\u00e1ndez resume su experiencia durante estos meses con nosotros, dej\u00e1ndonos una visi\u00f3n que nos alegra escuchar. \u00a1Gracias por tus palabras!\u00a0 Cuando recib\u00ed la llamada jam\u00e1s imagin\u00e9 lo que podr\u00eda haber aprendido de esta experiencia en Aptent Be Accessible!. Soy el Social Media Manager -el que [&hellip;]\" \/>\n<meta property=\"og:url\" content=\"https:\/\/aptent.es\/atrapado-por-la-accesibilidad\/\" \/>\n<meta property=\"og:site_name\" content=\"Aptent Soluciones. Subtitulado y audiodescripci\u00f3n.\" \/>\n<meta property=\"article:published_time\" content=\"2014-07-25T07:38:18+00:00\" \/>\n<meta property=\"article:modified_time\" content=\"2024-05-24T12:32:15+00:00\" \/>\n<meta property=\"og:image\" content=\"https:\/\/aptent.es\/wp-content\/uploads\/2014\/07\/blog-selfie-grupo.jpg\" \/>\n\t<meta property=\"og:image:width\" content=\"470\" \/>\n\t<meta property=\"og:image:height\" content=\"353\" \/>\n\t<meta property=\"og:image:type\" content=\"image\/jpeg\" \/>\n<meta name=\"author\" content=\"Beatriz Lerones\" \/>\n<meta name=\"twitter:card\" content=\"summary_large_image\" \/>\n<meta name=\"twitter:label1\" content=\"Written by\" \/>\n\t<meta name=\"twitter:data1\" content=\"Beatriz Lerones\" \/>\n\t<meta name=\"twitter:label2\" content=\"Est. reading time\" \/>\n\t<meta name=\"twitter:data2\" content=\"2 minutes\" \/>\n<script type=\"application\/ld+json\" class=\"yoast-schema-graph\">{\"@context\":\"https:\\\/\\\/schema.org\",\"@graph\":[{\"@type\":\"Article\",\"@id\":\"https:\\\/\\\/aptent.es\\\/atrapado-por-la-accesibilidad\\\/#article\",\"isPartOf\":{\"@id\":\"https:\\\/\\\/aptent.es\\\/atrapado-por-la-accesibilidad\\\/\"},\"author\":{\"name\":\"Beatriz Lerones\",\"@id\":\"https:\\\/\\\/aptent.es\\\/#\\\/schema\\\/person\\\/6e99ccba3c9cd4f73750645a1b442c4a\"},\"headline\":\"Atrapado por la accesibilidad\",\"datePublished\":\"2014-07-25T07:38:18+00:00\",\"dateModified\":\"2024-05-24T12:32:15+00:00\",\"mainEntityOfPage\":{\"@id\":\"https:\\\/\\\/aptent.es\\\/atrapado-por-la-accesibilidad\\\/\"},\"wordCount\":403,\"commentCount\":0,\"image\":{\"@id\":\"https:\\\/\\\/aptent.es\\\/atrapado-por-la-accesibilidad\\\/#primaryimage\"},\"thumbnailUrl\":\"https:\\\/\\\/aptent.es\\\/wp-content\\\/uploads\\\/2014\\\/07\\\/blog-selfie-grupo.jpg\",\"articleSection\":[\"Accesibilidad a la comunicaci\u00f3n\",\"Noticias\"],\"inLanguage\":\"eu-ES\",\"potentialAction\":[{\"@type\":\"CommentAction\",\"name\":\"Comment\",\"target\":[\"https:\\\/\\\/aptent.es\\\/atrapado-por-la-accesibilidad\\\/#respond\"]}]},{\"@type\":\"WebPage\",\"@id\":\"https:\\\/\\\/aptent.es\\\/atrapado-por-la-accesibilidad\\\/\",\"url\":\"https:\\\/\\\/aptent.es\\\/atrapado-por-la-accesibilidad\\\/\",\"name\":\"Atrapado por la accesibilidad - Aptent Soluciones. Subtitulado y audiodescripci\u00f3n.\",\"isPartOf\":{\"@id\":\"https:\\\/\\\/aptent.es\\\/#website\"},\"primaryImageOfPage\":{\"@id\":\"https:\\\/\\\/aptent.es\\\/atrapado-por-la-accesibilidad\\\/#primaryimage\"},\"image\":{\"@id\":\"https:\\\/\\\/aptent.es\\\/atrapado-por-la-accesibilidad\\\/#primaryimage\"},\"thumbnailUrl\":\"https:\\\/\\\/aptent.es\\\/wp-content\\\/uploads\\\/2014\\\/07\\\/blog-selfie-grupo.jpg\",\"datePublished\":\"2014-07-25T07:38:18+00:00\",\"dateModified\":\"2024-05-24T12:32:15+00:00\",\"author\":{\"@id\":\"https:\\\/\\\/aptent.es\\\/#\\\/schema\\\/person\\\/6e99ccba3c9cd4f73750645a1b442c4a\"},\"breadcrumb\":{\"@id\":\"https:\\\/\\\/aptent.es\\\/atrapado-por-la-accesibilidad\\\/#breadcrumb\"},\"inLanguage\":\"eu-ES\",\"potentialAction\":[{\"@type\":\"ReadAction\",\"target\":[\"https:\\\/\\\/aptent.es\\\/atrapado-por-la-accesibilidad\\\/\"]}]},{\"@type\":\"ImageObject\",\"inLanguage\":\"eu-ES\",\"@id\":\"https:\\\/\\\/aptent.es\\\/atrapado-por-la-accesibilidad\\\/#primaryimage\",\"url\":\"https:\\\/\\\/aptent.es\\\/wp-content\\\/uploads\\\/2014\\\/07\\\/blog-selfie-grupo.jpg\",\"contentUrl\":\"https:\\\/\\\/aptent.es\\\/wp-content\\\/uploads\\\/2014\\\/07\\\/blog-selfie-grupo.jpg\",\"width\":470,\"height\":353},{\"@type\":\"BreadcrumbList\",\"@id\":\"https:\\\/\\\/aptent.es\\\/atrapado-por-la-accesibilidad\\\/#breadcrumb\",\"itemListElement\":[{\"@type\":\"ListItem\",\"position\":1,\"name\":\"Portada\",\"item\":\"https:\\\/\\\/aptent.es\\\/eu\\\/home\\\/\"},{\"@type\":\"ListItem\",\"position\":2,\"name\":\"Atrapado por la accesibilidad\"}]},{\"@type\":\"WebSite\",\"@id\":\"https:\\\/\\\/aptent.es\\\/#website\",\"url\":\"https:\\\/\\\/aptent.es\\\/\",\"name\":\"Aptent Soluciones. Subtitulado y audiodescripci\u00f3n.\",\"description\":\"Empresa de tecnolog\u00eda y accesibilidad en la comunicaci\u00f3n. Subtitulado para sordos en directo, traducci\u00f3n, audiodescripci\u00f3n, sistema FM y bucle magn\u00e9tico.\",\"potentialAction\":[{\"@type\":\"SearchAction\",\"target\":{\"@type\":\"EntryPoint\",\"urlTemplate\":\"https:\\\/\\\/aptent.es\\\/?s={search_term_string}\"},\"query-input\":{\"@type\":\"PropertyValueSpecification\",\"valueRequired\":true,\"valueName\":\"search_term_string\"}}],\"inLanguage\":\"eu-ES\"},{\"@type\":\"Person\",\"@id\":\"https:\\\/\\\/aptent.es\\\/#\\\/schema\\\/person\\\/6e99ccba3c9cd4f73750645a1b442c4a\",\"name\":\"Beatriz Lerones\",\"image\":{\"@type\":\"ImageObject\",\"inLanguage\":\"eu-ES\",\"@id\":\"https:\\\/\\\/secure.gravatar.com\\\/avatar\\\/edf99074cac7bd706e13f3e9ad07e8e05c09967ba9e305434c5a09850b1ab0f4?s=96&d=mm&r=g\",\"url\":\"https:\\\/\\\/secure.gravatar.com\\\/avatar\\\/edf99074cac7bd706e13f3e9ad07e8e05c09967ba9e305434c5a09850b1ab0f4?s=96&d=mm&r=g\",\"contentUrl\":\"https:\\\/\\\/secure.gravatar.com\\\/avatar\\\/edf99074cac7bd706e13f3e9ad07e8e05c09967ba9e305434c5a09850b1ab0f4?s=96&d=mm&r=g\",\"caption\":\"Beatriz Lerones\"}}]}<\/script>\n<!-- \/ Yoast SEO plugin. -->","yoast_head_json":{"title":"Atrapado por la accesibilidad - Aptent Soluciones. Subtitulado y audiodescripci\u00f3n.","robots":{"index":"index","follow":"follow","max-snippet":"max-snippet:-1","max-image-preview":"max-image-preview:large","max-video-preview":"max-video-preview:-1"},"canonical":"https:\/\/aptent.es\/atrapado-por-la-accesibilidad\/","og_locale":"eu_ES","og_type":"article","og_title":"Atrapado por la accesibilidad - Aptent Soluciones. Subtitulado y audiodescripci\u00f3n.","og_description":"Hoy queremos compartiros una entrada muy especial. Nuestro compa\u00f1ero Carlos Hern\u00e1ndez resume su experiencia durante estos meses con nosotros, dej\u00e1ndonos una visi\u00f3n que nos alegra escuchar. \u00a1Gracias por tus palabras!\u00a0 Cuando recib\u00ed la llamada jam\u00e1s imagin\u00e9 lo que podr\u00eda haber aprendido de esta experiencia en Aptent Be Accessible!. Soy el Social Media Manager -el que [&hellip;]","og_url":"https:\/\/aptent.es\/atrapado-por-la-accesibilidad\/","og_site_name":"Aptent Soluciones. Subtitulado y audiodescripci\u00f3n.","article_published_time":"2014-07-25T07:38:18+00:00","article_modified_time":"2024-05-24T12:32:15+00:00","og_image":[{"width":470,"height":353,"url":"https:\/\/aptent.es\/wp-content\/uploads\/2014\/07\/blog-selfie-grupo.jpg","type":"image\/jpeg"}],"author":"Beatriz Lerones","twitter_card":"summary_large_image","twitter_misc":{"Written by":"Beatriz Lerones","Est. reading time":"2 minutes"},"schema":{"@context":"https:\/\/schema.org","@graph":[{"@type":"Article","@id":"https:\/\/aptent.es\/atrapado-por-la-accesibilidad\/#article","isPartOf":{"@id":"https:\/\/aptent.es\/atrapado-por-la-accesibilidad\/"},"author":{"name":"Beatriz Lerones","@id":"https:\/\/aptent.es\/#\/schema\/person\/6e99ccba3c9cd4f73750645a1b442c4a"},"headline":"Atrapado por la accesibilidad","datePublished":"2014-07-25T07:38:18+00:00","dateModified":"2024-05-24T12:32:15+00:00","mainEntityOfPage":{"@id":"https:\/\/aptent.es\/atrapado-por-la-accesibilidad\/"},"wordCount":403,"commentCount":0,"image":{"@id":"https:\/\/aptent.es\/atrapado-por-la-accesibilidad\/#primaryimage"},"thumbnailUrl":"https:\/\/aptent.es\/wp-content\/uploads\/2014\/07\/blog-selfie-grupo.jpg","articleSection":["Accesibilidad a la comunicaci\u00f3n","Noticias"],"inLanguage":"eu-ES","potentialAction":[{"@type":"CommentAction","name":"Comment","target":["https:\/\/aptent.es\/atrapado-por-la-accesibilidad\/#respond"]}]},{"@type":"WebPage","@id":"https:\/\/aptent.es\/atrapado-por-la-accesibilidad\/","url":"https:\/\/aptent.es\/atrapado-por-la-accesibilidad\/","name":"Atrapado por la accesibilidad - Aptent Soluciones. Subtitulado y audiodescripci\u00f3n.","isPartOf":{"@id":"https:\/\/aptent.es\/#website"},"primaryImageOfPage":{"@id":"https:\/\/aptent.es\/atrapado-por-la-accesibilidad\/#primaryimage"},"image":{"@id":"https:\/\/aptent.es\/atrapado-por-la-accesibilidad\/#primaryimage"},"thumbnailUrl":"https:\/\/aptent.es\/wp-content\/uploads\/2014\/07\/blog-selfie-grupo.jpg","datePublished":"2014-07-25T07:38:18+00:00","dateModified":"2024-05-24T12:32:15+00:00","author":{"@id":"https:\/\/aptent.es\/#\/schema\/person\/6e99ccba3c9cd4f73750645a1b442c4a"},"breadcrumb":{"@id":"https:\/\/aptent.es\/atrapado-por-la-accesibilidad\/#breadcrumb"},"inLanguage":"eu-ES","potentialAction":[{"@type":"ReadAction","target":["https:\/\/aptent.es\/atrapado-por-la-accesibilidad\/"]}]},{"@type":"ImageObject","inLanguage":"eu-ES","@id":"https:\/\/aptent.es\/atrapado-por-la-accesibilidad\/#primaryimage","url":"https:\/\/aptent.es\/wp-content\/uploads\/2014\/07\/blog-selfie-grupo.jpg","contentUrl":"https:\/\/aptent.es\/wp-content\/uploads\/2014\/07\/blog-selfie-grupo.jpg","width":470,"height":353},{"@type":"BreadcrumbList","@id":"https:\/\/aptent.es\/atrapado-por-la-accesibilidad\/#breadcrumb","itemListElement":[{"@type":"ListItem","position":1,"name":"Portada","item":"https:\/\/aptent.es\/eu\/home\/"},{"@type":"ListItem","position":2,"name":"Atrapado por la accesibilidad"}]},{"@type":"WebSite","@id":"https:\/\/aptent.es\/#website","url":"https:\/\/aptent.es\/","name":"Aptent Soluciones. Subtitulado y audiodescripci\u00f3n.","description":"Empresa de tecnolog\u00eda y accesibilidad en la comunicaci\u00f3n. Subtitulado para sordos en directo, traducci\u00f3n, audiodescripci\u00f3n, sistema FM y bucle magn\u00e9tico.","potentialAction":[{"@type":"SearchAction","target":{"@type":"EntryPoint","urlTemplate":"https:\/\/aptent.es\/?s={search_term_string}"},"query-input":{"@type":"PropertyValueSpecification","valueRequired":true,"valueName":"search_term_string"}}],"inLanguage":"eu-ES"},{"@type":"Person","@id":"https:\/\/aptent.es\/#\/schema\/person\/6e99ccba3c9cd4f73750645a1b442c4a","name":"Beatriz Lerones","image":{"@type":"ImageObject","inLanguage":"eu-ES","@id":"https:\/\/secure.gravatar.com\/avatar\/edf99074cac7bd706e13f3e9ad07e8e05c09967ba9e305434c5a09850b1ab0f4?s=96&d=mm&r=g","url":"https:\/\/secure.gravatar.com\/avatar\/edf99074cac7bd706e13f3e9ad07e8e05c09967ba9e305434c5a09850b1ab0f4?s=96&d=mm&r=g","contentUrl":"https:\/\/secure.gravatar.com\/avatar\/edf99074cac7bd706e13f3e9ad07e8e05c09967ba9e305434c5a09850b1ab0f4?s=96&d=mm&r=g","caption":"Beatriz Lerones"}}]}},"_links":{"self":[{"href":"https:\/\/aptent.es\/eu\/wp-json\/wp\/v2\/posts\/7815","targetHints":{"allow":["GET"]}}],"collection":[{"href":"https:\/\/aptent.es\/eu\/wp-json\/wp\/v2\/posts"}],"about":[{"href":"https:\/\/aptent.es\/eu\/wp-json\/wp\/v2\/types\/post"}],"author":[{"embeddable":true,"href":"https:\/\/aptent.es\/eu\/wp-json\/wp\/v2\/users\/2"}],"replies":[{"embeddable":true,"href":"https:\/\/aptent.es\/eu\/wp-json\/wp\/v2\/comments?post=7815"}],"version-history":[{"count":1,"href":"https:\/\/aptent.es\/eu\/wp-json\/wp\/v2\/posts\/7815\/revisions"}],"predecessor-version":[{"id":8757,"href":"https:\/\/aptent.es\/eu\/wp-json\/wp\/v2\/posts\/7815\/revisions\/8757"}],"wp:featuredmedia":[{"embeddable":true,"href":"https:\/\/aptent.es\/eu\/wp-json\/wp\/v2\/media\/7816"}],"wp:attachment":[{"href":"https:\/\/aptent.es\/eu\/wp-json\/wp\/v2\/media?parent=7815"}],"wp:term":[{"taxonomy":"category","embeddable":true,"href":"https:\/\/aptent.es\/eu\/wp-json\/wp\/v2\/categories?post=7815"},{"taxonomy":"post_tag","embeddable":true,"href":"https:\/\/aptent.es\/eu\/wp-json\/wp\/v2\/tags?post=7815"}],"curies":[{"name":"wp","href":"https:\/\/api.w.org\/{rel}","templated":true}]}}