{"id":7800,"date":"2014-10-21T12:39:17","date_gmt":"2014-10-21T10:39:17","guid":{"rendered":"http:\/\/aptent.es\/?p=2368"},"modified":"2024-05-24T14:30:32","modified_gmt":"2024-05-24T12:30:32","slug":"aptent-participa-en-el-5-congreso-centac","status":"publish","type":"post","link":"https:\/\/aptent.es\/eu\/aptent-participa-en-el-5-congreso-centac\/","title":{"rendered":"Aptent participa en el 5 Congreso CENTAC"},"content":{"rendered":"<p style=\"text-align: justify;\">\u00a1Hoy venimos con noticias frescas! Hace unos d\u00edas tuvimos la oportunidad de participar en el <strong>V Congreso Nacional CENTAC<\/strong> de Tecnolog\u00edas de la Accesibilidad. Mi\u00a0compa\u00f1ero Diego Carrero y servidora, nos\u00a0desplazamos hasta la ciudad de M\u00e1laga para asistir a\u00a0este evento bienal que ha contado con la participaci\u00f3n de numerosos agentes del sector de la discapacidad. Y donde por supuesto no pod\u00edamos faltar nosotros \ud83d\ude42<\/p>\n<p style=\"text-align: justify;\">Tras la inauguraci\u00f3n el pasado mi\u00e9rcoles 15 de octubre, daba comienzo esta <a title=\"V Congreso CENTAC\" href=\"http:\/\/www.centac.es\/es\/5congreso\/inicio\" target=\"_blank\" rel=\"noopener\">quinta edici\u00f3n del CENTAC<\/a> en las impresionantes instalaciones de <strong>La Tabacalera<\/strong>. La programaci\u00f3n era tan interesante que era tremendamente dif\u00edcil elegir entre las distintas opciones, por lo que m\u00e1s de una vez nos vimos consultando el reloj para salir corriendo de una sala a otra. Durante las dos jornadas en las que estuvimos all\u00ed, escuchamos\u00a0en las sucesivas mesas redondas a representantes de entidades como <strong>Fundaci\u00f3n Vodafone Espa\u00f1a<\/strong>, <strong>CERMI<\/strong>, <strong>IBM, Ministerio de Sanidad, Servicios sociales e igualdad<\/strong> y <strong>ONCE<\/strong>, entre otros. Todos ellos compartiendo experiencias y ofreciendo multitud de perspectivas que permitieron esbozar\u00a0un completo mapa del estado de las <strong>tecnolog\u00edas de la accesibilidad<\/strong> a d\u00eda de hoy.<\/p>\n<p style=\"text-align: justify;\">Barriendo para casa, nuestra ponencia tuvo lugar dentro de la <a title=\"Participantes\" href=\"http:\/\/www.centac.es\/es\/5congreso\/participantes\" target=\"_blank\" rel=\"noopener\"><strong>Marat\u00f3n de Emprendedores<\/strong><\/a> que se celebraba en la tercera sala y que cont\u00f3 con una gran afluencia. De hecho cuando llegamos, \u00a1no hab\u00eda ni una silla libre! Ante tal expectaci\u00f3n mi\u00a0compa\u00f1ero <strong>Diego Carrero<\/strong>, co-fundador y director t\u00e9cnico de <strong>Aptent<\/strong>, habl\u00f3 sobre\u00a0los problemas a los que se\u00a0enfrentan las personas con discapacidad en su vida diaria y expuso\u00a0las soluciones que proponemos fruto de nuestra experiencia en el proyecto <a title=\"Teatro Accesible\" href=\"http:\/\/www.teatroaccesible.com\" target=\"_blank\" rel=\"noopener\"><strong>Teatro Accesible<\/strong><\/a>.<\/p>\n<p style=\"text-align: justify;\"><img loading=\"lazy\" decoding=\"async\" class=\"aligncenter wp-image-2371\" src=\"http:\/\/aptent.es\/wp-content\/uploads\/2014\/10\/Malaga4.jpg\" alt=\"Malaga4\" width=\"470\" height=\"319\" \/><\/p>\n<p style=\"text-align: justify;\">Adem\u00e1s de la aplicaci\u00f3n para <em>smartphones<\/em> que <a title=\"A buen ritmo\" href=\"http:\/\/aptent.es\/a-buen-ritmo\/\" target=\"_blank\" rel=\"noopener\">ya conoc\u00e9is<\/a>,\u00a0estuvimos presentando <a title=\"STARTIT\" href=\"http:\/\/www.startit-app.com\" target=\"_blank\" rel=\"noopener\"><strong>STARTIT<\/strong><\/a>. Para aquellos que a\u00fan no lo conozc\u00e1is, se trata de\u00a0un <strong>software<\/strong> propio\u00a0con el que trabajamos en nuestras funciones de teatro y que hemos ido perfeccionando hasta convertirlo en la\u00a0<strong>herramienta profesional<\/strong> <strong>de accesibilidad teatral<\/strong> <strong>m\u00e1s completa<\/strong> del mercado. Al menos para nosotros \ud83d\ude42 Nuestro objetivo es que todo el que lo desee, pueda\u00a0ofrecer Teatro Accesible\u00a0sin que ello implique un gran desembolso econ\u00f3mico ni m\u00e1s quebraderos de cabeza por maquetar subt\u00edtulos con powerpoint. Y si has sonre\u00eddo al leer esto, deber\u00edas echarle un vistazo.<\/p>\n<p style=\"text-align: justify;\"><a href=\"http:\/\/aptent.es\/wp-content\/uploads\/2014\/10\/Malaga4.jpg\"><img loading=\"lazy\" decoding=\"async\" class=\"aligncenter wp-image-2372\" src=\"http:\/\/aptent.es\/wp-content\/uploads\/2014\/10\/Malaga5.jpg\" alt=\"Malaga5\" width=\"470\" height=\"313\" \/><\/a><\/p>\n<p style=\"text-align: justify;\">Dejando ya a un lado nuestra estelar\u00a0puesta en escena, a lo largo del congreso tambi\u00e9n asistimos a varias mesas. En ellas se habl\u00f3 de rob\u00f3tica, soluciones wearables, la famosa cloud, aplicaciones innovadoras y en general de todas aquellas <strong>soluciones TIC<\/strong> que repercuten de forma positiva en la vida de las <strong>personas con discapacidad<\/strong>. Fue muy enriquecedor ver a tantos\u00a0emprendedores compartiendo ideas en este congreso que por encima de todo buscaba fomentar la <strong>inclusi\u00f3n<\/strong>, la <strong>autonom\u00eda personal<\/strong> y la <strong>innovaci\u00f3n tecnol\u00f3gica<\/strong>. Y la verdad es que fue un privilegio aportar nuestro granito de arena en tal escenario.<\/p>\n<p style=\"text-align: justify;\">As\u00ed que nos llevamos una gran experiencia de nuestro paso por esta quinta edici\u00f3n del CENTAC que adem\u00e1s se celebr\u00f3 en un marco tan peculiar como es el <a title=\"Museo Autom\u00f3vil M\u00e1laga\" href=\"http:\/\/www.museoautomovilmalaga.com\/\" target=\"_blank\" rel=\"noopener\">Museo del autom\u00f3vil<\/a>. Multitud de joyas automovil\u00edsticas como el Ashton Martin o el conocido Alas de gaviota, escuchaban inm\u00f3viles aquellas charlas sobre accesibilidad poniendo el broche a una gran organizaci\u00f3n y a unas conferencias de lo m\u00e1s interesantes. De hecho nos gust\u00f3 tanto la experiencia que ya estamos esperando las inscripciones para la siguiente edici\u00f3n. \u00bfCu\u00e1l ser\u00e1 el siguiente destino? \ud83d\ude09<\/p>\n<p>\u00a0<a href=\"http:\/\/aptent.es\/wp-content\/uploads\/2014\/10\/Malaga12.jpg\"><img loading=\"lazy\" decoding=\"async\" class=\"aligncenter wp-image-2375\" src=\"http:\/\/aptent.es\/wp-content\/uploads\/2014\/10\/Malaga12.jpg\" alt=\"Beatriz Lerones en el CENTAC\" width=\"470\" height=\"313\" \/><\/a><\/p>\n","protected":false},"excerpt":{"rendered":"<p>\u00a1Hoy venimos con noticias frescas! Hace unos d\u00edas tuvimos la oportunidad de participar en el V Congreso Nacional CENTAC de Tecnolog\u00edas de la Accesibilidad. Mi\u00a0compa\u00f1ero Diego Carrero y servidora, nos\u00a0desplazamos hasta la ciudad de M\u00e1laga para asistir a\u00a0este evento bienal que ha contado con la participaci\u00f3n de numerosos agentes del sector de la discapacidad. Y [&hellip;]<\/p>\n","protected":false},"author":2,"featured_media":7809,"comment_status":"open","ping_status":"open","sticky":false,"template":"","format":"standard","meta":{"_et_pb_use_builder":"","_et_pb_old_content":"","_et_gb_content_width":"","footnotes":""},"categories":[81,27],"tags":[18,102,35,111,64,84,44,97],"class_list":["post-7800","post","type-post","status-publish","format-standard","has-post-thumbnail","hentry","category-eventos","category-noticias","tag-accesibilidad","tag-accesibilidad-a-la-comunicacion","tag-aptent","tag-centac","tag-diego-carrero","tag-discapacidad","tag-tecnologia","tag-tic"],"yoast_head":"<!-- This site is optimized with the Yoast SEO plugin v27.5 - https:\/\/yoast.com\/product\/yoast-seo-wordpress\/ -->\n<title>Aptent participa en el 5 Congreso CENTAC - Aptent Soluciones. Subtitulado y audiodescripci\u00f3n.<\/title>\n<meta name=\"robots\" content=\"index, follow, max-snippet:-1, max-image-preview:large, max-video-preview:-1\" \/>\n<link rel=\"canonical\" href=\"https:\/\/aptent.es\/aptent-participa-en-el-5-congreso-centac\/\" \/>\n<meta property=\"og:locale\" content=\"eu_ES\" \/>\n<meta property=\"og:type\" content=\"article\" \/>\n<meta property=\"og:title\" content=\"Aptent participa en el 5 Congreso CENTAC - Aptent Soluciones. Subtitulado y audiodescripci\u00f3n.\" \/>\n<meta property=\"og:description\" content=\"\u00a1Hoy venimos con noticias frescas! Hace unos d\u00edas tuvimos la oportunidad de participar en el V Congreso Nacional CENTAC de Tecnolog\u00edas de la Accesibilidad. Mi\u00a0compa\u00f1ero Diego Carrero y servidora, nos\u00a0desplazamos hasta la ciudad de M\u00e1laga para asistir a\u00a0este evento bienal que ha contado con la participaci\u00f3n de numerosos agentes del sector de la discapacidad. Y [&hellip;]\" \/>\n<meta property=\"og:url\" content=\"https:\/\/aptent.es\/aptent-participa-en-el-5-congreso-centac\/\" \/>\n<meta property=\"og:site_name\" content=\"Aptent Soluciones. Subtitulado y audiodescripci\u00f3n.\" \/>\n<meta property=\"article:published_time\" content=\"2014-10-21T10:39:17+00:00\" \/>\n<meta property=\"article:modified_time\" content=\"2024-05-24T12:30:32+00:00\" \/>\n<meta property=\"og:image\" content=\"https:\/\/aptent.es\/wp-content\/uploads\/2014\/10\/Malaga7-e1413890053274.jpg\" \/>\n\t<meta property=\"og:image:width\" content=\"470\" \/>\n\t<meta property=\"og:image:height\" content=\"313\" \/>\n\t<meta property=\"og:image:type\" content=\"image\/jpeg\" \/>\n<meta name=\"author\" content=\"Beatriz Lerones\" \/>\n<meta name=\"twitter:card\" content=\"summary_large_image\" \/>\n<meta name=\"twitter:label1\" content=\"Written by\" \/>\n\t<meta name=\"twitter:data1\" content=\"Beatriz Lerones\" \/>\n\t<meta name=\"twitter:label2\" content=\"Est. reading time\" \/>\n\t<meta name=\"twitter:data2\" content=\"3 minutes\" \/>\n<script type=\"application\/ld+json\" class=\"yoast-schema-graph\">{\"@context\":\"https:\\\/\\\/schema.org\",\"@graph\":[{\"@type\":\"Article\",\"@id\":\"https:\\\/\\\/aptent.es\\\/aptent-participa-en-el-5-congreso-centac\\\/#article\",\"isPartOf\":{\"@id\":\"https:\\\/\\\/aptent.es\\\/aptent-participa-en-el-5-congreso-centac\\\/\"},\"author\":{\"name\":\"Beatriz Lerones\",\"@id\":\"https:\\\/\\\/aptent.es\\\/#\\\/schema\\\/person\\\/6e99ccba3c9cd4f73750645a1b442c4a\"},\"headline\":\"Aptent participa en el 5 Congreso CENTAC\",\"datePublished\":\"2014-10-21T10:39:17+00:00\",\"dateModified\":\"2024-05-24T12:30:32+00:00\",\"mainEntityOfPage\":{\"@id\":\"https:\\\/\\\/aptent.es\\\/aptent-participa-en-el-5-congreso-centac\\\/\"},\"wordCount\":603,\"commentCount\":0,\"image\":{\"@id\":\"https:\\\/\\\/aptent.es\\\/aptent-participa-en-el-5-congreso-centac\\\/#primaryimage\"},\"thumbnailUrl\":\"https:\\\/\\\/aptent.es\\\/wp-content\\\/uploads\\\/2014\\\/10\\\/Malaga7-e1413890053274.jpg\",\"keywords\":[\"Accesibilidad\",\"Accesibilidad a la comunicaci\u00f3n\",\"Aptent\",\"CENTAC\",\"Diego Carrero\",\"discapacidad\",\"Tecnolog\u00eda\",\"TIC\"],\"articleSection\":[\"Eventos\",\"Noticias\"],\"inLanguage\":\"eu-ES\",\"potentialAction\":[{\"@type\":\"CommentAction\",\"name\":\"Comment\",\"target\":[\"https:\\\/\\\/aptent.es\\\/aptent-participa-en-el-5-congreso-centac\\\/#respond\"]}]},{\"@type\":\"WebPage\",\"@id\":\"https:\\\/\\\/aptent.es\\\/aptent-participa-en-el-5-congreso-centac\\\/\",\"url\":\"https:\\\/\\\/aptent.es\\\/aptent-participa-en-el-5-congreso-centac\\\/\",\"name\":\"Aptent participa en el 5 Congreso CENTAC - Aptent Soluciones. Subtitulado y audiodescripci\u00f3n.\",\"isPartOf\":{\"@id\":\"https:\\\/\\\/aptent.es\\\/#website\"},\"primaryImageOfPage\":{\"@id\":\"https:\\\/\\\/aptent.es\\\/aptent-participa-en-el-5-congreso-centac\\\/#primaryimage\"},\"image\":{\"@id\":\"https:\\\/\\\/aptent.es\\\/aptent-participa-en-el-5-congreso-centac\\\/#primaryimage\"},\"thumbnailUrl\":\"https:\\\/\\\/aptent.es\\\/wp-content\\\/uploads\\\/2014\\\/10\\\/Malaga7-e1413890053274.jpg\",\"datePublished\":\"2014-10-21T10:39:17+00:00\",\"dateModified\":\"2024-05-24T12:30:32+00:00\",\"author\":{\"@id\":\"https:\\\/\\\/aptent.es\\\/#\\\/schema\\\/person\\\/6e99ccba3c9cd4f73750645a1b442c4a\"},\"breadcrumb\":{\"@id\":\"https:\\\/\\\/aptent.es\\\/aptent-participa-en-el-5-congreso-centac\\\/#breadcrumb\"},\"inLanguage\":\"eu-ES\",\"potentialAction\":[{\"@type\":\"ReadAction\",\"target\":[\"https:\\\/\\\/aptent.es\\\/aptent-participa-en-el-5-congreso-centac\\\/\"]}]},{\"@type\":\"ImageObject\",\"inLanguage\":\"eu-ES\",\"@id\":\"https:\\\/\\\/aptent.es\\\/aptent-participa-en-el-5-congreso-centac\\\/#primaryimage\",\"url\":\"https:\\\/\\\/aptent.es\\\/wp-content\\\/uploads\\\/2014\\\/10\\\/Malaga7-e1413890053274.jpg\",\"contentUrl\":\"https:\\\/\\\/aptent.es\\\/wp-content\\\/uploads\\\/2014\\\/10\\\/Malaga7-e1413890053274.jpg\",\"width\":470,\"height\":313},{\"@type\":\"BreadcrumbList\",\"@id\":\"https:\\\/\\\/aptent.es\\\/aptent-participa-en-el-5-congreso-centac\\\/#breadcrumb\",\"itemListElement\":[{\"@type\":\"ListItem\",\"position\":1,\"name\":\"Portada\",\"item\":\"https:\\\/\\\/aptent.es\\\/eu\\\/home\\\/\"},{\"@type\":\"ListItem\",\"position\":2,\"name\":\"Aptent participa en el 5 Congreso CENTAC\"}]},{\"@type\":\"WebSite\",\"@id\":\"https:\\\/\\\/aptent.es\\\/#website\",\"url\":\"https:\\\/\\\/aptent.es\\\/\",\"name\":\"Aptent Soluciones. Subtitulado y audiodescripci\u00f3n.\",\"description\":\"Empresa de tecnolog\u00eda y accesibilidad en la comunicaci\u00f3n. Subtitulado para sordos en directo, traducci\u00f3n, audiodescripci\u00f3n, sistema FM y bucle magn\u00e9tico.\",\"potentialAction\":[{\"@type\":\"SearchAction\",\"target\":{\"@type\":\"EntryPoint\",\"urlTemplate\":\"https:\\\/\\\/aptent.es\\\/?s={search_term_string}\"},\"query-input\":{\"@type\":\"PropertyValueSpecification\",\"valueRequired\":true,\"valueName\":\"search_term_string\"}}],\"inLanguage\":\"eu-ES\"},{\"@type\":\"Person\",\"@id\":\"https:\\\/\\\/aptent.es\\\/#\\\/schema\\\/person\\\/6e99ccba3c9cd4f73750645a1b442c4a\",\"name\":\"Beatriz Lerones\",\"image\":{\"@type\":\"ImageObject\",\"inLanguage\":\"eu-ES\",\"@id\":\"https:\\\/\\\/secure.gravatar.com\\\/avatar\\\/edf99074cac7bd706e13f3e9ad07e8e05c09967ba9e305434c5a09850b1ab0f4?s=96&d=mm&r=g\",\"url\":\"https:\\\/\\\/secure.gravatar.com\\\/avatar\\\/edf99074cac7bd706e13f3e9ad07e8e05c09967ba9e305434c5a09850b1ab0f4?s=96&d=mm&r=g\",\"contentUrl\":\"https:\\\/\\\/secure.gravatar.com\\\/avatar\\\/edf99074cac7bd706e13f3e9ad07e8e05c09967ba9e305434c5a09850b1ab0f4?s=96&d=mm&r=g\",\"caption\":\"Beatriz Lerones\"}}]}<\/script>\n<!-- \/ Yoast SEO plugin. -->","yoast_head_json":{"title":"Aptent participa en el 5 Congreso CENTAC - Aptent Soluciones. Subtitulado y audiodescripci\u00f3n.","robots":{"index":"index","follow":"follow","max-snippet":"max-snippet:-1","max-image-preview":"max-image-preview:large","max-video-preview":"max-video-preview:-1"},"canonical":"https:\/\/aptent.es\/aptent-participa-en-el-5-congreso-centac\/","og_locale":"eu_ES","og_type":"article","og_title":"Aptent participa en el 5 Congreso CENTAC - Aptent Soluciones. Subtitulado y audiodescripci\u00f3n.","og_description":"\u00a1Hoy venimos con noticias frescas! Hace unos d\u00edas tuvimos la oportunidad de participar en el V Congreso Nacional CENTAC de Tecnolog\u00edas de la Accesibilidad. Mi\u00a0compa\u00f1ero Diego Carrero y servidora, nos\u00a0desplazamos hasta la ciudad de M\u00e1laga para asistir a\u00a0este evento bienal que ha contado con la participaci\u00f3n de numerosos agentes del sector de la discapacidad. Y [&hellip;]","og_url":"https:\/\/aptent.es\/aptent-participa-en-el-5-congreso-centac\/","og_site_name":"Aptent Soluciones. Subtitulado y audiodescripci\u00f3n.","article_published_time":"2014-10-21T10:39:17+00:00","article_modified_time":"2024-05-24T12:30:32+00:00","og_image":[{"width":470,"height":313,"url":"https:\/\/aptent.es\/wp-content\/uploads\/2014\/10\/Malaga7-e1413890053274.jpg","type":"image\/jpeg"}],"author":"Beatriz Lerones","twitter_card":"summary_large_image","twitter_misc":{"Written by":"Beatriz Lerones","Est. reading time":"3 minutes"},"schema":{"@context":"https:\/\/schema.org","@graph":[{"@type":"Article","@id":"https:\/\/aptent.es\/aptent-participa-en-el-5-congreso-centac\/#article","isPartOf":{"@id":"https:\/\/aptent.es\/aptent-participa-en-el-5-congreso-centac\/"},"author":{"name":"Beatriz Lerones","@id":"https:\/\/aptent.es\/#\/schema\/person\/6e99ccba3c9cd4f73750645a1b442c4a"},"headline":"Aptent participa en el 5 Congreso CENTAC","datePublished":"2014-10-21T10:39:17+00:00","dateModified":"2024-05-24T12:30:32+00:00","mainEntityOfPage":{"@id":"https:\/\/aptent.es\/aptent-participa-en-el-5-congreso-centac\/"},"wordCount":603,"commentCount":0,"image":{"@id":"https:\/\/aptent.es\/aptent-participa-en-el-5-congreso-centac\/#primaryimage"},"thumbnailUrl":"https:\/\/aptent.es\/wp-content\/uploads\/2014\/10\/Malaga7-e1413890053274.jpg","keywords":["Accesibilidad","Accesibilidad a la comunicaci\u00f3n","Aptent","CENTAC","Diego Carrero","discapacidad","Tecnolog\u00eda","TIC"],"articleSection":["Eventos","Noticias"],"inLanguage":"eu-ES","potentialAction":[{"@type":"CommentAction","name":"Comment","target":["https:\/\/aptent.es\/aptent-participa-en-el-5-congreso-centac\/#respond"]}]},{"@type":"WebPage","@id":"https:\/\/aptent.es\/aptent-participa-en-el-5-congreso-centac\/","url":"https:\/\/aptent.es\/aptent-participa-en-el-5-congreso-centac\/","name":"Aptent participa en el 5 Congreso CENTAC - Aptent Soluciones. Subtitulado y audiodescripci\u00f3n.","isPartOf":{"@id":"https:\/\/aptent.es\/#website"},"primaryImageOfPage":{"@id":"https:\/\/aptent.es\/aptent-participa-en-el-5-congreso-centac\/#primaryimage"},"image":{"@id":"https:\/\/aptent.es\/aptent-participa-en-el-5-congreso-centac\/#primaryimage"},"thumbnailUrl":"https:\/\/aptent.es\/wp-content\/uploads\/2014\/10\/Malaga7-e1413890053274.jpg","datePublished":"2014-10-21T10:39:17+00:00","dateModified":"2024-05-24T12:30:32+00:00","author":{"@id":"https:\/\/aptent.es\/#\/schema\/person\/6e99ccba3c9cd4f73750645a1b442c4a"},"breadcrumb":{"@id":"https:\/\/aptent.es\/aptent-participa-en-el-5-congreso-centac\/#breadcrumb"},"inLanguage":"eu-ES","potentialAction":[{"@type":"ReadAction","target":["https:\/\/aptent.es\/aptent-participa-en-el-5-congreso-centac\/"]}]},{"@type":"ImageObject","inLanguage":"eu-ES","@id":"https:\/\/aptent.es\/aptent-participa-en-el-5-congreso-centac\/#primaryimage","url":"https:\/\/aptent.es\/wp-content\/uploads\/2014\/10\/Malaga7-e1413890053274.jpg","contentUrl":"https:\/\/aptent.es\/wp-content\/uploads\/2014\/10\/Malaga7-e1413890053274.jpg","width":470,"height":313},{"@type":"BreadcrumbList","@id":"https:\/\/aptent.es\/aptent-participa-en-el-5-congreso-centac\/#breadcrumb","itemListElement":[{"@type":"ListItem","position":1,"name":"Portada","item":"https:\/\/aptent.es\/eu\/home\/"},{"@type":"ListItem","position":2,"name":"Aptent participa en el 5 Congreso CENTAC"}]},{"@type":"WebSite","@id":"https:\/\/aptent.es\/#website","url":"https:\/\/aptent.es\/","name":"Aptent Soluciones. Subtitulado y audiodescripci\u00f3n.","description":"Empresa de tecnolog\u00eda y accesibilidad en la comunicaci\u00f3n. Subtitulado para sordos en directo, traducci\u00f3n, audiodescripci\u00f3n, sistema FM y bucle magn\u00e9tico.","potentialAction":[{"@type":"SearchAction","target":{"@type":"EntryPoint","urlTemplate":"https:\/\/aptent.es\/?s={search_term_string}"},"query-input":{"@type":"PropertyValueSpecification","valueRequired":true,"valueName":"search_term_string"}}],"inLanguage":"eu-ES"},{"@type":"Person","@id":"https:\/\/aptent.es\/#\/schema\/person\/6e99ccba3c9cd4f73750645a1b442c4a","name":"Beatriz Lerones","image":{"@type":"ImageObject","inLanguage":"eu-ES","@id":"https:\/\/secure.gravatar.com\/avatar\/edf99074cac7bd706e13f3e9ad07e8e05c09967ba9e305434c5a09850b1ab0f4?s=96&d=mm&r=g","url":"https:\/\/secure.gravatar.com\/avatar\/edf99074cac7bd706e13f3e9ad07e8e05c09967ba9e305434c5a09850b1ab0f4?s=96&d=mm&r=g","contentUrl":"https:\/\/secure.gravatar.com\/avatar\/edf99074cac7bd706e13f3e9ad07e8e05c09967ba9e305434c5a09850b1ab0f4?s=96&d=mm&r=g","caption":"Beatriz Lerones"}}]}},"_links":{"self":[{"href":"https:\/\/aptent.es\/eu\/wp-json\/wp\/v2\/posts\/7800","targetHints":{"allow":["GET"]}}],"collection":[{"href":"https:\/\/aptent.es\/eu\/wp-json\/wp\/v2\/posts"}],"about":[{"href":"https:\/\/aptent.es\/eu\/wp-json\/wp\/v2\/types\/post"}],"author":[{"embeddable":true,"href":"https:\/\/aptent.es\/eu\/wp-json\/wp\/v2\/users\/2"}],"replies":[{"embeddable":true,"href":"https:\/\/aptent.es\/eu\/wp-json\/wp\/v2\/comments?post=7800"}],"version-history":[{"count":1,"href":"https:\/\/aptent.es\/eu\/wp-json\/wp\/v2\/posts\/7800\/revisions"}],"predecessor-version":[{"id":8754,"href":"https:\/\/aptent.es\/eu\/wp-json\/wp\/v2\/posts\/7800\/revisions\/8754"}],"wp:featuredmedia":[{"embeddable":true,"href":"https:\/\/aptent.es\/eu\/wp-json\/wp\/v2\/media\/7809"}],"wp:attachment":[{"href":"https:\/\/aptent.es\/eu\/wp-json\/wp\/v2\/media?parent=7800"}],"wp:term":[{"taxonomy":"category","embeddable":true,"href":"https:\/\/aptent.es\/eu\/wp-json\/wp\/v2\/categories?post=7800"},{"taxonomy":"post_tag","embeddable":true,"href":"https:\/\/aptent.es\/eu\/wp-json\/wp\/v2\/tags?post=7800"}],"curies":[{"name":"wp","href":"https:\/\/api.w.org\/{rel}","templated":true}]}}