{"id":7758,"date":"2016-11-02T10:56:16","date_gmt":"2016-11-02T09:56:16","guid":{"rendered":"http:\/\/aptent.es\/?p=4405"},"modified":"2024-05-24T14:02:43","modified_gmt":"2024-05-24T12:02:43","slug":"presentamos-la-sexta-temporada-de-teatro-accesible","status":"publish","type":"post","link":"https:\/\/aptent.es\/eu\/presentamos-la-sexta-temporada-de-teatro-accesible\/","title":{"rendered":"Presentamos la sexta temporada de Teatro Accesible"},"content":{"rendered":"<p style=\"text-align: justify;\">Empezamos octubre con nueva web corporativa (\u00bfos gusta?) y con la presentaci\u00f3n\u00a0de la sexta temporada de Teatro Accesible. \u00a1Esto es un no parar!<\/p>\n<p style=\"text-align: justify;\">Esta semana parte de nuestro equipo se desplaz\u00f3 hasta el Teatre &#8211; Auditori de Sant Cugat para presentar, junto a\u00a0<strong>Carmela Fortuny &#8211;<\/strong>teniente de alcalde de cultura en Sant Cugat -, <strong>Pep Tugues &#8211;<\/strong>director Teatro-Auditori Sant Cugat-, <strong>Joana S\u00e1nchez &#8211;<\/strong>directora Vodafone en Catalu\u00f1a- y nuestro compa\u00f1ero de la Fundaci\u00f3 Els Tres Turons, Enric Massana, la <strong>nueva temporada de Teatro Accesible<\/strong>.<\/p>\n<p style=\"text-align: justify;\">Ofreceremos m\u00e1s de 60 producciones en m\u00e1s de 17 teatros de toda la geograf\u00eda espa\u00f1ola, con nuevas y esperadas incorporaciones: el <strong>Teatre &#8211; Auditori Sant Cugat\u00a0<\/strong>en Barcelona, el <strong>Teatro Bret\u00f3n<\/strong> de Logro\u00f1o y el <strong>Teatro Alhambra<\/strong> en Granada. Tambi\u00e9n realizaremos\u00a0producciones adaptadas para personas con discapacidad intelectual en Madrid y por primera vez, en un teatro de la ciudad condal.<\/p>\n<p style=\"text-align: justify;\">Otra de las din\u00e1micas que vamos a mantener son los <strong>talleres<\/strong> dirigidos a personas con discapacidad y amantes del teatro. Adem\u00e1s de ofrecer funciones de teatro para todos, estamos muy interesados en saber qu\u00e9 opinan nuestros usuarios de la iniciativa\u00a0y qu\u00e9 sugerencias nos brindan\u00a0para seguir mejorando. Comenzamos con las primeras experiencias a finales de la temporada anterior y el resultado no pudo ser m\u00e1s satisfactorio. As\u00ed que&#8230; \u00a1repetimos! \ud83d\ude09<\/p>\n<p style=\"text-align: justify;\">Y no pod\u00edamos hablar de la nueva temporada de Teatro Accesible sin <strong>dar las gracias<\/strong> a todos los teatros y entidades participantes en el proyecto. Algunos llevan caminando con nosotros un largo camino y otros se han incorporado hace poquito, pero todos trabajamos por\u00a0una cultura para todos. Y nos enorgullece comprobar que cada vez son m\u00e1s las entidades que comprenden la importancia de ofrecer accesibilidad en sus espect\u00e1culos para poder llegar a todo el mundo. Adem\u00e1s tenemos unos excelentes compa\u00f1eros de viaje y sue\u00f1os: por un lado<strong> Fundaci\u00f3n Vodafone Espa\u00f1a<\/strong>, apostando por la tecnolog\u00eda para derribar barreras y por otro lado, tanto<strong>\u00a0el Centro de Rehabilitaci\u00f3n Laboral\u00a0Nueva Vida<\/strong> como\u00a0la <strong>Fundaci\u00f3 Els Tres Turons<\/strong>, fomentando la inclusi\u00f3n laboral de personas con discapacidad.<\/p>\n<p style=\"text-align: justify;\">\u00a1Ya est\u00e1 casi toda la programaci\u00f3n en la <a href=\"http:\/\/www.teatroaccesible.com\">web del proyecto<\/a>! Os animamos a consultarla y a venir a alguna\u00a0de nuestras funciones \ud83d\ude42<\/p>\n<p style=\"text-align: justify;\">Y si ten\u00e9is curiosidad por la presentaci\u00f3n, compartimos\u00a0un resumen en esta breve pieza que se ha emitido en cugat.cat.<\/p>\n<p style=\"text-align: justify;\">\n<p><iframe loading=\"lazy\" src=\"https:\/\/player.vimeo.com\/video\/185495778\" width=\"640\" height=\"360\" frameborder=\"0\" title=\"El Teatre-Auditori oferir&agrave; quatre funcions adaptades per a persones amb discapacitat sensorial\" webkitallowfullscreen mozallowfullscreen allowfullscreen><\/iframe><\/p>\n","protected":false},"excerpt":{"rendered":"<p>Empezamos octubre con nueva web corporativa (\u00bfos gusta?) y con la presentaci\u00f3n\u00a0de la sexta temporada de Teatro Accesible. \u00a1Esto es un no parar! Esta semana parte de nuestro equipo se desplaz\u00f3 hasta el Teatre &#8211; Auditori de Sant Cugat para presentar, junto a\u00a0Carmela Fortuny &#8211;teniente de alcalde de cultura en Sant Cugat -, Pep Tugues [&hellip;]<\/p>\n","protected":false},"author":2,"featured_media":7526,"comment_status":"open","ping_status":"open","sticky":false,"template":"","format":"standard","meta":{"_et_pb_use_builder":"","_et_pb_old_content":"","_et_gb_content_width":"","footnotes":""},"categories":[60,81,27,126],"tags":[112,133,84,134,69,130,70,135,136,110,39],"class_list":["post-7758","post","type-post","status-publish","format-standard","has-post-thumbnail","hentry","category-aptent-en-los-medios","category-eventos","category-noticias","category-teatro-accesible","tag-crl-nueva-vida","tag-cultura","tag-discapacidad","tag-funciones-accesibles","tag-fundacion-vodafone-espana","tag-inclusion","tag-presentacion","tag-sant-cugat","tag-sexta-temporada","tag-teatro","tag-teatro-accesible"],"yoast_head":"<!-- This site is optimized with the Yoast SEO plugin v27.5 - https:\/\/yoast.com\/product\/yoast-seo-wordpress\/ -->\n<title>Presentamos la sexta temporada de Teatro Accesible - Aptent Soluciones. Subtitulado y audiodescripci\u00f3n.<\/title>\n<meta name=\"robots\" content=\"index, follow, max-snippet:-1, max-image-preview:large, max-video-preview:-1\" \/>\n<link rel=\"canonical\" href=\"https:\/\/aptent.es\/presentamos-la-sexta-temporada-de-teatro-accesible\/\" \/>\n<meta property=\"og:locale\" content=\"eu_ES\" \/>\n<meta property=\"og:type\" content=\"article\" \/>\n<meta property=\"og:title\" content=\"Presentamos la sexta temporada de Teatro Accesible - Aptent Soluciones. Subtitulado y audiodescripci\u00f3n.\" \/>\n<meta property=\"og:description\" content=\"Empezamos octubre con nueva web corporativa (\u00bfos gusta?) y con la presentaci\u00f3n\u00a0de la sexta temporada de Teatro Accesible. \u00a1Esto es un no parar! Esta semana parte de nuestro equipo se desplaz\u00f3 hasta el Teatre &#8211; Auditori de Sant Cugat para presentar, junto a\u00a0Carmela Fortuny &#8211;teniente de alcalde de cultura en Sant Cugat -, Pep Tugues [&hellip;]\" \/>\n<meta property=\"og:url\" content=\"https:\/\/aptent.es\/presentamos-la-sexta-temporada-de-teatro-accesible\/\" \/>\n<meta property=\"og:site_name\" content=\"Aptent Soluciones. Subtitulado y audiodescripci\u00f3n.\" \/>\n<meta property=\"article:published_time\" content=\"2016-11-02T09:56:16+00:00\" \/>\n<meta property=\"article:modified_time\" content=\"2024-05-24T12:02:43+00:00\" \/>\n<meta property=\"og:image\" content=\"https:\/\/aptent.es\/wp-content\/uploads\/2016\/10\/blog-RPSantCugat-scaled.jpg\" \/>\n\t<meta property=\"og:image:width\" content=\"2560\" \/>\n\t<meta property=\"og:image:height\" content=\"1440\" \/>\n\t<meta property=\"og:image:type\" content=\"image\/jpeg\" \/>\n<meta name=\"author\" content=\"Beatriz Lerones\" \/>\n<meta name=\"twitter:card\" content=\"summary_large_image\" \/>\n<meta name=\"twitter:label1\" content=\"Written by\" \/>\n\t<meta name=\"twitter:data1\" content=\"Beatriz Lerones\" \/>\n\t<meta name=\"twitter:label2\" content=\"Est. reading time\" \/>\n\t<meta name=\"twitter:data2\" content=\"2 minutes\" \/>\n<script type=\"application\/ld+json\" class=\"yoast-schema-graph\">{\"@context\":\"https:\\\/\\\/schema.org\",\"@graph\":[{\"@type\":\"Article\",\"@id\":\"https:\\\/\\\/aptent.es\\\/presentamos-la-sexta-temporada-de-teatro-accesible\\\/#article\",\"isPartOf\":{\"@id\":\"https:\\\/\\\/aptent.es\\\/presentamos-la-sexta-temporada-de-teatro-accesible\\\/\"},\"author\":{\"name\":\"Beatriz Lerones\",\"@id\":\"https:\\\/\\\/aptent.es\\\/#\\\/schema\\\/person\\\/6e99ccba3c9cd4f73750645a1b442c4a\"},\"headline\":\"Presentamos la sexta temporada de Teatro Accesible\",\"datePublished\":\"2016-11-02T09:56:16+00:00\",\"dateModified\":\"2024-05-24T12:02:43+00:00\",\"mainEntityOfPage\":{\"@id\":\"https:\\\/\\\/aptent.es\\\/presentamos-la-sexta-temporada-de-teatro-accesible\\\/\"},\"wordCount\":423,\"commentCount\":0,\"image\":{\"@id\":\"https:\\\/\\\/aptent.es\\\/presentamos-la-sexta-temporada-de-teatro-accesible\\\/#primaryimage\"},\"thumbnailUrl\":\"https:\\\/\\\/aptent.es\\\/wp-content\\\/uploads\\\/2016\\\/10\\\/blog-RPSantCugat-scaled.jpg\",\"keywords\":[\"CRL Nueva Vida\",\"cultura\",\"discapacidad\",\"funciones accesibles\",\"Fundaci\u00f3n Vodafone Espa\u00f1a\",\"Inclusi\u00f3n\",\"Presentaci\u00f3n\",\"Sant Cugat\",\"sexta temporada\",\"Teatro\",\"Teatro Accesible\"],\"articleSection\":[\"Aptent en los medios\",\"Eventos\",\"Noticias\",\"Teatro Accesible\"],\"inLanguage\":\"eu-ES\",\"potentialAction\":[{\"@type\":\"CommentAction\",\"name\":\"Comment\",\"target\":[\"https:\\\/\\\/aptent.es\\\/presentamos-la-sexta-temporada-de-teatro-accesible\\\/#respond\"]}]},{\"@type\":\"WebPage\",\"@id\":\"https:\\\/\\\/aptent.es\\\/presentamos-la-sexta-temporada-de-teatro-accesible\\\/\",\"url\":\"https:\\\/\\\/aptent.es\\\/presentamos-la-sexta-temporada-de-teatro-accesible\\\/\",\"name\":\"Presentamos la sexta temporada de Teatro Accesible - Aptent Soluciones. Subtitulado y audiodescripci\u00f3n.\",\"isPartOf\":{\"@id\":\"https:\\\/\\\/aptent.es\\\/#website\"},\"primaryImageOfPage\":{\"@id\":\"https:\\\/\\\/aptent.es\\\/presentamos-la-sexta-temporada-de-teatro-accesible\\\/#primaryimage\"},\"image\":{\"@id\":\"https:\\\/\\\/aptent.es\\\/presentamos-la-sexta-temporada-de-teatro-accesible\\\/#primaryimage\"},\"thumbnailUrl\":\"https:\\\/\\\/aptent.es\\\/wp-content\\\/uploads\\\/2016\\\/10\\\/blog-RPSantCugat-scaled.jpg\",\"datePublished\":\"2016-11-02T09:56:16+00:00\",\"dateModified\":\"2024-05-24T12:02:43+00:00\",\"author\":{\"@id\":\"https:\\\/\\\/aptent.es\\\/#\\\/schema\\\/person\\\/6e99ccba3c9cd4f73750645a1b442c4a\"},\"breadcrumb\":{\"@id\":\"https:\\\/\\\/aptent.es\\\/presentamos-la-sexta-temporada-de-teatro-accesible\\\/#breadcrumb\"},\"inLanguage\":\"eu-ES\",\"potentialAction\":[{\"@type\":\"ReadAction\",\"target\":[\"https:\\\/\\\/aptent.es\\\/presentamos-la-sexta-temporada-de-teatro-accesible\\\/\"]}]},{\"@type\":\"ImageObject\",\"inLanguage\":\"eu-ES\",\"@id\":\"https:\\\/\\\/aptent.es\\\/presentamos-la-sexta-temporada-de-teatro-accesible\\\/#primaryimage\",\"url\":\"https:\\\/\\\/aptent.es\\\/wp-content\\\/uploads\\\/2016\\\/10\\\/blog-RPSantCugat-scaled.jpg\",\"contentUrl\":\"https:\\\/\\\/aptent.es\\\/wp-content\\\/uploads\\\/2016\\\/10\\\/blog-RPSantCugat-scaled.jpg\",\"width\":2560,\"height\":1440},{\"@type\":\"BreadcrumbList\",\"@id\":\"https:\\\/\\\/aptent.es\\\/presentamos-la-sexta-temporada-de-teatro-accesible\\\/#breadcrumb\",\"itemListElement\":[{\"@type\":\"ListItem\",\"position\":1,\"name\":\"Portada\",\"item\":\"https:\\\/\\\/aptent.es\\\/eu\\\/home\\\/\"},{\"@type\":\"ListItem\",\"position\":2,\"name\":\"Presentamos la sexta temporada de Teatro Accesible\"}]},{\"@type\":\"WebSite\",\"@id\":\"https:\\\/\\\/aptent.es\\\/#website\",\"url\":\"https:\\\/\\\/aptent.es\\\/\",\"name\":\"Aptent Soluciones. Subtitulado y audiodescripci\u00f3n.\",\"description\":\"Empresa de tecnolog\u00eda y accesibilidad en la comunicaci\u00f3n. Subtitulado para sordos en directo, traducci\u00f3n, audiodescripci\u00f3n, sistema FM y bucle magn\u00e9tico.\",\"potentialAction\":[{\"@type\":\"SearchAction\",\"target\":{\"@type\":\"EntryPoint\",\"urlTemplate\":\"https:\\\/\\\/aptent.es\\\/?s={search_term_string}\"},\"query-input\":{\"@type\":\"PropertyValueSpecification\",\"valueRequired\":true,\"valueName\":\"search_term_string\"}}],\"inLanguage\":\"eu-ES\"},{\"@type\":\"Person\",\"@id\":\"https:\\\/\\\/aptent.es\\\/#\\\/schema\\\/person\\\/6e99ccba3c9cd4f73750645a1b442c4a\",\"name\":\"Beatriz Lerones\",\"image\":{\"@type\":\"ImageObject\",\"inLanguage\":\"eu-ES\",\"@id\":\"https:\\\/\\\/secure.gravatar.com\\\/avatar\\\/edf99074cac7bd706e13f3e9ad07e8e05c09967ba9e305434c5a09850b1ab0f4?s=96&d=mm&r=g\",\"url\":\"https:\\\/\\\/secure.gravatar.com\\\/avatar\\\/edf99074cac7bd706e13f3e9ad07e8e05c09967ba9e305434c5a09850b1ab0f4?s=96&d=mm&r=g\",\"contentUrl\":\"https:\\\/\\\/secure.gravatar.com\\\/avatar\\\/edf99074cac7bd706e13f3e9ad07e8e05c09967ba9e305434c5a09850b1ab0f4?s=96&d=mm&r=g\",\"caption\":\"Beatriz Lerones\"}}]}<\/script>\n<!-- \/ Yoast SEO plugin. -->","yoast_head_json":{"title":"Presentamos la sexta temporada de Teatro Accesible - Aptent Soluciones. Subtitulado y audiodescripci\u00f3n.","robots":{"index":"index","follow":"follow","max-snippet":"max-snippet:-1","max-image-preview":"max-image-preview:large","max-video-preview":"max-video-preview:-1"},"canonical":"https:\/\/aptent.es\/presentamos-la-sexta-temporada-de-teatro-accesible\/","og_locale":"eu_ES","og_type":"article","og_title":"Presentamos la sexta temporada de Teatro Accesible - Aptent Soluciones. Subtitulado y audiodescripci\u00f3n.","og_description":"Empezamos octubre con nueva web corporativa (\u00bfos gusta?) y con la presentaci\u00f3n\u00a0de la sexta temporada de Teatro Accesible. \u00a1Esto es un no parar! Esta semana parte de nuestro equipo se desplaz\u00f3 hasta el Teatre &#8211; Auditori de Sant Cugat para presentar, junto a\u00a0Carmela Fortuny &#8211;teniente de alcalde de cultura en Sant Cugat -, Pep Tugues [&hellip;]","og_url":"https:\/\/aptent.es\/presentamos-la-sexta-temporada-de-teatro-accesible\/","og_site_name":"Aptent Soluciones. Subtitulado y audiodescripci\u00f3n.","article_published_time":"2016-11-02T09:56:16+00:00","article_modified_time":"2024-05-24T12:02:43+00:00","og_image":[{"width":2560,"height":1440,"url":"https:\/\/aptent.es\/wp-content\/uploads\/2016\/10\/blog-RPSantCugat-scaled.jpg","type":"image\/jpeg"}],"author":"Beatriz Lerones","twitter_card":"summary_large_image","twitter_misc":{"Written by":"Beatriz Lerones","Est. reading time":"2 minutes"},"schema":{"@context":"https:\/\/schema.org","@graph":[{"@type":"Article","@id":"https:\/\/aptent.es\/presentamos-la-sexta-temporada-de-teatro-accesible\/#article","isPartOf":{"@id":"https:\/\/aptent.es\/presentamos-la-sexta-temporada-de-teatro-accesible\/"},"author":{"name":"Beatriz Lerones","@id":"https:\/\/aptent.es\/#\/schema\/person\/6e99ccba3c9cd4f73750645a1b442c4a"},"headline":"Presentamos la sexta temporada de Teatro Accesible","datePublished":"2016-11-02T09:56:16+00:00","dateModified":"2024-05-24T12:02:43+00:00","mainEntityOfPage":{"@id":"https:\/\/aptent.es\/presentamos-la-sexta-temporada-de-teatro-accesible\/"},"wordCount":423,"commentCount":0,"image":{"@id":"https:\/\/aptent.es\/presentamos-la-sexta-temporada-de-teatro-accesible\/#primaryimage"},"thumbnailUrl":"https:\/\/aptent.es\/wp-content\/uploads\/2016\/10\/blog-RPSantCugat-scaled.jpg","keywords":["CRL Nueva Vida","cultura","discapacidad","funciones accesibles","Fundaci\u00f3n Vodafone Espa\u00f1a","Inclusi\u00f3n","Presentaci\u00f3n","Sant Cugat","sexta temporada","Teatro","Teatro Accesible"],"articleSection":["Aptent en los medios","Eventos","Noticias","Teatro Accesible"],"inLanguage":"eu-ES","potentialAction":[{"@type":"CommentAction","name":"Comment","target":["https:\/\/aptent.es\/presentamos-la-sexta-temporada-de-teatro-accesible\/#respond"]}]},{"@type":"WebPage","@id":"https:\/\/aptent.es\/presentamos-la-sexta-temporada-de-teatro-accesible\/","url":"https:\/\/aptent.es\/presentamos-la-sexta-temporada-de-teatro-accesible\/","name":"Presentamos la sexta temporada de Teatro Accesible - Aptent Soluciones. Subtitulado y audiodescripci\u00f3n.","isPartOf":{"@id":"https:\/\/aptent.es\/#website"},"primaryImageOfPage":{"@id":"https:\/\/aptent.es\/presentamos-la-sexta-temporada-de-teatro-accesible\/#primaryimage"},"image":{"@id":"https:\/\/aptent.es\/presentamos-la-sexta-temporada-de-teatro-accesible\/#primaryimage"},"thumbnailUrl":"https:\/\/aptent.es\/wp-content\/uploads\/2016\/10\/blog-RPSantCugat-scaled.jpg","datePublished":"2016-11-02T09:56:16+00:00","dateModified":"2024-05-24T12:02:43+00:00","author":{"@id":"https:\/\/aptent.es\/#\/schema\/person\/6e99ccba3c9cd4f73750645a1b442c4a"},"breadcrumb":{"@id":"https:\/\/aptent.es\/presentamos-la-sexta-temporada-de-teatro-accesible\/#breadcrumb"},"inLanguage":"eu-ES","potentialAction":[{"@type":"ReadAction","target":["https:\/\/aptent.es\/presentamos-la-sexta-temporada-de-teatro-accesible\/"]}]},{"@type":"ImageObject","inLanguage":"eu-ES","@id":"https:\/\/aptent.es\/presentamos-la-sexta-temporada-de-teatro-accesible\/#primaryimage","url":"https:\/\/aptent.es\/wp-content\/uploads\/2016\/10\/blog-RPSantCugat-scaled.jpg","contentUrl":"https:\/\/aptent.es\/wp-content\/uploads\/2016\/10\/blog-RPSantCugat-scaled.jpg","width":2560,"height":1440},{"@type":"BreadcrumbList","@id":"https:\/\/aptent.es\/presentamos-la-sexta-temporada-de-teatro-accesible\/#breadcrumb","itemListElement":[{"@type":"ListItem","position":1,"name":"Portada","item":"https:\/\/aptent.es\/eu\/home\/"},{"@type":"ListItem","position":2,"name":"Presentamos la sexta temporada de Teatro Accesible"}]},{"@type":"WebSite","@id":"https:\/\/aptent.es\/#website","url":"https:\/\/aptent.es\/","name":"Aptent Soluciones. Subtitulado y audiodescripci\u00f3n.","description":"Empresa de tecnolog\u00eda y accesibilidad en la comunicaci\u00f3n. Subtitulado para sordos en directo, traducci\u00f3n, audiodescripci\u00f3n, sistema FM y bucle magn\u00e9tico.","potentialAction":[{"@type":"SearchAction","target":{"@type":"EntryPoint","urlTemplate":"https:\/\/aptent.es\/?s={search_term_string}"},"query-input":{"@type":"PropertyValueSpecification","valueRequired":true,"valueName":"search_term_string"}}],"inLanguage":"eu-ES"},{"@type":"Person","@id":"https:\/\/aptent.es\/#\/schema\/person\/6e99ccba3c9cd4f73750645a1b442c4a","name":"Beatriz Lerones","image":{"@type":"ImageObject","inLanguage":"eu-ES","@id":"https:\/\/secure.gravatar.com\/avatar\/edf99074cac7bd706e13f3e9ad07e8e05c09967ba9e305434c5a09850b1ab0f4?s=96&d=mm&r=g","url":"https:\/\/secure.gravatar.com\/avatar\/edf99074cac7bd706e13f3e9ad07e8e05c09967ba9e305434c5a09850b1ab0f4?s=96&d=mm&r=g","contentUrl":"https:\/\/secure.gravatar.com\/avatar\/edf99074cac7bd706e13f3e9ad07e8e05c09967ba9e305434c5a09850b1ab0f4?s=96&d=mm&r=g","caption":"Beatriz Lerones"}}]}},"_links":{"self":[{"href":"https:\/\/aptent.es\/eu\/wp-json\/wp\/v2\/posts\/7758","targetHints":{"allow":["GET"]}}],"collection":[{"href":"https:\/\/aptent.es\/eu\/wp-json\/wp\/v2\/posts"}],"about":[{"href":"https:\/\/aptent.es\/eu\/wp-json\/wp\/v2\/types\/post"}],"author":[{"embeddable":true,"href":"https:\/\/aptent.es\/eu\/wp-json\/wp\/v2\/users\/2"}],"replies":[{"embeddable":true,"href":"https:\/\/aptent.es\/eu\/wp-json\/wp\/v2\/comments?post=7758"}],"version-history":[{"count":1,"href":"https:\/\/aptent.es\/eu\/wp-json\/wp\/v2\/posts\/7758\/revisions"}],"predecessor-version":[{"id":8744,"href":"https:\/\/aptent.es\/eu\/wp-json\/wp\/v2\/posts\/7758\/revisions\/8744"}],"wp:featuredmedia":[{"embeddable":true,"href":"https:\/\/aptent.es\/eu\/wp-json\/wp\/v2\/media\/7526"}],"wp:attachment":[{"href":"https:\/\/aptent.es\/eu\/wp-json\/wp\/v2\/media?parent=7758"}],"wp:term":[{"taxonomy":"category","embeddable":true,"href":"https:\/\/aptent.es\/eu\/wp-json\/wp\/v2\/categories?post=7758"},{"taxonomy":"post_tag","embeddable":true,"href":"https:\/\/aptent.es\/eu\/wp-json\/wp\/v2\/tags?post=7758"}],"curies":[{"name":"wp","href":"https:\/\/api.w.org\/{rel}","templated":true}]}}