{"id":7755,"date":"2016-12-19T09:44:31","date_gmt":"2016-12-19T08:44:31","guid":{"rendered":"http:\/\/aptent.es\/?p=4831"},"modified":"2024-05-24T14:02:24","modified_gmt":"2024-05-24T12:02:24","slug":"adios-2016","status":"publish","type":"post","link":"https:\/\/aptent.es\/eu\/adios-2016\/","title":{"rendered":"\u00a1Adi\u00f3s 2016!"},"content":{"rendered":"<p style=\"text-align: justify;\">Llega el mes de diciembre y todos, en mayor o menor medida, solemos mirar hacia atr\u00e1s para ver qu\u00e9 tal nos ha ido este a\u00f1o que empezamos con tantas ganas. As\u00ed que aqu\u00ed estamos de nuevo, echando la vista atr\u00e1s para repasar contigo y <strong>contarte c\u00f3mo han ido estos doce meses<\/strong>. \u00bfNos acompa\u00f1as? \ud83d\ude09<\/p>\n<p style=\"text-align: justify;\">Sin duda este 2016 ha sido un a\u00f1o movidito. Si hablamos de teatro, nos acordamos de <strong>aquellas entidades que han apostado por ofrecer accesibilidad en sus espect\u00e1culos<\/strong>: la Fundaci\u00f3n Siglo de Oro, el Teatro Gayarre, el Teatro de la Zarzuela, el Teatro Amaya, el Teatro de la Comedia o el Teatro Arriaga, entre otros. No nos olvidamos de los festivales de Almagro y de Olite, que este a\u00f1o tambi\u00e9n han querido ofrecer funciones para personas con diversidad funcional. <a href=\"https:\/\/www.youtube.com\/watch?v=NtsR9NTZl-8\">Aqu\u00ed pod\u00e9is ver el v\u00eddeo tan chulo que hizo el festival de Almagro<\/a> de su<strong> touch tour para personas ciegas<\/strong>.<\/p>\n<p style=\"text-align: justify;\">Y por supuesto nos acordamos de\u00a0todos aquellos que se han sumado a los colaboradores habituales de\u00a0<a href=\"http:\/\/www.teatroaccesible.com\">Teatro Accesible<\/a> en la <a href=\"http:\/\/aptent.es\/presentamos-la-sexta-temporada-de-teatro-accesible\/\">sexta temporada del proyecto<\/a>, como el Teatre Auditori de Sant Cugat, el teatro Alhambra de Granada o el teatro Bret\u00f3n de Logro\u00f1o. <strong>Una suma de entidades que demuestran su compromiso con el colectivo de personas con discapacidad sensorial y personas mayores<\/strong> y que hacen posible una <strong>cultura para todos<\/strong>. Sin olvidarnos adem\u00e1s de nuestros compa\u00f1eros de viaje, el Centro de Rehabilitaci\u00f3n Laboral Nueva Vida y Fundaci\u00f3n Vodafone Espa\u00f1a. A todos ellos, \u00a1GRACIAS!<\/p>\n<p style=\"text-align: justify;\">\u00a0 \u00a0 \u00a0 \u00a0 \u00a0 \u00a0<img loading=\"lazy\" decoding=\"async\" class=\"alignnone wp-image-4842\" src=\"http:\/\/aptent.es\/wp-content\/uploads\/2016\/12\/IMG_9705-300x200.jpg\" alt=\"Rueda de prensa Sant Cugat\" width=\"325\" height=\"216\" \/>\u00a0\u00a0<img loading=\"lazy\" decoding=\"async\" class=\"alignnone wp-image-4843\" src=\"http:\/\/aptent.es\/wp-content\/uploads\/2016\/12\/IMG-20161129-WA0001-300x169.jpg\" alt=\"Rueda de prensa Logro\u00f1o\" width=\"386\" height=\"217\" \/><\/p>\n<p style=\"text-align: justify;\">Adem\u00e1s, este a\u00f1o el proyecto Teatro Accesible ha crecido tambi\u00e9n en nuevos servicios y experiencias. A principios de 2016 <strong>ofrecimos la primera funci\u00f3n adaptada para personas con discapacidad intelectual<\/strong> del proyecto, una <strong>accesibilidad cognitiva<\/strong> que se realiz\u00f3 de la mano de Plena Inclusi\u00f3n Madrid, la Cooperativa Altavoz, Grupo AMAS y la empresa Dilof\u00e1cil. Pod\u00e9is ver un resumen de esta experiencia tan enriquecedora\u00a0en este v\u00eddeo.<\/p>\n<div style=\"height: 85%; width: 85%; margin: 0 auto;\">[embedyt] http:\/\/www.youtube.com\/watch?v=ZFVnREr30tk&amp;width=300&amp;[\/embedyt]<\/div>\n<p>&nbsp;<\/p>\n<p style=\"text-align: justify;\">Esta incursi\u00f3n vino acompa\u00f1ada de otra pr\u00e1ctica que nos ha gustado mucho y que comenzamos a\u00a0realizar con el <strong>objetivo de acercarnos m\u00e1s a las asociaciones y a las personas con discapacidad<\/strong> que solicitan nuestros servicios. <strong>Estoy hablando de los<\/strong> <strong>talleres<\/strong> que estamos llevando a cabo con estos dos colectivos y que nos permiten escuchar directamente y por una v\u00eda distinta a la del teatro, la voz de nuestros usuarios. Desde que comenz\u00e1semos el proyecto all\u00e1 por 2011, han sido m\u00e1s de 4000 personas las que han disfrutado de algunas de nuestras funciones. Sin duda la cifra de la que estamos m\u00e1s orgullosos.<\/p>\n<p style=\"text-align: justify;\">\u00a0 \u00a0 \u00a0 \u00a0 \u00a0 \u00a0 \u00a0<img loading=\"lazy\" decoding=\"async\" class=\"alignnone wp-image-4844\" src=\"http:\/\/aptent.es\/wp-content\/uploads\/2016\/12\/IMG-20161111-WA0009-300x169.jpg\" alt=\"Reflexiones en post-it\" width=\"355\" height=\"200\" \/>\u00a0\u00a0<img loading=\"lazy\" decoding=\"async\" class=\"alignnone wp-image-4851\" src=\"http:\/\/aptent.es\/wp-content\/uploads\/2016\/12\/taller-BCN2-300x169.jpg\" alt=\"Fotograf\u00eda de grupo con usuarios en Barcelona\" width=\"355\" height=\"200\" \/><\/p>\n<p style=\"text-align: justify;\">Si hablamos de eventos, este a\u00f1o hemos asistido a muchos. Me viene a la cabeza <strong>MERCARTES<\/strong>, el mercado bienal de las artes esc\u00e9nicas en Espa\u00f1a que este a\u00f1o se ha celebrado en Valladolid, las Jornadas de inclusi\u00f3n social de A Coru\u00f1a, el VI Congreso SELM en Sevilla o el foro Cultura y Empresa que tuvo lugar en los Teatros del Canal. \u00a1No hemos parado! \u00bfQu\u00e9 tendr\u00e1n algunos meses en los que no da tiempo casi ni a respirar?<\/p>\n<p style=\"text-align: justify;\">Aunque sin duda el viaje del a\u00f1o ha sido nuestra asistencia al <strong>congreso <em><a href=\"http:\/\/www.kulttuuriakaikille.fi\/the_forum_of_equality_in_culture\">Forum Equality in culture: Accessibility 3.0<\/a>\u00a0<\/em><\/strong>que se ha celebrado este mes de noviembre en Helsinki y que <a href=\"http:\/\/aptent.es\/presentamos-startit-y-teatro-accesible-en-helsinki\/\">ya os contamos hace unos d\u00edas aqu\u00ed<\/a>. Tuvimos la oportunidad de <strong>impartir un taller sobre <a href=\"http:\/\/www.startit-app.com\">STARTIT<\/a><\/strong> a distintos asistentes al congreso y expusimos el proyecto Teatro Accesible en las jornadas. Adem\u00e1s probamos el reno y pasamos un fr\u00edo insoportable en Suommelina. \u00a1No te pierdas las fotos!<\/p>\n<p style=\"text-align: justify;\">\u00a0 \u00a0<img loading=\"lazy\" decoding=\"async\" class=\"alignnone wp-image-4676\" src=\"http:\/\/aptent.es\/wp-content\/uploads\/2016\/11\/WP_20161103_036-300x169.jpg\" alt=\"Javier presentando Teatro Accesible\" width=\"252\" height=\"142\" \/>\u00a0\u00a0<img loading=\"lazy\" decoding=\"async\" class=\"alignnone wp-image-4734\" src=\"http:\/\/aptent.es\/wp-content\/uploads\/2016\/11\/IMG_20161102_164736894-300x169.jpg\" alt=\"Equipo apt\u00e9ntico en Helsinki\" width=\"252\" height=\"142\" \/>\u00a0\u00a0<img loading=\"lazy\" decoding=\"async\" class=\"alignnone wp-image-4735\" src=\"http:\/\/aptent.es\/wp-content\/uploads\/2016\/11\/IMG_20161104_103039521-300x169.jpg\" alt=\"Suommelina\" width=\"252\" height=\"142\" \/><\/p>\n<p style=\"text-align: justify;\">Este 2016 tambi\u00e9n ha sido un a\u00f1o interesante para STARTIT. Durante unos d\u00edas estuvimos realizando pruebas en colaboraci\u00f3n con el colegio Tres Olivos de Madrid y muy pronto podremos daros <strong>buenas noticias relacionadas con la accesibilidad y la educaci\u00f3n<\/strong>. De hecho si hab\u00e9is asistido a alguno de los congresos de este a\u00f1o, como el<strong> CIUD o el AMADIS<\/strong> ya sabr\u00e9is de lo que estoy hablando, pero me gusta hacerme la misteriosa \ud83d\ude42<\/p>\n<p style=\"text-align: justify;\">Tambi\u00e9n nos enorgullece recordar el <strong>premio<\/strong> <strong>que recibieron nuestros compa\u00f1eros Javier Navarro y Esmeralda Azkarate-Gaztelu por el subtitulado para sordos<\/strong> que realizaron de la pel\u00edcula &#8220;La historia de Marie Heurtin&#8221;, otorgado por ATRAE (Asociaci\u00f3n de \u00a0Traducci\u00f3n y Adaptaci\u00f3n Audiovisual de Espa\u00f1a) y que <a href=\"http:\/\/aptent.es\/nuestros-companeros-esmeralda-y-javier-reciben-el-premio-atrae-por-su-subtitulado-para-sordos\/\">ya contamos aqu\u00ed<\/a>. Una vez m\u00e1s, felicidades chicos \ud83d\ude42<\/p>\n<p style=\"text-align: justify;\">\u00a0 \u00a0 \u00a0 \u00a0 \u00a0 \u00a0 \u00a0 \u00a0 \u00a0 \u00a0 \u00a0 \u00a0\u00a0<img loading=\"lazy\" decoding=\"async\" class=\"alignnone wp-image-4849\" src=\"http:\/\/aptent.es\/wp-content\/uploads\/2016\/12\/premiosatrae1-300x225.jpg\" alt=\"Photocall premios atrae\" width=\"338\" height=\"253\" \/>\u00a0 \u00a0<img loading=\"lazy\" decoding=\"async\" class=\"alignnone wp-image-4850\" src=\"http:\/\/aptent.es\/wp-content\/uploads\/2016\/12\/PremiosATRAE2-300x300.jpg\" alt=\"Entrega premios atrae\" width=\"254\" height=\"254\" \/><\/p>\n<p style=\"text-align: justify;\">Una vez llegados a este punto, cerrando los ojos y pensando en este 2016, sin duda podemos afirmar que para Aptent ha sido una \u00e9poca de cambios. Con el objetivo de fomentar la cohesi\u00f3n del equipo y la comunicaci\u00f3n interna hemos realizado un par de sesiones de coaching y de hecho&#8230; \u00a1hasta nos hemos ido de boda apt\u00e9ntica! (\u00a1que vivan los novios!). Estos 12 meses han tra\u00eddo bajo el brazo por fortuna mucho trabajo y aprendizaje, y en mi opini\u00f3n hemos dado un pasito hacia delante que va a traer muchas cosas buenas para 2017. Adem\u00e1s, este mes de noviembre hemos cumplido 5 a\u00f1os como empresa, y estar\u00e9is de acuerdo conmigo en que un cumplea\u00f1os as\u00ed para una\u00a0start up es todo un \u00e9xito. \u00bfQu\u00e9 mejor comienzo para el inicio de una fase de crecimiento y enriquecimiento apt\u00e9ntico? \ud83d\ude09<\/p>\n<p style=\"text-align: justify;\">No quiero terminar este repaso sin hacer referencia a los prop\u00f3sitos de a\u00f1o nuevo que nos\u00a0<a href=\"http:\/\/aptent.es\/nuestros-propositos-de-ano-nuevo\/\">planteamos all\u00e1 por enero<\/a>. De los cinco que nos propusimos hemos cumplido cuatro y medio (s\u00ed, el blog est\u00e1 en ello), as\u00ed que no est\u00e1 nada mal. Aprovecharemos estas navidades para pensar los de 2017 y os los contaremos a principios de a\u00f1o en este mismo blog.<\/p>\n<p style=\"text-align: justify;\">Os deseamos unas felices fiestas y que el a\u00f1o que viene venga cargado de muchos proyectos en favor de una cultura para todos.<\/p>\n<p style=\"text-align: justify;\"><img loading=\"lazy\" decoding=\"async\" class=\"aligncenter wp-image-4846\" src=\"http:\/\/aptent.es\/wp-content\/uploads\/2016\/12\/Felicitacion2016_OK4-300x208.jpg\" alt=\"Felicitaci\u00f3n aptent 2016\" width=\"572\" height=\"397\" \/><\/p>\n<p style=\"text-align: justify;\">\n","protected":false},"excerpt":{"rendered":"<p>Llega el mes de diciembre y todos, en mayor o menor medida, solemos mirar hacia atr\u00e1s para ver qu\u00e9 tal nos ha ido este a\u00f1o que empezamos con tantas ganas. As\u00ed que aqu\u00ed estamos de nuevo, echando la vista atr\u00e1s para repasar contigo y contarte c\u00f3mo han ido estos doce meses. \u00bfNos acompa\u00f1as? \ud83d\ude09 Sin [&hellip;]<\/p>\n","protected":false},"author":2,"featured_media":7209,"comment_status":"open","ping_status":"open","sticky":false,"template":"","format":"standard","meta":{"_et_pb_use_builder":"","_et_pb_old_content":"","_et_gb_content_width":"","footnotes":""},"categories":[27,126],"tags":[18,102,35,40,142,84,36,43,76,104,143],"class_list":["post-7755","post","type-post","status-publish","format-standard","has-post-thumbnail","hentry","category-noticias","category-teatro-accesible","tag-accesibilidad","tag-accesibilidad-a-la-comunicacion","tag-aptent","tag-congresos","tag-cultura-para-todos","tag-discapacidad","tag-emprendedores","tag-eventos","tag-navidad","tag-personas-con-discapacidad","tag-talleres"],"yoast_head":"<!-- This site is optimized with the Yoast SEO plugin v27.5 - https:\/\/yoast.com\/product\/yoast-seo-wordpress\/ -->\n<title>\u00a1Adi\u00f3s 2016! - Aptent Soluciones. Subtitulado y audiodescripci\u00f3n.<\/title>\n<meta name=\"robots\" content=\"index, follow, max-snippet:-1, max-image-preview:large, max-video-preview:-1\" \/>\n<link rel=\"canonical\" href=\"https:\/\/aptent.es\/adios-2016\/\" \/>\n<meta property=\"og:locale\" content=\"eu_ES\" \/>\n<meta property=\"og:type\" content=\"article\" \/>\n<meta property=\"og:title\" content=\"\u00a1Adi\u00f3s 2016! - Aptent Soluciones. Subtitulado y audiodescripci\u00f3n.\" \/>\n<meta property=\"og:description\" content=\"Llega el mes de diciembre y todos, en mayor o menor medida, solemos mirar hacia atr\u00e1s para ver qu\u00e9 tal nos ha ido este a\u00f1o que empezamos con tantas ganas. As\u00ed que aqu\u00ed estamos de nuevo, echando la vista atr\u00e1s para repasar contigo y contarte c\u00f3mo han ido estos doce meses. \u00bfNos acompa\u00f1as? \ud83d\ude09 Sin [&hellip;]\" \/>\n<meta property=\"og:url\" content=\"https:\/\/aptent.es\/adios-2016\/\" \/>\n<meta property=\"og:site_name\" content=\"Aptent Soluciones. Subtitulado y audiodescripci\u00f3n.\" \/>\n<meta property=\"article:published_time\" content=\"2016-12-19T08:44:31+00:00\" \/>\n<meta property=\"article:modified_time\" content=\"2024-05-24T12:02:24+00:00\" \/>\n<meta property=\"og:image\" content=\"https:\/\/aptent.es\/wp-content\/uploads\/2016\/12\/front-aptent2016.jpg\" \/>\n\t<meta property=\"og:image:width\" content=\"1000\" \/>\n\t<meta property=\"og:image:height\" content=\"667\" \/>\n\t<meta property=\"og:image:type\" content=\"image\/jpeg\" \/>\n<meta name=\"author\" content=\"Beatriz Lerones\" \/>\n<meta name=\"twitter:card\" content=\"summary_large_image\" \/>\n<meta name=\"twitter:label1\" content=\"Written by\" \/>\n\t<meta name=\"twitter:data1\" content=\"Beatriz Lerones\" \/>\n\t<meta name=\"twitter:label2\" content=\"Est. reading time\" \/>\n\t<meta name=\"twitter:data2\" content=\"5 minutes\" \/>\n<script type=\"application\/ld+json\" class=\"yoast-schema-graph\">{\"@context\":\"https:\\\/\\\/schema.org\",\"@graph\":[{\"@type\":\"Article\",\"@id\":\"https:\\\/\\\/aptent.es\\\/adios-2016\\\/#article\",\"isPartOf\":{\"@id\":\"https:\\\/\\\/aptent.es\\\/adios-2016\\\/\"},\"author\":{\"name\":\"Beatriz Lerones\",\"@id\":\"https:\\\/\\\/aptent.es\\\/#\\\/schema\\\/person\\\/6e99ccba3c9cd4f73750645a1b442c4a\"},\"headline\":\"\u00a1Adi\u00f3s 2016!\",\"datePublished\":\"2016-12-19T08:44:31+00:00\",\"dateModified\":\"2024-05-24T12:02:24+00:00\",\"mainEntityOfPage\":{\"@id\":\"https:\\\/\\\/aptent.es\\\/adios-2016\\\/\"},\"wordCount\":994,\"commentCount\":0,\"image\":{\"@id\":\"https:\\\/\\\/aptent.es\\\/adios-2016\\\/#primaryimage\"},\"thumbnailUrl\":\"https:\\\/\\\/aptent.es\\\/wp-content\\\/uploads\\\/2016\\\/12\\\/front-aptent2016.jpg\",\"keywords\":[\"Accesibilidad\",\"Accesibilidad a la comunicaci\u00f3n\",\"Aptent\",\"Congresos\",\"cultura para todos\",\"discapacidad\",\"Emprendedores\",\"Eventos\",\"Navidad\",\"personas con discapacidad\",\"talleres\"],\"articleSection\":[\"Noticias\",\"Teatro Accesible\"],\"inLanguage\":\"eu-ES\",\"potentialAction\":[{\"@type\":\"CommentAction\",\"name\":\"Comment\",\"target\":[\"https:\\\/\\\/aptent.es\\\/adios-2016\\\/#respond\"]}]},{\"@type\":\"WebPage\",\"@id\":\"https:\\\/\\\/aptent.es\\\/adios-2016\\\/\",\"url\":\"https:\\\/\\\/aptent.es\\\/adios-2016\\\/\",\"name\":\"\u00a1Adi\u00f3s 2016! - Aptent Soluciones. Subtitulado y audiodescripci\u00f3n.\",\"isPartOf\":{\"@id\":\"https:\\\/\\\/aptent.es\\\/#website\"},\"primaryImageOfPage\":{\"@id\":\"https:\\\/\\\/aptent.es\\\/adios-2016\\\/#primaryimage\"},\"image\":{\"@id\":\"https:\\\/\\\/aptent.es\\\/adios-2016\\\/#primaryimage\"},\"thumbnailUrl\":\"https:\\\/\\\/aptent.es\\\/wp-content\\\/uploads\\\/2016\\\/12\\\/front-aptent2016.jpg\",\"datePublished\":\"2016-12-19T08:44:31+00:00\",\"dateModified\":\"2024-05-24T12:02:24+00:00\",\"author\":{\"@id\":\"https:\\\/\\\/aptent.es\\\/#\\\/schema\\\/person\\\/6e99ccba3c9cd4f73750645a1b442c4a\"},\"breadcrumb\":{\"@id\":\"https:\\\/\\\/aptent.es\\\/adios-2016\\\/#breadcrumb\"},\"inLanguage\":\"eu-ES\",\"potentialAction\":[{\"@type\":\"ReadAction\",\"target\":[\"https:\\\/\\\/aptent.es\\\/adios-2016\\\/\"]}]},{\"@type\":\"ImageObject\",\"inLanguage\":\"eu-ES\",\"@id\":\"https:\\\/\\\/aptent.es\\\/adios-2016\\\/#primaryimage\",\"url\":\"https:\\\/\\\/aptent.es\\\/wp-content\\\/uploads\\\/2016\\\/12\\\/front-aptent2016.jpg\",\"contentUrl\":\"https:\\\/\\\/aptent.es\\\/wp-content\\\/uploads\\\/2016\\\/12\\\/front-aptent2016.jpg\",\"width\":1000,\"height\":667},{\"@type\":\"BreadcrumbList\",\"@id\":\"https:\\\/\\\/aptent.es\\\/adios-2016\\\/#breadcrumb\",\"itemListElement\":[{\"@type\":\"ListItem\",\"position\":1,\"name\":\"Portada\",\"item\":\"https:\\\/\\\/aptent.es\\\/eu\\\/home\\\/\"},{\"@type\":\"ListItem\",\"position\":2,\"name\":\"\u00a1Adi\u00f3s 2016!\"}]},{\"@type\":\"WebSite\",\"@id\":\"https:\\\/\\\/aptent.es\\\/#website\",\"url\":\"https:\\\/\\\/aptent.es\\\/\",\"name\":\"Aptent Soluciones. Subtitulado y audiodescripci\u00f3n.\",\"description\":\"Empresa de tecnolog\u00eda y accesibilidad en la comunicaci\u00f3n. Subtitulado para sordos en directo, traducci\u00f3n, audiodescripci\u00f3n, sistema FM y bucle magn\u00e9tico.\",\"potentialAction\":[{\"@type\":\"SearchAction\",\"target\":{\"@type\":\"EntryPoint\",\"urlTemplate\":\"https:\\\/\\\/aptent.es\\\/?s={search_term_string}\"},\"query-input\":{\"@type\":\"PropertyValueSpecification\",\"valueRequired\":true,\"valueName\":\"search_term_string\"}}],\"inLanguage\":\"eu-ES\"},{\"@type\":\"Person\",\"@id\":\"https:\\\/\\\/aptent.es\\\/#\\\/schema\\\/person\\\/6e99ccba3c9cd4f73750645a1b442c4a\",\"name\":\"Beatriz Lerones\",\"image\":{\"@type\":\"ImageObject\",\"inLanguage\":\"eu-ES\",\"@id\":\"https:\\\/\\\/secure.gravatar.com\\\/avatar\\\/edf99074cac7bd706e13f3e9ad07e8e05c09967ba9e305434c5a09850b1ab0f4?s=96&d=mm&r=g\",\"url\":\"https:\\\/\\\/secure.gravatar.com\\\/avatar\\\/edf99074cac7bd706e13f3e9ad07e8e05c09967ba9e305434c5a09850b1ab0f4?s=96&d=mm&r=g\",\"contentUrl\":\"https:\\\/\\\/secure.gravatar.com\\\/avatar\\\/edf99074cac7bd706e13f3e9ad07e8e05c09967ba9e305434c5a09850b1ab0f4?s=96&d=mm&r=g\",\"caption\":\"Beatriz Lerones\"}}]}<\/script>\n<!-- \/ Yoast SEO plugin. -->","yoast_head_json":{"title":"\u00a1Adi\u00f3s 2016! - Aptent Soluciones. Subtitulado y audiodescripci\u00f3n.","robots":{"index":"index","follow":"follow","max-snippet":"max-snippet:-1","max-image-preview":"max-image-preview:large","max-video-preview":"max-video-preview:-1"},"canonical":"https:\/\/aptent.es\/adios-2016\/","og_locale":"eu_ES","og_type":"article","og_title":"\u00a1Adi\u00f3s 2016! - Aptent Soluciones. Subtitulado y audiodescripci\u00f3n.","og_description":"Llega el mes de diciembre y todos, en mayor o menor medida, solemos mirar hacia atr\u00e1s para ver qu\u00e9 tal nos ha ido este a\u00f1o que empezamos con tantas ganas. As\u00ed que aqu\u00ed estamos de nuevo, echando la vista atr\u00e1s para repasar contigo y contarte c\u00f3mo han ido estos doce meses. \u00bfNos acompa\u00f1as? \ud83d\ude09 Sin [&hellip;]","og_url":"https:\/\/aptent.es\/adios-2016\/","og_site_name":"Aptent Soluciones. Subtitulado y audiodescripci\u00f3n.","article_published_time":"2016-12-19T08:44:31+00:00","article_modified_time":"2024-05-24T12:02:24+00:00","og_image":[{"width":1000,"height":667,"url":"https:\/\/aptent.es\/wp-content\/uploads\/2016\/12\/front-aptent2016.jpg","type":"image\/jpeg"}],"author":"Beatriz Lerones","twitter_card":"summary_large_image","twitter_misc":{"Written by":"Beatriz Lerones","Est. reading time":"5 minutes"},"schema":{"@context":"https:\/\/schema.org","@graph":[{"@type":"Article","@id":"https:\/\/aptent.es\/adios-2016\/#article","isPartOf":{"@id":"https:\/\/aptent.es\/adios-2016\/"},"author":{"name":"Beatriz Lerones","@id":"https:\/\/aptent.es\/#\/schema\/person\/6e99ccba3c9cd4f73750645a1b442c4a"},"headline":"\u00a1Adi\u00f3s 2016!","datePublished":"2016-12-19T08:44:31+00:00","dateModified":"2024-05-24T12:02:24+00:00","mainEntityOfPage":{"@id":"https:\/\/aptent.es\/adios-2016\/"},"wordCount":994,"commentCount":0,"image":{"@id":"https:\/\/aptent.es\/adios-2016\/#primaryimage"},"thumbnailUrl":"https:\/\/aptent.es\/wp-content\/uploads\/2016\/12\/front-aptent2016.jpg","keywords":["Accesibilidad","Accesibilidad a la comunicaci\u00f3n","Aptent","Congresos","cultura para todos","discapacidad","Emprendedores","Eventos","Navidad","personas con discapacidad","talleres"],"articleSection":["Noticias","Teatro Accesible"],"inLanguage":"eu-ES","potentialAction":[{"@type":"CommentAction","name":"Comment","target":["https:\/\/aptent.es\/adios-2016\/#respond"]}]},{"@type":"WebPage","@id":"https:\/\/aptent.es\/adios-2016\/","url":"https:\/\/aptent.es\/adios-2016\/","name":"\u00a1Adi\u00f3s 2016! - Aptent Soluciones. Subtitulado y audiodescripci\u00f3n.","isPartOf":{"@id":"https:\/\/aptent.es\/#website"},"primaryImageOfPage":{"@id":"https:\/\/aptent.es\/adios-2016\/#primaryimage"},"image":{"@id":"https:\/\/aptent.es\/adios-2016\/#primaryimage"},"thumbnailUrl":"https:\/\/aptent.es\/wp-content\/uploads\/2016\/12\/front-aptent2016.jpg","datePublished":"2016-12-19T08:44:31+00:00","dateModified":"2024-05-24T12:02:24+00:00","author":{"@id":"https:\/\/aptent.es\/#\/schema\/person\/6e99ccba3c9cd4f73750645a1b442c4a"},"breadcrumb":{"@id":"https:\/\/aptent.es\/adios-2016\/#breadcrumb"},"inLanguage":"eu-ES","potentialAction":[{"@type":"ReadAction","target":["https:\/\/aptent.es\/adios-2016\/"]}]},{"@type":"ImageObject","inLanguage":"eu-ES","@id":"https:\/\/aptent.es\/adios-2016\/#primaryimage","url":"https:\/\/aptent.es\/wp-content\/uploads\/2016\/12\/front-aptent2016.jpg","contentUrl":"https:\/\/aptent.es\/wp-content\/uploads\/2016\/12\/front-aptent2016.jpg","width":1000,"height":667},{"@type":"BreadcrumbList","@id":"https:\/\/aptent.es\/adios-2016\/#breadcrumb","itemListElement":[{"@type":"ListItem","position":1,"name":"Portada","item":"https:\/\/aptent.es\/eu\/home\/"},{"@type":"ListItem","position":2,"name":"\u00a1Adi\u00f3s 2016!"}]},{"@type":"WebSite","@id":"https:\/\/aptent.es\/#website","url":"https:\/\/aptent.es\/","name":"Aptent Soluciones. Subtitulado y audiodescripci\u00f3n.","description":"Empresa de tecnolog\u00eda y accesibilidad en la comunicaci\u00f3n. Subtitulado para sordos en directo, traducci\u00f3n, audiodescripci\u00f3n, sistema FM y bucle magn\u00e9tico.","potentialAction":[{"@type":"SearchAction","target":{"@type":"EntryPoint","urlTemplate":"https:\/\/aptent.es\/?s={search_term_string}"},"query-input":{"@type":"PropertyValueSpecification","valueRequired":true,"valueName":"search_term_string"}}],"inLanguage":"eu-ES"},{"@type":"Person","@id":"https:\/\/aptent.es\/#\/schema\/person\/6e99ccba3c9cd4f73750645a1b442c4a","name":"Beatriz Lerones","image":{"@type":"ImageObject","inLanguage":"eu-ES","@id":"https:\/\/secure.gravatar.com\/avatar\/edf99074cac7bd706e13f3e9ad07e8e05c09967ba9e305434c5a09850b1ab0f4?s=96&d=mm&r=g","url":"https:\/\/secure.gravatar.com\/avatar\/edf99074cac7bd706e13f3e9ad07e8e05c09967ba9e305434c5a09850b1ab0f4?s=96&d=mm&r=g","contentUrl":"https:\/\/secure.gravatar.com\/avatar\/edf99074cac7bd706e13f3e9ad07e8e05c09967ba9e305434c5a09850b1ab0f4?s=96&d=mm&r=g","caption":"Beatriz Lerones"}}]}},"_links":{"self":[{"href":"https:\/\/aptent.es\/eu\/wp-json\/wp\/v2\/posts\/7755","targetHints":{"allow":["GET"]}}],"collection":[{"href":"https:\/\/aptent.es\/eu\/wp-json\/wp\/v2\/posts"}],"about":[{"href":"https:\/\/aptent.es\/eu\/wp-json\/wp\/v2\/types\/post"}],"author":[{"embeddable":true,"href":"https:\/\/aptent.es\/eu\/wp-json\/wp\/v2\/users\/2"}],"replies":[{"embeddable":true,"href":"https:\/\/aptent.es\/eu\/wp-json\/wp\/v2\/comments?post=7755"}],"version-history":[{"count":1,"href":"https:\/\/aptent.es\/eu\/wp-json\/wp\/v2\/posts\/7755\/revisions"}],"predecessor-version":[{"id":8741,"href":"https:\/\/aptent.es\/eu\/wp-json\/wp\/v2\/posts\/7755\/revisions\/8741"}],"wp:featuredmedia":[{"embeddable":true,"href":"https:\/\/aptent.es\/eu\/wp-json\/wp\/v2\/media\/7209"}],"wp:attachment":[{"href":"https:\/\/aptent.es\/eu\/wp-json\/wp\/v2\/media?parent=7755"}],"wp:term":[{"taxonomy":"category","embeddable":true,"href":"https:\/\/aptent.es\/eu\/wp-json\/wp\/v2\/categories?post=7755"},{"taxonomy":"post_tag","embeddable":true,"href":"https:\/\/aptent.es\/eu\/wp-json\/wp\/v2\/tags?post=7755"}],"curies":[{"name":"wp","href":"https:\/\/api.w.org\/{rel}","templated":true}]}}