{"id":11560,"date":"2024-11-14T14:43:10","date_gmt":"2024-11-14T13:43:10","guid":{"rendered":"https:\/\/aptent.es\/?p=11560"},"modified":"2024-11-18T12:28:07","modified_gmt":"2024-11-18T11:28:07","slug":"la-inteligencia-artificial-un-aliado-para-las-personas-con-discapacidad","status":"publish","type":"post","link":"https:\/\/aptent.es\/eu\/la-inteligencia-artificial-un-aliado-para-las-personas-con-discapacidad\/","title":{"rendered":"La inteligencia artificial: un aliado para las personas\u00a0con discapacidad"},"content":{"rendered":"\n<p><strong>La inteligencia artificial (IA) est\u00e1 revolucionando la vida de las personas, en especial, a aquellas con discapacidad, abriendo un abanico de posibilidades para una inclusi\u00f3n efectiva en la sociedad. Descubre a continuaci\u00f3n las diferentes herramientas, alcances e impactos de la IA.<\/strong><br><br>Desde hace algunos a\u00f1os, la IA se ha convertido en un agente de cambio, transformando la forma en la que vivimos, trabajamos y nos relacionamos con el mundo que nos rodea.&nbsp;<\/p>\n\n\n\n<p>Uno de los \u00e1mbitos donde ha demostrado este potencial transformador es en la inclusi\u00f3n de las personas con discapacidad, abriendo un nuevo horizonte de posibilidades para mejorar su autonom\u00eda, comunicaci\u00f3n y la participaci\u00f3n social. Hoy en d\u00eda, la IA se manifiesta en herramientas tangibles e intangibles que aportan soluciones concretas a problemas reales, generando un impacto significativo en la calidad de vida de estos colectivos. A continuaci\u00f3n, se exploran algunas de las m\u00e1s significativas.&nbsp;<\/p>\n\n\n\n<h2 class=\"wp-block-heading\"><strong>Asistentes personalizados<\/strong><\/h2>\n\n\n\n<p>La inteligencia artificial ha contribuido al desarrollo de los asistentes virtuales como <em>Alexa<\/em> y <em>Google Assistant<\/em>, que utilizan procesamiento de lenguaje natural para comprender y responder a comandos de voz, resultando especialmente \u00fatil para personas con discapacidad f\u00edsica que puedan tener dificultades para hacer uso de dispositivos tradicionales. Este tipo de herramientas se complementan con otras iniciativas que se han desarrollado espec\u00edficamente para ciertas comunidades, como es el caso de<em> Project Relate <\/em>de Google, dise\u00f1ada para ayudar a personas con dificultades para comunicarse. Utilizando tecnolog\u00eda avanzada de reconocimiento de voz e inteligencia artificial, esta aplicaci\u00f3n permite transcribir el discurso de los usuarios en texto, reproducirlo en voz alta e interactuar con los asistentes virtuales para que puedan recibir comandos claros y precisos. La aplicaci\u00f3n se entrena con las voces de los propios usuarios, lo que permite que el sistema se adapte y mejore su precisi\u00f3n con el tiempo, proporcionando una asistencia personalizada que facilita la comunicaci\u00f3n y fomenta la independencia de cada individuo.<\/p>\n\n\n\n<figure class=\"wp-block-image size-full is-resized\"><img loading=\"lazy\" decoding=\"async\" width=\"747\" height=\"456\" src=\"https:\/\/aptent.es\/wp-content\/uploads\/2024\/11\/foto-Alexa.jpg\" alt=\"Foto de Alexa asistente virtual\" class=\"wp-image-11569\" style=\"width:526px;height:auto\" srcset=\"https:\/\/aptent.es\/wp-content\/uploads\/2024\/11\/foto-Alexa.jpg 747w, https:\/\/aptent.es\/wp-content\/uploads\/2024\/11\/foto-Alexa-480x293.jpg 480w\" sizes=\"auto, (min-width: 0px) and (max-width: 480px) 480px, (min-width: 481px) 747px, 100vw\" \/><\/figure>\n\n\n\n<h2 class=\"wp-block-heading\"><strong>Aplicaciones de reconocimiento&nbsp;<\/strong><\/h2>\n\n\n\n<p>Las aplicaciones de reconocimiento de entorno como <em>Seeing AI<\/em> de Microsoft y <em>Lookout <\/em>de Google se han desarrollado especialmente para personas ciegas y con discapacidad visual. Estas aplicaciones se basan en tecnolog\u00edas de visi\u00f3n artificial e inteligencia artificial generativa para proporcionar descripciones detalladas del entorno a trav\u00e9s de la c\u00e1mara y otros sensores de los dispositivos m\u00f3viles. <a href=\"https:\/\/www.seeingai.com\"><em>Seeing AI<\/em> <\/a>y <a href=\"https:\/\/play.google.com\/store\/apps\/details?id=com.google.android.apps.accessibility.reveal&amp;hl=en&amp;pli=1\"><em>Lookout<\/em> <\/a>ofrecen funcionalidades similares: pueden leer textos, reconocer caras y emociones, describir objetos y escenas e incluso identificar productos a trav\u00e9s de sus c\u00f3digos de barras. <\/p>\n\n\n\n<p>Estas herramientas no solo aumentan la autonom\u00eda y seguridad de las personas con discapacidad visual, sino que tambi\u00e9n les permiten interactuar con el mundo de una manera m\u00e1s f\u00e1cil.<\/p>\n\n\n\n<h2 class=\"wp-block-heading\"><strong>Traducci\u00f3n simult\u00e1nea<\/strong><\/h2>\n\n\n\n<p>Plataformas de comunicaci\u00f3n accesible como Copla, el \u00faltimo desarrollo de la empresa Aptent, hacen uso de la IA para reconocer la voz humana y subtitular autom\u00e1ticamente. Este desarrollo permite que eventos online y presenciales, as\u00ed como espect\u00e1culos de artes esc\u00e9nicas sean accesibles a personas con discapacidad auditiva o personas que est\u00e1n aprendiendo el idioma.<\/p>\n\n\n\n<figure class=\"wp-block-video\"><video height=\"1080\" style=\"aspect-ratio: 1920 \/ 1080;\" width=\"1920\" controls src=\"https:\/\/aptent.es\/wp-content\/uploads\/2024\/09\/VIDEO-COPLA-V4-1-1.mp4\"><\/video><\/figure>\n\n\n\n<div class=\"wp-block-buttons has-custom-font-size has-medium-font-size is-layout-flex wp-block-buttons-is-layout-flex\">\n<div class=\"wp-block-button\"><a class=\"wp-block-button__link has-background wp-element-button\" style=\"background-color:#006073\">DESCUBRE COPLA<\/a><\/div>\n<\/div>\n\n\n\n<h2 class=\"wp-block-heading\"><strong>Alcances en la educaci\u00f3n y la salud<\/strong><\/h2>\n\n\n\n<p>En el \u00e1mbito de la educaci\u00f3n, la inteligencia artificial permite la personalizaci\u00f3n del aprendizaje a trav\u00e9s del <em>machine learning<\/em>, un mecanismo entrenado para reconocer patrones basados en datos para luego hacer predicciones. Esto facilita la comprensi\u00f3n de contenido para personas con discapacidad intelectual o con dificultades de aprendizaje. <\/p>\n\n\n\n<p>En el campo de la salud, la IA se utiliza para desarrollar terapias personalizadas y sistemas de monitoreo que detectan anomal\u00edas y alertan a los profesionales de la salud en tiempo real.<\/p>\n\n\n\n<p>La IA ha tenido un impacto positivo en muchos otros \u00e1mbitos que influyen en la calidad de vida de las personas con discapacidad. Desde la salud y la educaci\u00f3n, hasta el empleo y la comodidad en el hogar, la IA ha contribuido al desarrollo de soluciones que promueven la autonom\u00eda, la inclusi\u00f3n y el bienestar de las personas, ofreciendo nuevas posibilidades de independencia y participaci\u00f3n activa en la sociedad.<\/p>\n\n\n\n<figure class=\"wp-block-image size-full is-resized\"><img loading=\"lazy\" decoding=\"async\" width=\"747\" height=\"456\" src=\"https:\/\/aptent.es\/wp-content\/uploads\/2024\/11\/Fotos-para-articulos-blog.jpg\" alt=\"Machine learning foto\" class=\"wp-image-11574\" style=\"width:500px;height:auto\" srcset=\"https:\/\/aptent.es\/wp-content\/uploads\/2024\/11\/Fotos-para-articulos-blog.jpg 747w, https:\/\/aptent.es\/wp-content\/uploads\/2024\/11\/Fotos-para-articulos-blog-480x293.jpg 480w\" sizes=\"auto, (min-width: 0px) and (max-width: 480px) 480px, (min-width: 481px) 747px, 100vw\" \/><\/figure>\n\n\n\n<p><strong>Referencias<\/strong><\/p>\n\n\n\n<p><a href=\"https:\/\/news.microsoft.com\/es-es\/2023\/12\/05\/microsoft-lanza-seeing-ai-en-android-la-app-gratuita-que-facilita-el-reconocimiento-y-descripcion-del-entorno-a-personas-ciegas-con-nuevos-idiomas-y-funciones-actualizadas\">https:\/\/news.microsoft.com\/es-es\/2023\/12\/05\/microsoft-lanza-seeing-ai-en-android-la-app-gratuita-que-facilita-el-reconocimiento-y-descripcion-del-entorno-a-personas-ciegas-con-nuevos-idiomas-y-funciones-actualizadas<\/a><\/p>\n\n\n\n<p><a href=\"https:\/\/play.google.com\/store\/apps\/details?id=com.google.android.apps.accessibility.reveal&amp;hl=es&amp;pli=1\">https:\/\/play.google.com\/store\/apps\/details?id=com.google.android.apps.accessibility.reveal&amp;hl=es&amp;pli=1<\/a><\/p>\n\n\n\n<p><a href=\"https:\/\/sites.research.google\/relate\">https:\/\/sites.research.google\/relate<\/a><\/p>\n\n\n\n<p><a href=\"https:\/\/www.unesco.org\/es\/digital-education\/artificial-intelligence\">https:\/\/www.unesco.org\/es\/digital-education\/artificial-intelligence<\/a><\/p>\n\n\n\n<p><a href=\"https:\/\/www.ibm.com\/es-es\/topics\/artificial-intelligence-medicine\">https:\/\/www.ibm.com\/es-es\/topics\/artificial-intelligence-medicine<\/a><\/p>\n","protected":false},"excerpt":{"rendered":"<p>La inteligencia artificial (IA) est\u00e1 revolucionando la vida de las personas, en especial, a aquellas con discapacidad, abriendo un abanico de posibilidades para una inclusi\u00f3n efectiva en la sociedad. Descubre a continuaci\u00f3n las diferentes herramientas, alcances e impactos de la IA. Desde hace algunos a\u00f1os, la IA se ha convertido en un agente de cambio, [&hellip;]<\/p>\n","protected":false},"author":9,"featured_media":11595,"comment_status":"open","ping_status":"open","sticky":false,"template":"","format":"standard","meta":{"_et_pb_use_builder":"off","_et_pb_old_content":"","_et_gb_content_width":"","footnotes":""},"categories":[23,234],"tags":[18,35,319,44],"class_list":["post-11560","post","type-post","status-publish","format-standard","has-post-thumbnail","hentry","category-como","category-articulo","tag-accesibilidad","tag-aptent","tag-inteligencia-artificial","tag-tecnologia"],"yoast_head":"<!-- This site is optimized with the Yoast SEO plugin v27.4 - https:\/\/yoast.com\/product\/yoast-seo-wordpress\/ -->\n<title>La IA: una aliada para las personas con discapacidad -APTENT<\/title>\n<meta name=\"description\" content=\"La inteligencia artificial (IA) est\u00e1 revolucionando la vida de las personas, en especial, a aquellas con discapacidad, abriendo un abanico de posibilidades para una inclusi\u00f3n efectiva en la sociedad.\" \/>\n<meta name=\"robots\" content=\"index, follow, max-snippet:-1, max-image-preview:large, max-video-preview:-1\" \/>\n<link rel=\"canonical\" href=\"https:\/\/aptent.es\/la-inteligencia-artificial-un-aliado-para-las-personas-con-discapacidad\/\" \/>\n<meta property=\"og:locale\" content=\"eu_ES\" \/>\n<meta property=\"og:type\" content=\"article\" \/>\n<meta property=\"og:title\" content=\"La IA: una aliada para las personas con discapacidad -APTENT\" \/>\n<meta property=\"og:description\" content=\"La inteligencia artificial (IA) est\u00e1 revolucionando la vida de las personas, en especial, a aquellas con discapacidad, abriendo un abanico de posibilidades para una inclusi\u00f3n efectiva en la sociedad.\" \/>\n<meta property=\"og:url\" content=\"https:\/\/aptent.es\/la-inteligencia-artificial-un-aliado-para-las-personas-con-discapacidad\/\" \/>\n<meta property=\"og:site_name\" content=\"Aptent Soluciones. Subtitulado y audiodescripci\u00f3n.\" \/>\n<meta property=\"article:published_time\" content=\"2024-11-14T13:43:10+00:00\" \/>\n<meta property=\"article:modified_time\" content=\"2024-11-18T11:28:07+00:00\" \/>\n<meta property=\"og:image\" content=\"https:\/\/aptent.es\/wp-content\/uploads\/2024\/11\/foto-copla-teatro.jpg\" \/>\n\t<meta property=\"og:image:width\" content=\"1920\" \/>\n\t<meta property=\"og:image:height\" content=\"1280\" \/>\n\t<meta property=\"og:image:type\" content=\"image\/jpeg\" \/>\n<meta name=\"author\" content=\"Mariel\" \/>\n<meta name=\"twitter:card\" content=\"summary_large_image\" \/>\n<meta name=\"twitter:label1\" content=\"Written by\" \/>\n\t<meta name=\"twitter:data1\" content=\"Mariel\" \/>\n\t<meta name=\"twitter:label2\" content=\"Est. reading time\" \/>\n\t<meta name=\"twitter:data2\" content=\"4 minutes\" \/>\n<script type=\"application\/ld+json\" class=\"yoast-schema-graph\">{\"@context\":\"https:\\\/\\\/schema.org\",\"@graph\":[{\"@type\":\"Article\",\"@id\":\"https:\\\/\\\/aptent.es\\\/la-inteligencia-artificial-un-aliado-para-las-personas-con-discapacidad\\\/#article\",\"isPartOf\":{\"@id\":\"https:\\\/\\\/aptent.es\\\/la-inteligencia-artificial-un-aliado-para-las-personas-con-discapacidad\\\/\"},\"author\":{\"name\":\"Mariel\",\"@id\":\"https:\\\/\\\/aptent.es\\\/#\\\/schema\\\/person\\\/2e6cfe2d9ad8edb26487caa45af7fcfc\"},\"headline\":\"La inteligencia artificial: un aliado para las personas\u00a0con discapacidad\",\"datePublished\":\"2024-11-14T13:43:10+00:00\",\"dateModified\":\"2024-11-18T11:28:07+00:00\",\"mainEntityOfPage\":{\"@id\":\"https:\\\/\\\/aptent.es\\\/la-inteligencia-artificial-un-aliado-para-las-personas-con-discapacidad\\\/\"},\"wordCount\":747,\"commentCount\":0,\"image\":{\"@id\":\"https:\\\/\\\/aptent.es\\\/la-inteligencia-artificial-un-aliado-para-las-personas-con-discapacidad\\\/#primaryimage\"},\"thumbnailUrl\":\"https:\\\/\\\/aptent.es\\\/wp-content\\\/uploads\\\/2024\\\/11\\\/foto-copla-teatro.jpg\",\"keywords\":[\"Accesibilidad\",\"Aptent\",\"inteligencia artificial\",\"Tecnolog\u00eda\"],\"articleSection\":[\"\u00bfC\u00f3mo...?\",\"Art\u00edculo\"],\"inLanguage\":\"eu-ES\",\"potentialAction\":[{\"@type\":\"CommentAction\",\"name\":\"Comment\",\"target\":[\"https:\\\/\\\/aptent.es\\\/la-inteligencia-artificial-un-aliado-para-las-personas-con-discapacidad\\\/#respond\"]}]},{\"@type\":\"WebPage\",\"@id\":\"https:\\\/\\\/aptent.es\\\/la-inteligencia-artificial-un-aliado-para-las-personas-con-discapacidad\\\/\",\"url\":\"https:\\\/\\\/aptent.es\\\/la-inteligencia-artificial-un-aliado-para-las-personas-con-discapacidad\\\/\",\"name\":\"La IA: una aliada para las personas con discapacidad -APTENT\",\"isPartOf\":{\"@id\":\"https:\\\/\\\/aptent.es\\\/#website\"},\"primaryImageOfPage\":{\"@id\":\"https:\\\/\\\/aptent.es\\\/la-inteligencia-artificial-un-aliado-para-las-personas-con-discapacidad\\\/#primaryimage\"},\"image\":{\"@id\":\"https:\\\/\\\/aptent.es\\\/la-inteligencia-artificial-un-aliado-para-las-personas-con-discapacidad\\\/#primaryimage\"},\"thumbnailUrl\":\"https:\\\/\\\/aptent.es\\\/wp-content\\\/uploads\\\/2024\\\/11\\\/foto-copla-teatro.jpg\",\"datePublished\":\"2024-11-14T13:43:10+00:00\",\"dateModified\":\"2024-11-18T11:28:07+00:00\",\"author\":{\"@id\":\"https:\\\/\\\/aptent.es\\\/#\\\/schema\\\/person\\\/2e6cfe2d9ad8edb26487caa45af7fcfc\"},\"description\":\"La inteligencia artificial (IA) est\u00e1 revolucionando la vida de las personas, en especial, a aquellas con discapacidad, abriendo un abanico de posibilidades para una inclusi\u00f3n efectiva en la sociedad.\",\"breadcrumb\":{\"@id\":\"https:\\\/\\\/aptent.es\\\/la-inteligencia-artificial-un-aliado-para-las-personas-con-discapacidad\\\/#breadcrumb\"},\"inLanguage\":\"eu-ES\",\"potentialAction\":[{\"@type\":\"ReadAction\",\"target\":[\"https:\\\/\\\/aptent.es\\\/la-inteligencia-artificial-un-aliado-para-las-personas-con-discapacidad\\\/\"]}]},{\"@type\":\"ImageObject\",\"inLanguage\":\"eu-ES\",\"@id\":\"https:\\\/\\\/aptent.es\\\/la-inteligencia-artificial-un-aliado-para-las-personas-con-discapacidad\\\/#primaryimage\",\"url\":\"https:\\\/\\\/aptent.es\\\/wp-content\\\/uploads\\\/2024\\\/11\\\/foto-copla-teatro.jpg\",\"contentUrl\":\"https:\\\/\\\/aptent.es\\\/wp-content\\\/uploads\\\/2024\\\/11\\\/foto-copla-teatro.jpg\",\"width\":1920,\"height\":1280},{\"@type\":\"BreadcrumbList\",\"@id\":\"https:\\\/\\\/aptent.es\\\/la-inteligencia-artificial-un-aliado-para-las-personas-con-discapacidad\\\/#breadcrumb\",\"itemListElement\":[{\"@type\":\"ListItem\",\"position\":1,\"name\":\"Portada\",\"item\":\"https:\\\/\\\/aptent.es\\\/eu\\\/home\\\/\"},{\"@type\":\"ListItem\",\"position\":2,\"name\":\"La inteligencia artificial: un aliado para las personas\u00a0con discapacidad\"}]},{\"@type\":\"WebSite\",\"@id\":\"https:\\\/\\\/aptent.es\\\/#website\",\"url\":\"https:\\\/\\\/aptent.es\\\/\",\"name\":\"Aptent Soluciones. Subtitulado y audiodescripci\u00f3n.\",\"description\":\"Empresa de tecnolog\u00eda y accesibilidad en la comunicaci\u00f3n. Subtitulado para sordos en directo, traducci\u00f3n, audiodescripci\u00f3n, sistema FM y bucle magn\u00e9tico.\",\"potentialAction\":[{\"@type\":\"SearchAction\",\"target\":{\"@type\":\"EntryPoint\",\"urlTemplate\":\"https:\\\/\\\/aptent.es\\\/?s={search_term_string}\"},\"query-input\":{\"@type\":\"PropertyValueSpecification\",\"valueRequired\":true,\"valueName\":\"search_term_string\"}}],\"inLanguage\":\"eu-ES\"},{\"@type\":\"Person\",\"@id\":\"https:\\\/\\\/aptent.es\\\/#\\\/schema\\\/person\\\/2e6cfe2d9ad8edb26487caa45af7fcfc\",\"name\":\"Mariel\",\"image\":{\"@type\":\"ImageObject\",\"inLanguage\":\"eu-ES\",\"@id\":\"https:\\\/\\\/secure.gravatar.com\\\/avatar\\\/c864365eab970118ff03f9573bfe58139c75dc239a66864a3358cb02833c04d2?s=96&d=mm&r=g\",\"url\":\"https:\\\/\\\/secure.gravatar.com\\\/avatar\\\/c864365eab970118ff03f9573bfe58139c75dc239a66864a3358cb02833c04d2?s=96&d=mm&r=g\",\"contentUrl\":\"https:\\\/\\\/secure.gravatar.com\\\/avatar\\\/c864365eab970118ff03f9573bfe58139c75dc239a66864a3358cb02833c04d2?s=96&d=mm&r=g\",\"caption\":\"Mariel\"}}]}<\/script>\n<!-- \/ Yoast SEO plugin. -->","yoast_head_json":{"title":"La IA: una aliada para las personas con discapacidad -APTENT","description":"La inteligencia artificial (IA) est\u00e1 revolucionando la vida de las personas, en especial, a aquellas con discapacidad, abriendo un abanico de posibilidades para una inclusi\u00f3n efectiva en la sociedad.","robots":{"index":"index","follow":"follow","max-snippet":"max-snippet:-1","max-image-preview":"max-image-preview:large","max-video-preview":"max-video-preview:-1"},"canonical":"https:\/\/aptent.es\/la-inteligencia-artificial-un-aliado-para-las-personas-con-discapacidad\/","og_locale":"eu_ES","og_type":"article","og_title":"La IA: una aliada para las personas con discapacidad -APTENT","og_description":"La inteligencia artificial (IA) est\u00e1 revolucionando la vida de las personas, en especial, a aquellas con discapacidad, abriendo un abanico de posibilidades para una inclusi\u00f3n efectiva en la sociedad.","og_url":"https:\/\/aptent.es\/la-inteligencia-artificial-un-aliado-para-las-personas-con-discapacidad\/","og_site_name":"Aptent Soluciones. Subtitulado y audiodescripci\u00f3n.","article_published_time":"2024-11-14T13:43:10+00:00","article_modified_time":"2024-11-18T11:28:07+00:00","og_image":[{"width":1920,"height":1280,"url":"https:\/\/aptent.es\/wp-content\/uploads\/2024\/11\/foto-copla-teatro.jpg","type":"image\/jpeg"}],"author":"Mariel","twitter_card":"summary_large_image","twitter_misc":{"Written by":"Mariel","Est. reading time":"4 minutes"},"schema":{"@context":"https:\/\/schema.org","@graph":[{"@type":"Article","@id":"https:\/\/aptent.es\/la-inteligencia-artificial-un-aliado-para-las-personas-con-discapacidad\/#article","isPartOf":{"@id":"https:\/\/aptent.es\/la-inteligencia-artificial-un-aliado-para-las-personas-con-discapacidad\/"},"author":{"name":"Mariel","@id":"https:\/\/aptent.es\/#\/schema\/person\/2e6cfe2d9ad8edb26487caa45af7fcfc"},"headline":"La inteligencia artificial: un aliado para las personas\u00a0con discapacidad","datePublished":"2024-11-14T13:43:10+00:00","dateModified":"2024-11-18T11:28:07+00:00","mainEntityOfPage":{"@id":"https:\/\/aptent.es\/la-inteligencia-artificial-un-aliado-para-las-personas-con-discapacidad\/"},"wordCount":747,"commentCount":0,"image":{"@id":"https:\/\/aptent.es\/la-inteligencia-artificial-un-aliado-para-las-personas-con-discapacidad\/#primaryimage"},"thumbnailUrl":"https:\/\/aptent.es\/wp-content\/uploads\/2024\/11\/foto-copla-teatro.jpg","keywords":["Accesibilidad","Aptent","inteligencia artificial","Tecnolog\u00eda"],"articleSection":["\u00bfC\u00f3mo...?","Art\u00edculo"],"inLanguage":"eu-ES","potentialAction":[{"@type":"CommentAction","name":"Comment","target":["https:\/\/aptent.es\/la-inteligencia-artificial-un-aliado-para-las-personas-con-discapacidad\/#respond"]}]},{"@type":"WebPage","@id":"https:\/\/aptent.es\/la-inteligencia-artificial-un-aliado-para-las-personas-con-discapacidad\/","url":"https:\/\/aptent.es\/la-inteligencia-artificial-un-aliado-para-las-personas-con-discapacidad\/","name":"La IA: una aliada para las personas con discapacidad -APTENT","isPartOf":{"@id":"https:\/\/aptent.es\/#website"},"primaryImageOfPage":{"@id":"https:\/\/aptent.es\/la-inteligencia-artificial-un-aliado-para-las-personas-con-discapacidad\/#primaryimage"},"image":{"@id":"https:\/\/aptent.es\/la-inteligencia-artificial-un-aliado-para-las-personas-con-discapacidad\/#primaryimage"},"thumbnailUrl":"https:\/\/aptent.es\/wp-content\/uploads\/2024\/11\/foto-copla-teatro.jpg","datePublished":"2024-11-14T13:43:10+00:00","dateModified":"2024-11-18T11:28:07+00:00","author":{"@id":"https:\/\/aptent.es\/#\/schema\/person\/2e6cfe2d9ad8edb26487caa45af7fcfc"},"description":"La inteligencia artificial (IA) est\u00e1 revolucionando la vida de las personas, en especial, a aquellas con discapacidad, abriendo un abanico de posibilidades para una inclusi\u00f3n efectiva en la sociedad.","breadcrumb":{"@id":"https:\/\/aptent.es\/la-inteligencia-artificial-un-aliado-para-las-personas-con-discapacidad\/#breadcrumb"},"inLanguage":"eu-ES","potentialAction":[{"@type":"ReadAction","target":["https:\/\/aptent.es\/la-inteligencia-artificial-un-aliado-para-las-personas-con-discapacidad\/"]}]},{"@type":"ImageObject","inLanguage":"eu-ES","@id":"https:\/\/aptent.es\/la-inteligencia-artificial-un-aliado-para-las-personas-con-discapacidad\/#primaryimage","url":"https:\/\/aptent.es\/wp-content\/uploads\/2024\/11\/foto-copla-teatro.jpg","contentUrl":"https:\/\/aptent.es\/wp-content\/uploads\/2024\/11\/foto-copla-teatro.jpg","width":1920,"height":1280},{"@type":"BreadcrumbList","@id":"https:\/\/aptent.es\/la-inteligencia-artificial-un-aliado-para-las-personas-con-discapacidad\/#breadcrumb","itemListElement":[{"@type":"ListItem","position":1,"name":"Portada","item":"https:\/\/aptent.es\/eu\/home\/"},{"@type":"ListItem","position":2,"name":"La inteligencia artificial: un aliado para las personas\u00a0con discapacidad"}]},{"@type":"WebSite","@id":"https:\/\/aptent.es\/#website","url":"https:\/\/aptent.es\/","name":"Aptent Soluciones. Subtitulado y audiodescripci\u00f3n.","description":"Empresa de tecnolog\u00eda y accesibilidad en la comunicaci\u00f3n. Subtitulado para sordos en directo, traducci\u00f3n, audiodescripci\u00f3n, sistema FM y bucle magn\u00e9tico.","potentialAction":[{"@type":"SearchAction","target":{"@type":"EntryPoint","urlTemplate":"https:\/\/aptent.es\/?s={search_term_string}"},"query-input":{"@type":"PropertyValueSpecification","valueRequired":true,"valueName":"search_term_string"}}],"inLanguage":"eu-ES"},{"@type":"Person","@id":"https:\/\/aptent.es\/#\/schema\/person\/2e6cfe2d9ad8edb26487caa45af7fcfc","name":"Mariel","image":{"@type":"ImageObject","inLanguage":"eu-ES","@id":"https:\/\/secure.gravatar.com\/avatar\/c864365eab970118ff03f9573bfe58139c75dc239a66864a3358cb02833c04d2?s=96&d=mm&r=g","url":"https:\/\/secure.gravatar.com\/avatar\/c864365eab970118ff03f9573bfe58139c75dc239a66864a3358cb02833c04d2?s=96&d=mm&r=g","contentUrl":"https:\/\/secure.gravatar.com\/avatar\/c864365eab970118ff03f9573bfe58139c75dc239a66864a3358cb02833c04d2?s=96&d=mm&r=g","caption":"Mariel"}}]}},"_links":{"self":[{"href":"https:\/\/aptent.es\/eu\/wp-json\/wp\/v2\/posts\/11560","targetHints":{"allow":["GET"]}}],"collection":[{"href":"https:\/\/aptent.es\/eu\/wp-json\/wp\/v2\/posts"}],"about":[{"href":"https:\/\/aptent.es\/eu\/wp-json\/wp\/v2\/types\/post"}],"author":[{"embeddable":true,"href":"https:\/\/aptent.es\/eu\/wp-json\/wp\/v2\/users\/9"}],"replies":[{"embeddable":true,"href":"https:\/\/aptent.es\/eu\/wp-json\/wp\/v2\/comments?post=11560"}],"version-history":[{"count":4,"href":"https:\/\/aptent.es\/eu\/wp-json\/wp\/v2\/posts\/11560\/revisions"}],"predecessor-version":[{"id":11602,"href":"https:\/\/aptent.es\/eu\/wp-json\/wp\/v2\/posts\/11560\/revisions\/11602"}],"wp:featuredmedia":[{"embeddable":true,"href":"https:\/\/aptent.es\/eu\/wp-json\/wp\/v2\/media\/11595"}],"wp:attachment":[{"href":"https:\/\/aptent.es\/eu\/wp-json\/wp\/v2\/media?parent=11560"}],"wp:term":[{"taxonomy":"category","embeddable":true,"href":"https:\/\/aptent.es\/eu\/wp-json\/wp\/v2\/categories?post=11560"},{"taxonomy":"post_tag","embeddable":true,"href":"https:\/\/aptent.es\/eu\/wp-json\/wp\/v2\/tags?post=11560"}],"curies":[{"name":"wp","href":"https:\/\/api.w.org\/{rel}","templated":true}]}}