{"id":7757,"date":"2016-11-10T09:12:54","date_gmt":"2016-11-10T08:12:54","guid":{"rendered":"http:\/\/aptent.es\/?p=4479"},"modified":"2024-05-24T14:02:37","modified_gmt":"2024-05-24T12:02:37","slug":"nuestros-companeros-esmeralda-y-javier-reciben-el-premio-atrae-por-su-subtitulado-para-sordos","status":"publish","type":"post","link":"https:\/\/aptent.es\/en\/nuestros-companeros-esmeralda-y-javier-reciben-el-premio-atrae-por-su-subtitulado-para-sordos\/","title":{"rendered":"Nuestros compa\u00f1eros Esmeralda y Javier reciben el premio ATRAE por su subtitulado para sordos"},"content":{"rendered":"<p style=\"text-align: justify;\"><span style=\"font-weight: 400;\">\u201cRecuerdo haber recibido el encargo con una ilusi\u00f3n que se mantuvo durante todo el proceso\u201d.\u00a0<\/span><\/p>\n<p style=\"text-align: justify;\"><span style=\"font-weight: 400;\">Ilusi\u00f3n es la que sentimos nosotros al poder hablaros sobre nuestros compa\u00f1eros Javier Navarro Barrilado y Esmeralda Azkarate-Gaztelu, y del galard\u00f3n\u00a0que van a recibir esta tarde, en \u00a0los Premios ATRAE, por su subtitulado para sordos (SPS) para cine en la pel\u00edcula &#8220;La historia de Marie Heurtin&#8221;. \u00a1Hurra! <\/span><\/p>\n<p style=\"text-align: justify;\"><span style=\"font-weight: 400;\">Los Premios ATRAE son unos galardones que se otorgan a los mejores trabajos de traducci\u00f3n y adaptaci\u00f3n audiovisual que se hayan estrenado durante el a\u00f1o anterior en Espa\u00f1a. Las categor\u00edas abarcan diversas especialidades, como mejor traducci\u00f3n y adaptaci\u00f3n para doblaje, voces superpuestas y mejor subtitulaci\u00f3n en cine, o mejor traducci\u00f3n de videojuego para consolas, entre otros. El jurado, compuesto por premiados de la edici\u00f3n anterior, expertos acad\u00e9micos y miembros de la prensa, ha considerado que el trabajo de nuestros compa\u00f1eros merece el premio porque \u201crespeta las convenciones indicadas en la norma UNE y por la calidad del ajuste realizado\u201d.<\/span><\/p>\n<p style=\"text-align: justify;\"><span style=\"font-weight: 400;\">Por nuestra parte, no podemos juzgar pero s\u00ed alabar y destacar en este d\u00eda tan especial a nuestros compa\u00f1eros.<\/span><span style=\"font-weight: 400;\">\u201cLa experiencia de hacer accesible La historia de Marie Heurtin fue una de las m\u00e1s completas y enriquecedoras que he tenido en cine hasta la fecha\u201d, \u00a0dice nuestra compa\u00f1era Esmeralda. Ella es <\/span><span style=\"font-weight: 400;\">audiodescriptora, subtituladora y traductora teatral. Licenciada en Traducci\u00f3n e Interpretaci\u00f3n por la Universidad Complutense de Madrid y con un M\u00e1ster en Traducci\u00f3n Audiovisual por la UAB. Nuestra compa\u00f1era es profesora de Audiodescripci\u00f3n Teatral en el M\u00e1ster en Traducci\u00f3n Audiovisual del ISTRAD. Y es la directora de contenidos y accesibilidad de Teatro Accesible y Aptent Soluciones. Se encarga asimismo del gui\u00f3n de las visitas t\u00e1ctiles (touch tour) para los usuarios con discapacidad visual. Entre sus \u00faltimos trabajos para la escena se encuentran t\u00edtulos como: &#8220;\u00a1C\u00f3mo est\u00e1 Madriz!&#8221; con Paco Le\u00f3n y Miguel del Arco, &#8220;Escenas de la vida conyugal&#8221; con Ricardo Dar\u00edn \u00f3 &#8220;Lluvia constante&#8221;. <\/span><\/p>\n<p style=\"text-align: justify;\"><span style=\"font-weight: 400;\">Esmeralda tambi\u00e9n nos cuenta que \u201cel trabajo en equipo aporta mucho y ayuda a equilibrar este proceso de interpretaci\u00f3n m\u00e1s que contar con un \u00fanico criterio de subtitulado\u201d. Proceso que nuestra compa\u00f1era desarroll\u00f3 de la mano de Javier<\/span><span style=\"font-weight: 400;\">, que <\/span><span style=\"font-weight: 400;\">define su contribuci\u00f3n como <\/span><span style=\"font-weight: 400;\">una \u201cinmersi\u00f3n total en un fascinante mundo sin barreras de comunicaci\u00f3n\u201d.<\/span><span style=\"font-weight: 400;\"> Nos dice que <\/span><span style=\"font-weight: 400;\">ha sido sin duda alguna el producto audiovisual m\u00e1s emotivo con el que ha trabajado, y que la pel\u00edcula le ha hecho reflexionar mucho acerca del elogiable empe\u00f1o de las personas con discapacidad sensorial por derribar las barreras de comunicaci\u00f3n.<\/span><\/p>\n<p style=\"text-align: justify;\"><span style=\"font-weight: 400;\">Javier <\/span><span style=\"font-weight: 400;\">es licenciado en Traducci\u00f3n e Interpretaci\u00f3n y Ling\u00fc\u00edstica por la Universidad Pompeu Fabra. Tambi\u00e9n curs\u00f3 el M\u00e1ster en Traducci\u00f3n Audiovisual en la Universidad Aut\u00f3noma de Barcelona. Trabaja en APTENT Soluciones desde 2013, en nuestro proyecto Teatro Accesible, encarg\u00e1ndose de la preparaci\u00f3n del subtitulado para sordos y los guiones de audiodescripci\u00f3n de obras en varios teatros de Barcelona, as\u00ed como de su posterior lanzamiento en directo. Y adem\u00e1s, ha trabajado en la accesibilidad de otros productos, entre los cuales destaca el subtitulado para sordos de pel\u00edculas como &#8220;El hobbit: la batalla de los cinco ej\u00e9rcitos&#8221; \u00f3 &#8220;Perdiendo el norte&#8221;.<\/span><\/p>\n<p style=\"text-align: justify;\"><span style=\"font-weight: 400;\">Sabemos de primera mano que ambos est\u00e1n emocionados y agradecidos por el reconocimiento. Javier nos cuenta que para \u00e9l supone \u201cun gran est\u00edmulo para seguir trabajando en la misma l\u00ednea, con los ilusionantes proyectos que est\u00e1n por llegar, y una gran alegr\u00eda al pensar que los usuarios est\u00e1n contentos con tu trabajo\u201d. As\u00ed mismo, Esmeralda agradece el premio &#8220;no solo por servir como una herramienta de visibilizaci\u00f3n, y m\u00e1s dentro de esta franja del \u00e1mbito de la traducci\u00f3n, que puede ser m\u00e1s desconocida, sino tambi\u00e9n por el hecho de que el jurado sean los compa\u00f1eros y profesionales&#8221;, pues pocas personas pueden entenderles tan bien.<\/span><\/p>\n<p style=\"text-align: justify;\"><span style=\"font-weight: 400;\">La entrega de premios tendr\u00e1 lugar en el edificio Roc Boronat de la UPF (Barcelona), dentro del programa de la IV Conferencia Internacional de Traducci\u00f3n Audiovisual, la <\/span><a href=\"https:\/\/www.facebook.com\/hashtag\/cita4?source=feed_text&amp;story_id=1296889753663809\"><span style=\"font-weight: 400;\">#CITA4<\/span><\/a><span style=\"font-weight: 400;\">. Estaremos muy pendientes del desarrollo de la ceremonia, \u00a1s\u00edguenos en las redes sociales!<\/span><\/p>\n<p style=\"text-align: right;\"><em>Noelia Marcote<\/em><\/p>\n","protected":false},"excerpt":{"rendered":"<p>\u201cRecuerdo haber recibido el encargo con una ilusi\u00f3n que se mantuvo durante todo el proceso\u201d.\u00a0 Ilusi\u00f3n es la que sentimos nosotros al poder hablaros sobre nuestros compa\u00f1eros Javier Navarro Barrilado y Esmeralda Azkarate-Gaztelu, y del galard\u00f3n\u00a0que van a recibir esta tarde, en \u00a0los Premios ATRAE, por su subtitulado para sordos (SPS) para cine en la [&hellip;]<\/p>\n","protected":false},"author":1,"featured_media":7563,"comment_status":"open","ping_status":"open","sticky":false,"template":"","format":"standard","meta":{"_et_pb_use_builder":"","_et_pb_old_content":"","_et_gb_content_width":"","footnotes":""},"categories":[60,81,67],"tags":[137,78,90,138,139,22],"class_list":["post-7757","post","type-post","status-publish","format-standard","has-post-thumbnail","hentry","category-aptent-en-los-medios","category-eventos","category-premios-y-reconocimientos","tag-atrae","tag-audiovisual","tag-esmeralda-azkarate","tag-javier-navarro","tag-premios-atrae","tag-subtitulado"],"yoast_head":"<!-- This site is optimized with the Yoast SEO plugin v27.4 - https:\/\/yoast.com\/product\/yoast-seo-wordpress\/ -->\n<title>Nuestros compa\u00f1eros Esmeralda y Javier reciben el premio ATRAE por su subtitulado para sordos - Aptent Soluciones. Subtitulado y audiodescripci\u00f3n.<\/title>\n<meta name=\"robots\" content=\"index, follow, max-snippet:-1, max-image-preview:large, max-video-preview:-1\" \/>\n<link rel=\"canonical\" href=\"https:\/\/aptent.es\/nuestros-companeros-esmeralda-y-javier-reciben-el-premio-atrae-por-su-subtitulado-para-sordos\/\" \/>\n<meta property=\"og:locale\" content=\"en_US\" \/>\n<meta property=\"og:type\" content=\"article\" \/>\n<meta property=\"og:title\" content=\"Nuestros compa\u00f1eros Esmeralda y Javier reciben el premio ATRAE por su subtitulado para sordos - Aptent Soluciones. Subtitulado y audiodescripci\u00f3n.\" \/>\n<meta property=\"og:description\" content=\"\u201cRecuerdo haber recibido el encargo con una ilusi\u00f3n que se mantuvo durante todo el proceso\u201d.\u00a0 Ilusi\u00f3n es la que sentimos nosotros al poder hablaros sobre nuestros compa\u00f1eros Javier Navarro Barrilado y Esmeralda Azkarate-Gaztelu, y del galard\u00f3n\u00a0que van a recibir esta tarde, en \u00a0los Premios ATRAE, por su subtitulado para sordos (SPS) para cine en la [&hellip;]\" \/>\n<meta property=\"og:url\" content=\"https:\/\/aptent.es\/nuestros-companeros-esmeralda-y-javier-reciben-el-premio-atrae-por-su-subtitulado-para-sordos\/\" \/>\n<meta property=\"og:site_name\" content=\"Aptent Soluciones. Subtitulado y audiodescripci\u00f3n.\" \/>\n<meta property=\"article:published_time\" content=\"2016-11-10T08:12:54+00:00\" \/>\n<meta property=\"article:modified_time\" content=\"2024-05-24T12:02:37+00:00\" \/>\n<meta property=\"og:image\" content=\"https:\/\/aptent.es\/wp-content\/uploads\/2016\/10\/portada-blogMHeurtin.jpg\" \/>\n\t<meta property=\"og:image:width\" content=\"567\" \/>\n\t<meta property=\"og:image:height\" content=\"377\" \/>\n\t<meta property=\"og:image:type\" content=\"image\/jpeg\" \/>\n<meta name=\"author\" content=\"admin\" \/>\n<meta name=\"twitter:card\" content=\"summary_large_image\" \/>\n<meta name=\"twitter:label1\" content=\"Written by\" \/>\n\t<meta name=\"twitter:data1\" content=\"admin\" \/>\n\t<meta name=\"twitter:label2\" content=\"Est. reading time\" \/>\n\t<meta name=\"twitter:data2\" content=\"4 minutes\" \/>\n<script type=\"application\/ld+json\" class=\"yoast-schema-graph\">{\"@context\":\"https:\\\/\\\/schema.org\",\"@graph\":[{\"@type\":\"Article\",\"@id\":\"https:\\\/\\\/aptent.es\\\/nuestros-companeros-esmeralda-y-javier-reciben-el-premio-atrae-por-su-subtitulado-para-sordos\\\/#article\",\"isPartOf\":{\"@id\":\"https:\\\/\\\/aptent.es\\\/nuestros-companeros-esmeralda-y-javier-reciben-el-premio-atrae-por-su-subtitulado-para-sordos\\\/\"},\"author\":{\"name\":\"admin\",\"@id\":\"https:\\\/\\\/aptent.es\\\/#\\\/schema\\\/person\\\/b8bb88df715863738467e7e11a4c49cb\"},\"headline\":\"Nuestros compa\u00f1eros Esmeralda y Javier reciben el premio ATRAE por su subtitulado para sordos\",\"datePublished\":\"2016-11-10T08:12:54+00:00\",\"dateModified\":\"2024-05-24T12:02:37+00:00\",\"mainEntityOfPage\":{\"@id\":\"https:\\\/\\\/aptent.es\\\/nuestros-companeros-esmeralda-y-javier-reciben-el-premio-atrae-por-su-subtitulado-para-sordos\\\/\"},\"wordCount\":745,\"commentCount\":0,\"image\":{\"@id\":\"https:\\\/\\\/aptent.es\\\/nuestros-companeros-esmeralda-y-javier-reciben-el-premio-atrae-por-su-subtitulado-para-sordos\\\/#primaryimage\"},\"thumbnailUrl\":\"https:\\\/\\\/aptent.es\\\/wp-content\\\/uploads\\\/2016\\\/10\\\/portada-blogMHeurtin.jpg\",\"keywords\":[\"atrae\",\"audiovisual\",\"Esmeralda Azkarate\",\"Javier Navarro\",\"premios atrae\",\"Subtitulado\"],\"articleSection\":[\"Aptent en los medios\",\"Eventos\",\"Premios y reconocimientos\"],\"inLanguage\":\"en-US\",\"potentialAction\":[{\"@type\":\"CommentAction\",\"name\":\"Comment\",\"target\":[\"https:\\\/\\\/aptent.es\\\/nuestros-companeros-esmeralda-y-javier-reciben-el-premio-atrae-por-su-subtitulado-para-sordos\\\/#respond\"]}]},{\"@type\":\"WebPage\",\"@id\":\"https:\\\/\\\/aptent.es\\\/nuestros-companeros-esmeralda-y-javier-reciben-el-premio-atrae-por-su-subtitulado-para-sordos\\\/\",\"url\":\"https:\\\/\\\/aptent.es\\\/nuestros-companeros-esmeralda-y-javier-reciben-el-premio-atrae-por-su-subtitulado-para-sordos\\\/\",\"name\":\"Nuestros compa\u00f1eros Esmeralda y Javier reciben el premio ATRAE por su subtitulado para sordos - Aptent Soluciones. Subtitulado y audiodescripci\u00f3n.\",\"isPartOf\":{\"@id\":\"https:\\\/\\\/aptent.es\\\/#website\"},\"primaryImageOfPage\":{\"@id\":\"https:\\\/\\\/aptent.es\\\/nuestros-companeros-esmeralda-y-javier-reciben-el-premio-atrae-por-su-subtitulado-para-sordos\\\/#primaryimage\"},\"image\":{\"@id\":\"https:\\\/\\\/aptent.es\\\/nuestros-companeros-esmeralda-y-javier-reciben-el-premio-atrae-por-su-subtitulado-para-sordos\\\/#primaryimage\"},\"thumbnailUrl\":\"https:\\\/\\\/aptent.es\\\/wp-content\\\/uploads\\\/2016\\\/10\\\/portada-blogMHeurtin.jpg\",\"datePublished\":\"2016-11-10T08:12:54+00:00\",\"dateModified\":\"2024-05-24T12:02:37+00:00\",\"author\":{\"@id\":\"https:\\\/\\\/aptent.es\\\/#\\\/schema\\\/person\\\/b8bb88df715863738467e7e11a4c49cb\"},\"breadcrumb\":{\"@id\":\"https:\\\/\\\/aptent.es\\\/nuestros-companeros-esmeralda-y-javier-reciben-el-premio-atrae-por-su-subtitulado-para-sordos\\\/#breadcrumb\"},\"inLanguage\":\"en-US\",\"potentialAction\":[{\"@type\":\"ReadAction\",\"target\":[\"https:\\\/\\\/aptent.es\\\/nuestros-companeros-esmeralda-y-javier-reciben-el-premio-atrae-por-su-subtitulado-para-sordos\\\/\"]}]},{\"@type\":\"ImageObject\",\"inLanguage\":\"en-US\",\"@id\":\"https:\\\/\\\/aptent.es\\\/nuestros-companeros-esmeralda-y-javier-reciben-el-premio-atrae-por-su-subtitulado-para-sordos\\\/#primaryimage\",\"url\":\"https:\\\/\\\/aptent.es\\\/wp-content\\\/uploads\\\/2016\\\/10\\\/portada-blogMHeurtin.jpg\",\"contentUrl\":\"https:\\\/\\\/aptent.es\\\/wp-content\\\/uploads\\\/2016\\\/10\\\/portada-blogMHeurtin.jpg\",\"width\":567,\"height\":377},{\"@type\":\"BreadcrumbList\",\"@id\":\"https:\\\/\\\/aptent.es\\\/nuestros-companeros-esmeralda-y-javier-reciben-el-premio-atrae-por-su-subtitulado-para-sordos\\\/#breadcrumb\",\"itemListElement\":[{\"@type\":\"ListItem\",\"position\":1,\"name\":\"Portada\",\"item\":\"https:\\\/\\\/aptent.es\\\/gl\\\/\"},{\"@type\":\"ListItem\",\"position\":2,\"name\":\"Nuestros compa\u00f1eros Esmeralda y Javier reciben el premio ATRAE por su subtitulado para sordos\"}]},{\"@type\":\"WebSite\",\"@id\":\"https:\\\/\\\/aptent.es\\\/#website\",\"url\":\"https:\\\/\\\/aptent.es\\\/\",\"name\":\"Aptent Soluciones. Subtitulado y audiodescripci\u00f3n.\",\"description\":\"Empresa de tecnolog\u00eda y accesibilidad en la comunicaci\u00f3n. Subtitulado para sordos en directo, traducci\u00f3n, audiodescripci\u00f3n, sistema FM y bucle magn\u00e9tico.\",\"potentialAction\":[{\"@type\":\"SearchAction\",\"target\":{\"@type\":\"EntryPoint\",\"urlTemplate\":\"https:\\\/\\\/aptent.es\\\/?s={search_term_string}\"},\"query-input\":{\"@type\":\"PropertyValueSpecification\",\"valueRequired\":true,\"valueName\":\"search_term_string\"}}],\"inLanguage\":\"en-US\"},{\"@type\":\"Person\",\"@id\":\"https:\\\/\\\/aptent.es\\\/#\\\/schema\\\/person\\\/b8bb88df715863738467e7e11a4c49cb\",\"name\":\"admin\",\"image\":{\"@type\":\"ImageObject\",\"inLanguage\":\"en-US\",\"@id\":\"https:\\\/\\\/secure.gravatar.com\\\/avatar\\\/04024637559e51f7b093ee733c8747afb796f46c71b45b3994f93c0efb2a4a2d?s=96&d=mm&r=g\",\"url\":\"https:\\\/\\\/secure.gravatar.com\\\/avatar\\\/04024637559e51f7b093ee733c8747afb796f46c71b45b3994f93c0efb2a4a2d?s=96&d=mm&r=g\",\"contentUrl\":\"https:\\\/\\\/secure.gravatar.com\\\/avatar\\\/04024637559e51f7b093ee733c8747afb796f46c71b45b3994f93c0efb2a4a2d?s=96&d=mm&r=g\",\"caption\":\"admin\"},\"sameAs\":[\"https:\\\/\\\/aptent.es\"]}]}<\/script>\n<!-- \/ Yoast SEO plugin. -->","yoast_head_json":{"title":"Nuestros compa\u00f1eros Esmeralda y Javier reciben el premio ATRAE por su subtitulado para sordos - Aptent Soluciones. Subtitulado y audiodescripci\u00f3n.","robots":{"index":"index","follow":"follow","max-snippet":"max-snippet:-1","max-image-preview":"max-image-preview:large","max-video-preview":"max-video-preview:-1"},"canonical":"https:\/\/aptent.es\/nuestros-companeros-esmeralda-y-javier-reciben-el-premio-atrae-por-su-subtitulado-para-sordos\/","og_locale":"en_US","og_type":"article","og_title":"Nuestros compa\u00f1eros Esmeralda y Javier reciben el premio ATRAE por su subtitulado para sordos - Aptent Soluciones. Subtitulado y audiodescripci\u00f3n.","og_description":"\u201cRecuerdo haber recibido el encargo con una ilusi\u00f3n que se mantuvo durante todo el proceso\u201d.\u00a0 Ilusi\u00f3n es la que sentimos nosotros al poder hablaros sobre nuestros compa\u00f1eros Javier Navarro Barrilado y Esmeralda Azkarate-Gaztelu, y del galard\u00f3n\u00a0que van a recibir esta tarde, en \u00a0los Premios ATRAE, por su subtitulado para sordos (SPS) para cine en la [&hellip;]","og_url":"https:\/\/aptent.es\/nuestros-companeros-esmeralda-y-javier-reciben-el-premio-atrae-por-su-subtitulado-para-sordos\/","og_site_name":"Aptent Soluciones. Subtitulado y audiodescripci\u00f3n.","article_published_time":"2016-11-10T08:12:54+00:00","article_modified_time":"2024-05-24T12:02:37+00:00","og_image":[{"width":567,"height":377,"url":"https:\/\/aptent.es\/wp-content\/uploads\/2016\/10\/portada-blogMHeurtin.jpg","type":"image\/jpeg"}],"author":"admin","twitter_card":"summary_large_image","twitter_misc":{"Written by":"admin","Est. reading time":"4 minutes"},"schema":{"@context":"https:\/\/schema.org","@graph":[{"@type":"Article","@id":"https:\/\/aptent.es\/nuestros-companeros-esmeralda-y-javier-reciben-el-premio-atrae-por-su-subtitulado-para-sordos\/#article","isPartOf":{"@id":"https:\/\/aptent.es\/nuestros-companeros-esmeralda-y-javier-reciben-el-premio-atrae-por-su-subtitulado-para-sordos\/"},"author":{"name":"admin","@id":"https:\/\/aptent.es\/#\/schema\/person\/b8bb88df715863738467e7e11a4c49cb"},"headline":"Nuestros compa\u00f1eros Esmeralda y Javier reciben el premio ATRAE por su subtitulado para sordos","datePublished":"2016-11-10T08:12:54+00:00","dateModified":"2024-05-24T12:02:37+00:00","mainEntityOfPage":{"@id":"https:\/\/aptent.es\/nuestros-companeros-esmeralda-y-javier-reciben-el-premio-atrae-por-su-subtitulado-para-sordos\/"},"wordCount":745,"commentCount":0,"image":{"@id":"https:\/\/aptent.es\/nuestros-companeros-esmeralda-y-javier-reciben-el-premio-atrae-por-su-subtitulado-para-sordos\/#primaryimage"},"thumbnailUrl":"https:\/\/aptent.es\/wp-content\/uploads\/2016\/10\/portada-blogMHeurtin.jpg","keywords":["atrae","audiovisual","Esmeralda Azkarate","Javier Navarro","premios atrae","Subtitulado"],"articleSection":["Aptent en los medios","Eventos","Premios y reconocimientos"],"inLanguage":"en-US","potentialAction":[{"@type":"CommentAction","name":"Comment","target":["https:\/\/aptent.es\/nuestros-companeros-esmeralda-y-javier-reciben-el-premio-atrae-por-su-subtitulado-para-sordos\/#respond"]}]},{"@type":"WebPage","@id":"https:\/\/aptent.es\/nuestros-companeros-esmeralda-y-javier-reciben-el-premio-atrae-por-su-subtitulado-para-sordos\/","url":"https:\/\/aptent.es\/nuestros-companeros-esmeralda-y-javier-reciben-el-premio-atrae-por-su-subtitulado-para-sordos\/","name":"Nuestros compa\u00f1eros Esmeralda y Javier reciben el premio ATRAE por su subtitulado para sordos - Aptent Soluciones. Subtitulado y audiodescripci\u00f3n.","isPartOf":{"@id":"https:\/\/aptent.es\/#website"},"primaryImageOfPage":{"@id":"https:\/\/aptent.es\/nuestros-companeros-esmeralda-y-javier-reciben-el-premio-atrae-por-su-subtitulado-para-sordos\/#primaryimage"},"image":{"@id":"https:\/\/aptent.es\/nuestros-companeros-esmeralda-y-javier-reciben-el-premio-atrae-por-su-subtitulado-para-sordos\/#primaryimage"},"thumbnailUrl":"https:\/\/aptent.es\/wp-content\/uploads\/2016\/10\/portada-blogMHeurtin.jpg","datePublished":"2016-11-10T08:12:54+00:00","dateModified":"2024-05-24T12:02:37+00:00","author":{"@id":"https:\/\/aptent.es\/#\/schema\/person\/b8bb88df715863738467e7e11a4c49cb"},"breadcrumb":{"@id":"https:\/\/aptent.es\/nuestros-companeros-esmeralda-y-javier-reciben-el-premio-atrae-por-su-subtitulado-para-sordos\/#breadcrumb"},"inLanguage":"en-US","potentialAction":[{"@type":"ReadAction","target":["https:\/\/aptent.es\/nuestros-companeros-esmeralda-y-javier-reciben-el-premio-atrae-por-su-subtitulado-para-sordos\/"]}]},{"@type":"ImageObject","inLanguage":"en-US","@id":"https:\/\/aptent.es\/nuestros-companeros-esmeralda-y-javier-reciben-el-premio-atrae-por-su-subtitulado-para-sordos\/#primaryimage","url":"https:\/\/aptent.es\/wp-content\/uploads\/2016\/10\/portada-blogMHeurtin.jpg","contentUrl":"https:\/\/aptent.es\/wp-content\/uploads\/2016\/10\/portada-blogMHeurtin.jpg","width":567,"height":377},{"@type":"BreadcrumbList","@id":"https:\/\/aptent.es\/nuestros-companeros-esmeralda-y-javier-reciben-el-premio-atrae-por-su-subtitulado-para-sordos\/#breadcrumb","itemListElement":[{"@type":"ListItem","position":1,"name":"Portada","item":"https:\/\/aptent.es\/gl\/"},{"@type":"ListItem","position":2,"name":"Nuestros compa\u00f1eros Esmeralda y Javier reciben el premio ATRAE por su subtitulado para sordos"}]},{"@type":"WebSite","@id":"https:\/\/aptent.es\/#website","url":"https:\/\/aptent.es\/","name":"Aptent Soluciones. Subtitulado y audiodescripci\u00f3n.","description":"Empresa de tecnolog\u00eda y accesibilidad en la comunicaci\u00f3n. Subtitulado para sordos en directo, traducci\u00f3n, audiodescripci\u00f3n, sistema FM y bucle magn\u00e9tico.","potentialAction":[{"@type":"SearchAction","target":{"@type":"EntryPoint","urlTemplate":"https:\/\/aptent.es\/?s={search_term_string}"},"query-input":{"@type":"PropertyValueSpecification","valueRequired":true,"valueName":"search_term_string"}}],"inLanguage":"en-US"},{"@type":"Person","@id":"https:\/\/aptent.es\/#\/schema\/person\/b8bb88df715863738467e7e11a4c49cb","name":"admin","image":{"@type":"ImageObject","inLanguage":"en-US","@id":"https:\/\/secure.gravatar.com\/avatar\/04024637559e51f7b093ee733c8747afb796f46c71b45b3994f93c0efb2a4a2d?s=96&d=mm&r=g","url":"https:\/\/secure.gravatar.com\/avatar\/04024637559e51f7b093ee733c8747afb796f46c71b45b3994f93c0efb2a4a2d?s=96&d=mm&r=g","contentUrl":"https:\/\/secure.gravatar.com\/avatar\/04024637559e51f7b093ee733c8747afb796f46c71b45b3994f93c0efb2a4a2d?s=96&d=mm&r=g","caption":"admin"},"sameAs":["https:\/\/aptent.es"]}]}},"_links":{"self":[{"href":"https:\/\/aptent.es\/en\/wp-json\/wp\/v2\/posts\/7757","targetHints":{"allow":["GET"]}}],"collection":[{"href":"https:\/\/aptent.es\/en\/wp-json\/wp\/v2\/posts"}],"about":[{"href":"https:\/\/aptent.es\/en\/wp-json\/wp\/v2\/types\/post"}],"author":[{"embeddable":true,"href":"https:\/\/aptent.es\/en\/wp-json\/wp\/v2\/users\/1"}],"replies":[{"embeddable":true,"href":"https:\/\/aptent.es\/en\/wp-json\/wp\/v2\/comments?post=7757"}],"version-history":[{"count":1,"href":"https:\/\/aptent.es\/en\/wp-json\/wp\/v2\/posts\/7757\/revisions"}],"predecessor-version":[{"id":8743,"href":"https:\/\/aptent.es\/en\/wp-json\/wp\/v2\/posts\/7757\/revisions\/8743"}],"wp:featuredmedia":[{"embeddable":true,"href":"https:\/\/aptent.es\/en\/wp-json\/wp\/v2\/media\/7563"}],"wp:attachment":[{"href":"https:\/\/aptent.es\/en\/wp-json\/wp\/v2\/media?parent=7757"}],"wp:term":[{"taxonomy":"category","embeddable":true,"href":"https:\/\/aptent.es\/en\/wp-json\/wp\/v2\/categories?post=7757"},{"taxonomy":"post_tag","embeddable":true,"href":"https:\/\/aptent.es\/en\/wp-json\/wp\/v2\/tags?post=7757"}],"curies":[{"name":"wp","href":"https:\/\/api.w.org\/{rel}","templated":true}]}}