{"id":7752,"date":"2017-02-21T14:59:49","date_gmt":"2017-02-21T13:59:49","guid":{"rendered":"http:\/\/aptent.es\/?p=4924"},"modified":"2024-05-24T14:02:11","modified_gmt":"2024-05-24T12:02:11","slug":"aptent-firma-un-convenio-con-fundacion-amas-social-para-promover-la-cultura-para-todos","status":"publish","type":"post","link":"https:\/\/aptent.es\/en\/aptent-firma-un-convenio-con-fundacion-amas-social-para-promover-la-cultura-para-todos\/","title":{"rendered":"Aptent firma un convenio con Fundaci\u00f3n AM\u00c1S Social para promover la cultura para todos"},"content":{"rendered":"<p style=\"text-align: justify;\"><span class=\"im\">Este lunes hemos firmado un <strong>convenio de colaboraci\u00f3n con<\/strong>\u00a0<\/span><span class=\"im\"><a href=\"http:\/\/www.grupoamas.org\/\"><strong>Fundaci\u00f3n AM\u00c1S Social <\/strong><\/a>para<strong> promocionar la cultura para todos<\/strong> en el marco del proyecto Teatro Accesible. El acto ha tenido lugar\u00a0en el Parque Cient\u00edfico-Tecnol\u00f3gico de la Universidad Carlos III de Madrid en Legan\u00e9s. En \u00e9l han participado\u00a0Javier Jim\u00e9nez, CEO y co-fundador de Aptent Soluciones, y\u00a0Manuel Galiano, secretario de organizaci\u00f3n de la Fundaci\u00f3n AM\u00c1S Social.<\/span><\/p>\n<p style=\"text-align: justify;\">Mediante este acuerdo ambas entidades reforzamos de forma p\u00fablica nuestro compromiso para <strong>acercar a las personas con discapacidad intelectual al mundo de la cultura<\/strong> y de las tecnolog\u00edas de la accesibilidad, as\u00ed como para\u00a0<strong>promover su participaci\u00f3n activa<\/strong> en el marco del proyecto Teatro Accesible.\u00a0Todo ello sin olvidarnos de\u00a0otro gran objetivo:\u00a0<strong>sensibilizar al conjunto de la sociedad <\/strong>acerca del <strong>derecho de las personas con discapacidad intelectual a la accesibilidad y la inclusi\u00f3n en el ocio, la cultura y la educaci\u00f3n.\u00a0<\/strong><\/p>\n<p style=\"text-align: justify;\">Renovamos as\u00ed la colaboraci\u00f3n con Fundaci\u00f3n AM\u00c1S Social que iniciamos en 2015 con la programaci\u00f3n de las\u00a0primeras funciones de teatro accesible para personas con discapacidad intelectual. Y estamos muy contentos de anunciar que tras \u00e9xito obtenido en esta experiencia pionera, este a\u00f1o <strong>volveremos<\/strong>\u00a0<strong>a ofrecer tres producciones con accesibilidad cognitiva <\/strong>con la novedad de que cada funci\u00f3n\u00a0tendr\u00e1 lugar en una ciudad diferente:\u00a0<strong>Murcia, Madrid\u00a0y Barcelona<\/strong>. Por si quer\u00e9is coger la agenda, la primera obra ser\u00e1 &#8220;Los vecinos de arriba&#8221; en el Teatro Circo Murcia el pr\u00f3ximo 10 de marzo.<br \/>\n<span class=\"im\"><br \/>\nEsta iniciativa\u00a0(\u00a1que ya va por su sexta temporada!)\u00a0garantiza\u00a0en sus sesiones habituales el\u00a0<strong>subtitulado, la audiodescripci\u00f3n, el sonido de sala amplificado y el bucle magn\u00e9tico individual. <\/strong>En las funciones que cuentan con accesibilidad cognitiva, adem\u00e1s ofreceremos<strong>\u00a0<\/strong>un\u00a0<strong>programas de mano en lectura f\u00e1cil y audioexplicaciones<\/strong>.\u00a0Se suman as\u00ed a la programaci\u00f3n habitual de Teatro Accesible que contempla en este curso m\u00e1s de un centenar de funciones adaptadas para personas con discapacidad auditiva y\/o visual y personas mayores en varias capitales espa\u00f1olas.<\/span><\/p>\n<p style=\"text-align: justify;\">En esta ocasi\u00f3n, el <strong>compromiso con la accesibilidad<\/strong> de las entidades promotoras con el proyecto Teatro Accesible -como ya sab\u00e9is, la Fundaci\u00f3n Vodafone Espa\u00f1a, el Centro de Rehabilitaci\u00f3n Laboral Nueva Vida, la Fundaci\u00f3 Els Tres Turons y nosotros mismos-, se extiende a la Fundaci\u00f3n AM\u00c1S Social. Unos excelentes compa\u00f1eros de viaje que con este paso contribuyen a que Teatro Accesible sea cada vez un <strong>proyecto m\u00e1s completo y democr\u00e1tico.<\/strong><span class=\"im\"><br \/>\n<\/span><\/p>\n<p style=\"text-align: justify;\"><img loading=\"lazy\" decoding=\"async\" class=\"aligncenter wp-image-4928\" src=\"http:\/\/aptent.es\/wp-content\/uploads\/2017\/02\/C5Gk14hW8AEW9Av-e1487685456632-1024x573.jpg\" alt=\"Manuel y Javier se estrechan la mano\" width=\"600\" height=\"336\" \/><\/p>\n<p style=\"text-align: justify;\">\n","protected":false},"excerpt":{"rendered":"<p>Este lunes hemos firmado un convenio de colaboraci\u00f3n con\u00a0Fundaci\u00f3n AM\u00c1S Social para promocionar la cultura para todos en el marco del proyecto Teatro Accesible. El acto ha tenido lugar\u00a0en el Parque Cient\u00edfico-Tecnol\u00f3gico de la Universidad Carlos III de Madrid en Legan\u00e9s. En \u00e9l han participado\u00a0Javier Jim\u00e9nez, CEO y co-fundador de Aptent Soluciones, y\u00a0Manuel Galiano, secretario [&hellip;]<\/p>\n","protected":false},"author":2,"featured_media":7194,"comment_status":"open","ping_status":"open","sticky":false,"template":"","format":"standard","meta":{"_et_pb_use_builder":"","_et_pb_old_content":"","_et_gb_content_width":"","footnotes":""},"categories":[47,60,27,126],"tags":[156,114,157,158,159,160,161,162,39],"class_list":["post-7752","post","type-post","status-publish","format-standard","has-post-thumbnail","hentry","category-accesibilidad-comunicacion","category-aptent-en-los-medios","category-noticias","category-teatro-accesible","tag-accesibilidad-cognitiva","tag-artes-escenicas","tag-audioexplicaciones","tag-colaboracion","tag-convenio","tag-discapacidad-intelectual","tag-fundacion-amas-social","tag-grupo-amas","tag-teatro-accesible"],"yoast_head":"<!-- This site is optimized with the Yoast SEO plugin v27.5 - https:\/\/yoast.com\/product\/yoast-seo-wordpress\/ -->\n<title>Aptent firma un convenio con Fundaci\u00f3n AM\u00c1S Social para promover la cultura para todos - Aptent Soluciones. Subtitulado y audiodescripci\u00f3n.<\/title>\n<meta name=\"robots\" content=\"index, follow, max-snippet:-1, max-image-preview:large, max-video-preview:-1\" \/>\n<link rel=\"canonical\" href=\"https:\/\/aptent.es\/aptent-firma-un-convenio-con-fundacion-amas-social-para-promover-la-cultura-para-todos\/\" \/>\n<meta property=\"og:locale\" content=\"en_US\" \/>\n<meta property=\"og:type\" content=\"article\" \/>\n<meta property=\"og:title\" content=\"Aptent firma un convenio con Fundaci\u00f3n AM\u00c1S Social para promover la cultura para todos - Aptent Soluciones. Subtitulado y audiodescripci\u00f3n.\" \/>\n<meta property=\"og:description\" content=\"Este lunes hemos firmado un convenio de colaboraci\u00f3n con\u00a0Fundaci\u00f3n AM\u00c1S Social para promocionar la cultura para todos en el marco del proyecto Teatro Accesible. El acto ha tenido lugar\u00a0en el Parque Cient\u00edfico-Tecnol\u00f3gico de la Universidad Carlos III de Madrid en Legan\u00e9s. En \u00e9l han participado\u00a0Javier Jim\u00e9nez, CEO y co-fundador de Aptent Soluciones, y\u00a0Manuel Galiano, secretario [&hellip;]\" \/>\n<meta property=\"og:url\" content=\"https:\/\/aptent.es\/aptent-firma-un-convenio-con-fundacion-amas-social-para-promover-la-cultura-para-todos\/\" \/>\n<meta property=\"og:site_name\" content=\"Aptent Soluciones. Subtitulado y audiodescripci\u00f3n.\" \/>\n<meta property=\"article:published_time\" content=\"2017-02-21T13:59:49+00:00\" \/>\n<meta property=\"article:modified_time\" content=\"2024-05-24T12:02:11+00:00\" \/>\n<meta property=\"og:image\" content=\"https:\/\/aptent.es\/wp-content\/uploads\/2017\/02\/convenioAMAS.jpg\" \/>\n\t<meta property=\"og:image:width\" content=\"1086\" \/>\n\t<meta property=\"og:image:height\" content=\"599\" \/>\n\t<meta property=\"og:image:type\" content=\"image\/jpeg\" \/>\n<meta name=\"author\" content=\"Beatriz Lerones\" \/>\n<meta name=\"twitter:card\" content=\"summary_large_image\" \/>\n<meta name=\"twitter:label1\" content=\"Written by\" \/>\n\t<meta name=\"twitter:data1\" content=\"Beatriz Lerones\" \/>\n\t<meta name=\"twitter:label2\" content=\"Est. reading time\" \/>\n\t<meta name=\"twitter:data2\" content=\"2 minutes\" \/>\n<script type=\"application\/ld+json\" class=\"yoast-schema-graph\">{\"@context\":\"https:\\\/\\\/schema.org\",\"@graph\":[{\"@type\":\"Article\",\"@id\":\"https:\\\/\\\/aptent.es\\\/aptent-firma-un-convenio-con-fundacion-amas-social-para-promover-la-cultura-para-todos\\\/#article\",\"isPartOf\":{\"@id\":\"https:\\\/\\\/aptent.es\\\/aptent-firma-un-convenio-con-fundacion-amas-social-para-promover-la-cultura-para-todos\\\/\"},\"author\":{\"name\":\"Beatriz Lerones\",\"@id\":\"https:\\\/\\\/aptent.es\\\/#\\\/schema\\\/person\\\/6e99ccba3c9cd4f73750645a1b442c4a\"},\"headline\":\"Aptent firma un convenio con Fundaci\u00f3n AM\u00c1S Social para promover la cultura para todos\",\"datePublished\":\"2017-02-21T13:59:49+00:00\",\"dateModified\":\"2024-05-24T12:02:11+00:00\",\"mainEntityOfPage\":{\"@id\":\"https:\\\/\\\/aptent.es\\\/aptent-firma-un-convenio-con-fundacion-amas-social-para-promover-la-cultura-para-todos\\\/\"},\"wordCount\":447,\"commentCount\":0,\"image\":{\"@id\":\"https:\\\/\\\/aptent.es\\\/aptent-firma-un-convenio-con-fundacion-amas-social-para-promover-la-cultura-para-todos\\\/#primaryimage\"},\"thumbnailUrl\":\"https:\\\/\\\/aptent.es\\\/wp-content\\\/uploads\\\/2017\\\/02\\\/convenioAMAS.jpg\",\"keywords\":[\"accesibilidad cognitiva\",\"artes esc\u00e9nicas\",\"audioexplicaciones\",\"colaboraci\u00f3n\",\"convenio\",\"discapacidad intelectual\",\"Fundaci\u00f3n AMAS Social\",\"Grupo AMAS\",\"Teatro Accesible\"],\"articleSection\":[\"Accesibilidad a la comunicaci\u00f3n\",\"Aptent en los medios\",\"Noticias\",\"Teatro Accesible\"],\"inLanguage\":\"en-US\",\"potentialAction\":[{\"@type\":\"CommentAction\",\"name\":\"Comment\",\"target\":[\"https:\\\/\\\/aptent.es\\\/aptent-firma-un-convenio-con-fundacion-amas-social-para-promover-la-cultura-para-todos\\\/#respond\"]}]},{\"@type\":\"WebPage\",\"@id\":\"https:\\\/\\\/aptent.es\\\/aptent-firma-un-convenio-con-fundacion-amas-social-para-promover-la-cultura-para-todos\\\/\",\"url\":\"https:\\\/\\\/aptent.es\\\/aptent-firma-un-convenio-con-fundacion-amas-social-para-promover-la-cultura-para-todos\\\/\",\"name\":\"Aptent firma un convenio con Fundaci\u00f3n AM\u00c1S Social para promover la cultura para todos - Aptent Soluciones. Subtitulado y audiodescripci\u00f3n.\",\"isPartOf\":{\"@id\":\"https:\\\/\\\/aptent.es\\\/#website\"},\"primaryImageOfPage\":{\"@id\":\"https:\\\/\\\/aptent.es\\\/aptent-firma-un-convenio-con-fundacion-amas-social-para-promover-la-cultura-para-todos\\\/#primaryimage\"},\"image\":{\"@id\":\"https:\\\/\\\/aptent.es\\\/aptent-firma-un-convenio-con-fundacion-amas-social-para-promover-la-cultura-para-todos\\\/#primaryimage\"},\"thumbnailUrl\":\"https:\\\/\\\/aptent.es\\\/wp-content\\\/uploads\\\/2017\\\/02\\\/convenioAMAS.jpg\",\"datePublished\":\"2017-02-21T13:59:49+00:00\",\"dateModified\":\"2024-05-24T12:02:11+00:00\",\"author\":{\"@id\":\"https:\\\/\\\/aptent.es\\\/#\\\/schema\\\/person\\\/6e99ccba3c9cd4f73750645a1b442c4a\"},\"breadcrumb\":{\"@id\":\"https:\\\/\\\/aptent.es\\\/aptent-firma-un-convenio-con-fundacion-amas-social-para-promover-la-cultura-para-todos\\\/#breadcrumb\"},\"inLanguage\":\"en-US\",\"potentialAction\":[{\"@type\":\"ReadAction\",\"target\":[\"https:\\\/\\\/aptent.es\\\/aptent-firma-un-convenio-con-fundacion-amas-social-para-promover-la-cultura-para-todos\\\/\"]}]},{\"@type\":\"ImageObject\",\"inLanguage\":\"en-US\",\"@id\":\"https:\\\/\\\/aptent.es\\\/aptent-firma-un-convenio-con-fundacion-amas-social-para-promover-la-cultura-para-todos\\\/#primaryimage\",\"url\":\"https:\\\/\\\/aptent.es\\\/wp-content\\\/uploads\\\/2017\\\/02\\\/convenioAMAS.jpg\",\"contentUrl\":\"https:\\\/\\\/aptent.es\\\/wp-content\\\/uploads\\\/2017\\\/02\\\/convenioAMAS.jpg\",\"width\":1086,\"height\":599},{\"@type\":\"BreadcrumbList\",\"@id\":\"https:\\\/\\\/aptent.es\\\/aptent-firma-un-convenio-con-fundacion-amas-social-para-promover-la-cultura-para-todos\\\/#breadcrumb\",\"itemListElement\":[{\"@type\":\"ListItem\",\"position\":1,\"name\":\"Portada\",\"item\":\"https:\\\/\\\/aptent.es\\\/gl\\\/\"},{\"@type\":\"ListItem\",\"position\":2,\"name\":\"Aptent firma un convenio con Fundaci\u00f3n AM\u00c1S Social para promover la cultura para todos\"}]},{\"@type\":\"WebSite\",\"@id\":\"https:\\\/\\\/aptent.es\\\/#website\",\"url\":\"https:\\\/\\\/aptent.es\\\/\",\"name\":\"Aptent Soluciones. Subtitulado y audiodescripci\u00f3n.\",\"description\":\"Empresa de tecnolog\u00eda y accesibilidad en la comunicaci\u00f3n. Subtitulado para sordos en directo, traducci\u00f3n, audiodescripci\u00f3n, sistema FM y bucle magn\u00e9tico.\",\"potentialAction\":[{\"@type\":\"SearchAction\",\"target\":{\"@type\":\"EntryPoint\",\"urlTemplate\":\"https:\\\/\\\/aptent.es\\\/?s={search_term_string}\"},\"query-input\":{\"@type\":\"PropertyValueSpecification\",\"valueRequired\":true,\"valueName\":\"search_term_string\"}}],\"inLanguage\":\"en-US\"},{\"@type\":\"Person\",\"@id\":\"https:\\\/\\\/aptent.es\\\/#\\\/schema\\\/person\\\/6e99ccba3c9cd4f73750645a1b442c4a\",\"name\":\"Beatriz Lerones\",\"image\":{\"@type\":\"ImageObject\",\"inLanguage\":\"en-US\",\"@id\":\"https:\\\/\\\/secure.gravatar.com\\\/avatar\\\/edf99074cac7bd706e13f3e9ad07e8e05c09967ba9e305434c5a09850b1ab0f4?s=96&d=mm&r=g\",\"url\":\"https:\\\/\\\/secure.gravatar.com\\\/avatar\\\/edf99074cac7bd706e13f3e9ad07e8e05c09967ba9e305434c5a09850b1ab0f4?s=96&d=mm&r=g\",\"contentUrl\":\"https:\\\/\\\/secure.gravatar.com\\\/avatar\\\/edf99074cac7bd706e13f3e9ad07e8e05c09967ba9e305434c5a09850b1ab0f4?s=96&d=mm&r=g\",\"caption\":\"Beatriz Lerones\"}}]}<\/script>\n<!-- \/ Yoast SEO plugin. -->","yoast_head_json":{"title":"Aptent firma un convenio con Fundaci\u00f3n AM\u00c1S Social para promover la cultura para todos - Aptent Soluciones. Subtitulado y audiodescripci\u00f3n.","robots":{"index":"index","follow":"follow","max-snippet":"max-snippet:-1","max-image-preview":"max-image-preview:large","max-video-preview":"max-video-preview:-1"},"canonical":"https:\/\/aptent.es\/aptent-firma-un-convenio-con-fundacion-amas-social-para-promover-la-cultura-para-todos\/","og_locale":"en_US","og_type":"article","og_title":"Aptent firma un convenio con Fundaci\u00f3n AM\u00c1S Social para promover la cultura para todos - Aptent Soluciones. Subtitulado y audiodescripci\u00f3n.","og_description":"Este lunes hemos firmado un convenio de colaboraci\u00f3n con\u00a0Fundaci\u00f3n AM\u00c1S Social para promocionar la cultura para todos en el marco del proyecto Teatro Accesible. El acto ha tenido lugar\u00a0en el Parque Cient\u00edfico-Tecnol\u00f3gico de la Universidad Carlos III de Madrid en Legan\u00e9s. En \u00e9l han participado\u00a0Javier Jim\u00e9nez, CEO y co-fundador de Aptent Soluciones, y\u00a0Manuel Galiano, secretario [&hellip;]","og_url":"https:\/\/aptent.es\/aptent-firma-un-convenio-con-fundacion-amas-social-para-promover-la-cultura-para-todos\/","og_site_name":"Aptent Soluciones. Subtitulado y audiodescripci\u00f3n.","article_published_time":"2017-02-21T13:59:49+00:00","article_modified_time":"2024-05-24T12:02:11+00:00","og_image":[{"width":1086,"height":599,"url":"https:\/\/aptent.es\/wp-content\/uploads\/2017\/02\/convenioAMAS.jpg","type":"image\/jpeg"}],"author":"Beatriz Lerones","twitter_card":"summary_large_image","twitter_misc":{"Written by":"Beatriz Lerones","Est. reading time":"2 minutes"},"schema":{"@context":"https:\/\/schema.org","@graph":[{"@type":"Article","@id":"https:\/\/aptent.es\/aptent-firma-un-convenio-con-fundacion-amas-social-para-promover-la-cultura-para-todos\/#article","isPartOf":{"@id":"https:\/\/aptent.es\/aptent-firma-un-convenio-con-fundacion-amas-social-para-promover-la-cultura-para-todos\/"},"author":{"name":"Beatriz Lerones","@id":"https:\/\/aptent.es\/#\/schema\/person\/6e99ccba3c9cd4f73750645a1b442c4a"},"headline":"Aptent firma un convenio con Fundaci\u00f3n AM\u00c1S Social para promover la cultura para todos","datePublished":"2017-02-21T13:59:49+00:00","dateModified":"2024-05-24T12:02:11+00:00","mainEntityOfPage":{"@id":"https:\/\/aptent.es\/aptent-firma-un-convenio-con-fundacion-amas-social-para-promover-la-cultura-para-todos\/"},"wordCount":447,"commentCount":0,"image":{"@id":"https:\/\/aptent.es\/aptent-firma-un-convenio-con-fundacion-amas-social-para-promover-la-cultura-para-todos\/#primaryimage"},"thumbnailUrl":"https:\/\/aptent.es\/wp-content\/uploads\/2017\/02\/convenioAMAS.jpg","keywords":["accesibilidad cognitiva","artes esc\u00e9nicas","audioexplicaciones","colaboraci\u00f3n","convenio","discapacidad intelectual","Fundaci\u00f3n AMAS Social","Grupo AMAS","Teatro Accesible"],"articleSection":["Accesibilidad a la comunicaci\u00f3n","Aptent en los medios","Noticias","Teatro Accesible"],"inLanguage":"en-US","potentialAction":[{"@type":"CommentAction","name":"Comment","target":["https:\/\/aptent.es\/aptent-firma-un-convenio-con-fundacion-amas-social-para-promover-la-cultura-para-todos\/#respond"]}]},{"@type":"WebPage","@id":"https:\/\/aptent.es\/aptent-firma-un-convenio-con-fundacion-amas-social-para-promover-la-cultura-para-todos\/","url":"https:\/\/aptent.es\/aptent-firma-un-convenio-con-fundacion-amas-social-para-promover-la-cultura-para-todos\/","name":"Aptent firma un convenio con Fundaci\u00f3n AM\u00c1S Social para promover la cultura para todos - Aptent Soluciones. Subtitulado y audiodescripci\u00f3n.","isPartOf":{"@id":"https:\/\/aptent.es\/#website"},"primaryImageOfPage":{"@id":"https:\/\/aptent.es\/aptent-firma-un-convenio-con-fundacion-amas-social-para-promover-la-cultura-para-todos\/#primaryimage"},"image":{"@id":"https:\/\/aptent.es\/aptent-firma-un-convenio-con-fundacion-amas-social-para-promover-la-cultura-para-todos\/#primaryimage"},"thumbnailUrl":"https:\/\/aptent.es\/wp-content\/uploads\/2017\/02\/convenioAMAS.jpg","datePublished":"2017-02-21T13:59:49+00:00","dateModified":"2024-05-24T12:02:11+00:00","author":{"@id":"https:\/\/aptent.es\/#\/schema\/person\/6e99ccba3c9cd4f73750645a1b442c4a"},"breadcrumb":{"@id":"https:\/\/aptent.es\/aptent-firma-un-convenio-con-fundacion-amas-social-para-promover-la-cultura-para-todos\/#breadcrumb"},"inLanguage":"en-US","potentialAction":[{"@type":"ReadAction","target":["https:\/\/aptent.es\/aptent-firma-un-convenio-con-fundacion-amas-social-para-promover-la-cultura-para-todos\/"]}]},{"@type":"ImageObject","inLanguage":"en-US","@id":"https:\/\/aptent.es\/aptent-firma-un-convenio-con-fundacion-amas-social-para-promover-la-cultura-para-todos\/#primaryimage","url":"https:\/\/aptent.es\/wp-content\/uploads\/2017\/02\/convenioAMAS.jpg","contentUrl":"https:\/\/aptent.es\/wp-content\/uploads\/2017\/02\/convenioAMAS.jpg","width":1086,"height":599},{"@type":"BreadcrumbList","@id":"https:\/\/aptent.es\/aptent-firma-un-convenio-con-fundacion-amas-social-para-promover-la-cultura-para-todos\/#breadcrumb","itemListElement":[{"@type":"ListItem","position":1,"name":"Portada","item":"https:\/\/aptent.es\/gl\/"},{"@type":"ListItem","position":2,"name":"Aptent firma un convenio con Fundaci\u00f3n AM\u00c1S Social para promover la cultura para todos"}]},{"@type":"WebSite","@id":"https:\/\/aptent.es\/#website","url":"https:\/\/aptent.es\/","name":"Aptent Soluciones. Subtitulado y audiodescripci\u00f3n.","description":"Empresa de tecnolog\u00eda y accesibilidad en la comunicaci\u00f3n. Subtitulado para sordos en directo, traducci\u00f3n, audiodescripci\u00f3n, sistema FM y bucle magn\u00e9tico.","potentialAction":[{"@type":"SearchAction","target":{"@type":"EntryPoint","urlTemplate":"https:\/\/aptent.es\/?s={search_term_string}"},"query-input":{"@type":"PropertyValueSpecification","valueRequired":true,"valueName":"search_term_string"}}],"inLanguage":"en-US"},{"@type":"Person","@id":"https:\/\/aptent.es\/#\/schema\/person\/6e99ccba3c9cd4f73750645a1b442c4a","name":"Beatriz Lerones","image":{"@type":"ImageObject","inLanguage":"en-US","@id":"https:\/\/secure.gravatar.com\/avatar\/edf99074cac7bd706e13f3e9ad07e8e05c09967ba9e305434c5a09850b1ab0f4?s=96&d=mm&r=g","url":"https:\/\/secure.gravatar.com\/avatar\/edf99074cac7bd706e13f3e9ad07e8e05c09967ba9e305434c5a09850b1ab0f4?s=96&d=mm&r=g","contentUrl":"https:\/\/secure.gravatar.com\/avatar\/edf99074cac7bd706e13f3e9ad07e8e05c09967ba9e305434c5a09850b1ab0f4?s=96&d=mm&r=g","caption":"Beatriz Lerones"}}]}},"_links":{"self":[{"href":"https:\/\/aptent.es\/en\/wp-json\/wp\/v2\/posts\/7752","targetHints":{"allow":["GET"]}}],"collection":[{"href":"https:\/\/aptent.es\/en\/wp-json\/wp\/v2\/posts"}],"about":[{"href":"https:\/\/aptent.es\/en\/wp-json\/wp\/v2\/types\/post"}],"author":[{"embeddable":true,"href":"https:\/\/aptent.es\/en\/wp-json\/wp\/v2\/users\/2"}],"replies":[{"embeddable":true,"href":"https:\/\/aptent.es\/en\/wp-json\/wp\/v2\/comments?post=7752"}],"version-history":[{"count":1,"href":"https:\/\/aptent.es\/en\/wp-json\/wp\/v2\/posts\/7752\/revisions"}],"predecessor-version":[{"id":8739,"href":"https:\/\/aptent.es\/en\/wp-json\/wp\/v2\/posts\/7752\/revisions\/8739"}],"wp:featuredmedia":[{"embeddable":true,"href":"https:\/\/aptent.es\/en\/wp-json\/wp\/v2\/media\/7194"}],"wp:attachment":[{"href":"https:\/\/aptent.es\/en\/wp-json\/wp\/v2\/media?parent=7752"}],"wp:term":[{"taxonomy":"category","embeddable":true,"href":"https:\/\/aptent.es\/en\/wp-json\/wp\/v2\/categories?post=7752"},{"taxonomy":"post_tag","embeddable":true,"href":"https:\/\/aptent.es\/en\/wp-json\/wp\/v2\/tags?post=7752"}],"curies":[{"name":"wp","href":"https:\/\/api.w.org\/{rel}","templated":true}]}}