{"id":7673,"date":"2022-04-12T14:26:23","date_gmt":"2022-04-12T12:26:23","guid":{"rendered":"https:\/\/aptent.es\/?p=6045"},"modified":"2024-04-25T12:38:33","modified_gmt":"2024-04-25T10:38:33","slug":"aptent-realizara-el-subtitulado-y-la-interpretacion-en-lengua-de-signos-en-la-expoaccesible","status":"publish","type":"post","link":"https:\/\/aptent.es\/en\/aptent-realizara-el-subtitulado-y-la-interpretacion-en-lengua-de-signos-en-la-expoaccesible\/","title":{"rendered":"Aptent patrocinar\u00e1 la EXPO+ACCESIBLE con subtitulado y lengua de signos"},"content":{"rendered":"<p>APTENT ser\u00e1 la empresa de tecnolog\u00eda y accesibilidad encargada de realizar el subtitulado autom\u00e1tico y la interpretaci\u00f3n en lengua de signos en la I Feria Iberoamericana de Inclusi\u00f3n, Innovaci\u00f3n y Turismo fijada para este 19 y 20 de mayo. Este evento virtual y gratuito, tiene programadas m\u00e1s de 30 mesas redondas y decenas de stands donde participar\u00e1n profesionales internacionales,\u00a0startups, agencias de viajes, administraci\u00f3n publica, consultor\u00eda e ingenier\u00eda de pa\u00edses iberoamericanos. La Feria, tiene como objetivo intercambiar\u00a0conocimientos sobre la gesti\u00f3n y la promoci\u00f3n de la accesibilidad entre los sectores empresariales para entender la inclusi\u00f3n de manera transversal y llevarla a la pr\u00e1ctica a diario.<\/p>\n<p>La empresa APTENT participar\u00e1 en la Feria con un stand y el CEO,\u00a0<strong>Javier Jim\u00e9nez Dorado<\/strong>, ser\u00e1 un ponente en la mesa redonda<strong> &#8220;Accesibilidad e Inclusi\u00f3n en las Artes Esc\u00e9nicas&#8221;<\/strong> fijada para el d\u00eda<strong> 20 de mayo a las 16:10 horas.<\/strong> As\u00ed mismo, en este coloquio participar\u00e1 la Gestora Cultural y Asesora de Inclusi\u00f3n del Centro Dram\u00e1tico Nacional, <strong>In\u00e9s Enciso<\/strong> y el Gestor de Proyectos de la Asociaci\u00f3n Hazlo Accesible, <strong>Roberto Sintes<\/strong>.<\/p>\n<p>En tanto, la mesa <strong>&#8220;Cultura Accesible&#8221;<\/strong>, ser\u00e1 moderada por la Gestora Cultural de Aptent y Teatro Accesible, <strong>Luc\u00eda Mendoza<\/strong>. Los ponentes de esta mesa ser\u00e1n la gu\u00eda tur\u00edstica\u00a0<strong>Olga Navarro<\/strong>, Olalla Luque de la Asociaci\u00f3n Kaleidoscope\u00a0 y <strong>Dinah Bromberg,\u00a0<\/strong>de la agencia de dise\u00f1o inclusivo, Tactile Studio.<\/p>\n<p>Para asistir a la Feria, es necesario inscribirse en la web\u00a0https:\/\/expoaccesible.vive4all.com\/<\/p>\n","protected":false},"excerpt":{"rendered":"<p>APTENT ser\u00e1 la empresa de tecnolog\u00eda y accesibilidad encargada de realizar el subtitulado autom\u00e1tico y la interpretaci\u00f3n en lengua de signos en la I Feria Iberoamericana de Inclusi\u00f3n, Innovaci\u00f3n y Turismo fijada para este 19 y 20 de mayo. Este evento virtual y gratuito, tiene programadas m\u00e1s de 30 mesas redondas y decenas de stands [&hellip;]<\/p>\n","protected":false},"author":7,"featured_media":6758,"comment_status":"open","ping_status":"open","sticky":false,"template":"","format":"standard","meta":{"_et_pb_use_builder":"","_et_pb_old_content":"","_et_gb_content_width":"","footnotes":""},"categories":[81],"tags":[18,114,215],"class_list":["post-7673","post","type-post","status-publish","format-standard","has-post-thumbnail","hentry","category-eventos","tag-accesibilidad","tag-artes-escenicas","tag-expoaccesible"],"yoast_head":"<!-- This site is optimized with the Yoast SEO plugin v27.4 - https:\/\/yoast.com\/product\/yoast-seo-wordpress\/ -->\n<title>Aptent patrocinar\u00e1 la EXPO+ACCESIBLE con subtitulado y lengua de signos - Aptent Soluciones. Subtitulado y audiodescripci\u00f3n.<\/title>\n<meta name=\"robots\" content=\"index, follow, max-snippet:-1, max-image-preview:large, max-video-preview:-1\" \/>\n<link rel=\"canonical\" href=\"https:\/\/aptent.es\/aptent-realizara-el-subtitulado-y-la-interpretacion-en-lengua-de-signos-en-la-expoaccesible\/\" \/>\n<meta property=\"og:locale\" content=\"en_US\" \/>\n<meta property=\"og:type\" content=\"article\" \/>\n<meta property=\"og:title\" content=\"Aptent patrocinar\u00e1 la EXPO+ACCESIBLE con subtitulado y lengua de signos - Aptent Soluciones. Subtitulado y audiodescripci\u00f3n.\" \/>\n<meta property=\"og:description\" content=\"APTENT ser\u00e1 la empresa de tecnolog\u00eda y accesibilidad encargada de realizar el subtitulado autom\u00e1tico y la interpretaci\u00f3n en lengua de signos en la I Feria Iberoamericana de Inclusi\u00f3n, Innovaci\u00f3n y Turismo fijada para este 19 y 20 de mayo. Este evento virtual y gratuito, tiene programadas m\u00e1s de 30 mesas redondas y decenas de stands [&hellip;]\" \/>\n<meta property=\"og:url\" content=\"https:\/\/aptent.es\/aptent-realizara-el-subtitulado-y-la-interpretacion-en-lengua-de-signos-en-la-expoaccesible\/\" \/>\n<meta property=\"og:site_name\" content=\"Aptent Soluciones. Subtitulado y audiodescripci\u00f3n.\" \/>\n<meta property=\"article:published_time\" content=\"2022-04-12T12:26:23+00:00\" \/>\n<meta property=\"article:modified_time\" content=\"2024-04-25T10:38:33+00:00\" \/>\n<meta property=\"og:image\" content=\"https:\/\/aptent.es\/wp-content\/uploads\/2022\/04\/expo-2.png\" \/>\n\t<meta property=\"og:image:width\" content=\"1080\" \/>\n\t<meta property=\"og:image:height\" content=\"1080\" \/>\n\t<meta property=\"og:image:type\" content=\"image\/png\" \/>\n<meta name=\"author\" content=\"Luc\u00eda Mendoza\" \/>\n<meta name=\"twitter:card\" content=\"summary_large_image\" \/>\n<meta name=\"twitter:label1\" content=\"Written by\" \/>\n\t<meta name=\"twitter:data1\" content=\"Luc\u00eda Mendoza\" \/>\n\t<meta name=\"twitter:label2\" content=\"Est. reading time\" \/>\n\t<meta name=\"twitter:data2\" content=\"1 minute\" \/>\n<script type=\"application\/ld+json\" class=\"yoast-schema-graph\">{\"@context\":\"https:\\\/\\\/schema.org\",\"@graph\":[{\"@type\":\"Article\",\"@id\":\"https:\\\/\\\/aptent.es\\\/aptent-realizara-el-subtitulado-y-la-interpretacion-en-lengua-de-signos-en-la-expoaccesible\\\/#article\",\"isPartOf\":{\"@id\":\"https:\\\/\\\/aptent.es\\\/aptent-realizara-el-subtitulado-y-la-interpretacion-en-lengua-de-signos-en-la-expoaccesible\\\/\"},\"author\":{\"name\":\"Luc\u00eda Mendoza\",\"@id\":\"https:\\\/\\\/aptent.es\\\/#\\\/schema\\\/person\\\/5e9d657a70106406ffe24157fe56418d\"},\"headline\":\"Aptent patrocinar\u00e1 la EXPO+ACCESIBLE con subtitulado y lengua de signos\",\"datePublished\":\"2022-04-12T12:26:23+00:00\",\"dateModified\":\"2024-04-25T10:38:33+00:00\",\"mainEntityOfPage\":{\"@id\":\"https:\\\/\\\/aptent.es\\\/aptent-realizara-el-subtitulado-y-la-interpretacion-en-lengua-de-signos-en-la-expoaccesible\\\/\"},\"wordCount\":275,\"commentCount\":0,\"image\":{\"@id\":\"https:\\\/\\\/aptent.es\\\/aptent-realizara-el-subtitulado-y-la-interpretacion-en-lengua-de-signos-en-la-expoaccesible\\\/#primaryimage\"},\"thumbnailUrl\":\"https:\\\/\\\/aptent.es\\\/wp-content\\\/uploads\\\/2022\\\/04\\\/expo-2.png\",\"keywords\":[\"Accesibilidad\",\"artes esc\u00e9nicas\",\"expo+accesible\"],\"articleSection\":[\"Eventos\"],\"inLanguage\":\"en-US\",\"potentialAction\":[{\"@type\":\"CommentAction\",\"name\":\"Comment\",\"target\":[\"https:\\\/\\\/aptent.es\\\/aptent-realizara-el-subtitulado-y-la-interpretacion-en-lengua-de-signos-en-la-expoaccesible\\\/#respond\"]}]},{\"@type\":\"WebPage\",\"@id\":\"https:\\\/\\\/aptent.es\\\/aptent-realizara-el-subtitulado-y-la-interpretacion-en-lengua-de-signos-en-la-expoaccesible\\\/\",\"url\":\"https:\\\/\\\/aptent.es\\\/aptent-realizara-el-subtitulado-y-la-interpretacion-en-lengua-de-signos-en-la-expoaccesible\\\/\",\"name\":\"Aptent patrocinar\u00e1 la EXPO+ACCESIBLE con subtitulado y lengua de signos - Aptent Soluciones. Subtitulado y audiodescripci\u00f3n.\",\"isPartOf\":{\"@id\":\"https:\\\/\\\/aptent.es\\\/#website\"},\"primaryImageOfPage\":{\"@id\":\"https:\\\/\\\/aptent.es\\\/aptent-realizara-el-subtitulado-y-la-interpretacion-en-lengua-de-signos-en-la-expoaccesible\\\/#primaryimage\"},\"image\":{\"@id\":\"https:\\\/\\\/aptent.es\\\/aptent-realizara-el-subtitulado-y-la-interpretacion-en-lengua-de-signos-en-la-expoaccesible\\\/#primaryimage\"},\"thumbnailUrl\":\"https:\\\/\\\/aptent.es\\\/wp-content\\\/uploads\\\/2022\\\/04\\\/expo-2.png\",\"datePublished\":\"2022-04-12T12:26:23+00:00\",\"dateModified\":\"2024-04-25T10:38:33+00:00\",\"author\":{\"@id\":\"https:\\\/\\\/aptent.es\\\/#\\\/schema\\\/person\\\/5e9d657a70106406ffe24157fe56418d\"},\"breadcrumb\":{\"@id\":\"https:\\\/\\\/aptent.es\\\/aptent-realizara-el-subtitulado-y-la-interpretacion-en-lengua-de-signos-en-la-expoaccesible\\\/#breadcrumb\"},\"inLanguage\":\"en-US\",\"potentialAction\":[{\"@type\":\"ReadAction\",\"target\":[\"https:\\\/\\\/aptent.es\\\/aptent-realizara-el-subtitulado-y-la-interpretacion-en-lengua-de-signos-en-la-expoaccesible\\\/\"]}]},{\"@type\":\"ImageObject\",\"inLanguage\":\"en-US\",\"@id\":\"https:\\\/\\\/aptent.es\\\/aptent-realizara-el-subtitulado-y-la-interpretacion-en-lengua-de-signos-en-la-expoaccesible\\\/#primaryimage\",\"url\":\"https:\\\/\\\/aptent.es\\\/wp-content\\\/uploads\\\/2022\\\/04\\\/expo-2.png\",\"contentUrl\":\"https:\\\/\\\/aptent.es\\\/wp-content\\\/uploads\\\/2022\\\/04\\\/expo-2.png\",\"width\":1080,\"height\":1080},{\"@type\":\"BreadcrumbList\",\"@id\":\"https:\\\/\\\/aptent.es\\\/aptent-realizara-el-subtitulado-y-la-interpretacion-en-lengua-de-signos-en-la-expoaccesible\\\/#breadcrumb\",\"itemListElement\":[{\"@type\":\"ListItem\",\"position\":1,\"name\":\"Portada\",\"item\":\"https:\\\/\\\/aptent.es\\\/gl\\\/\"},{\"@type\":\"ListItem\",\"position\":2,\"name\":\"Aptent patrocinar\u00e1 la EXPO+ACCESIBLE con subtitulado y lengua de signos\"}]},{\"@type\":\"WebSite\",\"@id\":\"https:\\\/\\\/aptent.es\\\/#website\",\"url\":\"https:\\\/\\\/aptent.es\\\/\",\"name\":\"Aptent Soluciones. Subtitulado y audiodescripci\u00f3n.\",\"description\":\"Empresa de tecnolog\u00eda y accesibilidad en la comunicaci\u00f3n. Subtitulado para sordos en directo, traducci\u00f3n, audiodescripci\u00f3n, sistema FM y bucle magn\u00e9tico.\",\"potentialAction\":[{\"@type\":\"SearchAction\",\"target\":{\"@type\":\"EntryPoint\",\"urlTemplate\":\"https:\\\/\\\/aptent.es\\\/?s={search_term_string}\"},\"query-input\":{\"@type\":\"PropertyValueSpecification\",\"valueRequired\":true,\"valueName\":\"search_term_string\"}}],\"inLanguage\":\"en-US\"},{\"@type\":\"Person\",\"@id\":\"https:\\\/\\\/aptent.es\\\/#\\\/schema\\\/person\\\/5e9d657a70106406ffe24157fe56418d\",\"name\":\"Luc\u00eda Mendoza\",\"image\":{\"@type\":\"ImageObject\",\"inLanguage\":\"en-US\",\"@id\":\"https:\\\/\\\/secure.gravatar.com\\\/avatar\\\/64937fae4687742a82e0f0e3c8b4feb4cadae5553982290315aeb2705ee50825?s=96&d=mm&r=g\",\"url\":\"https:\\\/\\\/secure.gravatar.com\\\/avatar\\\/64937fae4687742a82e0f0e3c8b4feb4cadae5553982290315aeb2705ee50825?s=96&d=mm&r=g\",\"contentUrl\":\"https:\\\/\\\/secure.gravatar.com\\\/avatar\\\/64937fae4687742a82e0f0e3c8b4feb4cadae5553982290315aeb2705ee50825?s=96&d=mm&r=g\",\"caption\":\"Luc\u00eda Mendoza\"}}]}<\/script>\n<!-- \/ Yoast SEO plugin. -->","yoast_head_json":{"title":"Aptent patrocinar\u00e1 la EXPO+ACCESIBLE con subtitulado y lengua de signos - Aptent Soluciones. Subtitulado y audiodescripci\u00f3n.","robots":{"index":"index","follow":"follow","max-snippet":"max-snippet:-1","max-image-preview":"max-image-preview:large","max-video-preview":"max-video-preview:-1"},"canonical":"https:\/\/aptent.es\/aptent-realizara-el-subtitulado-y-la-interpretacion-en-lengua-de-signos-en-la-expoaccesible\/","og_locale":"en_US","og_type":"article","og_title":"Aptent patrocinar\u00e1 la EXPO+ACCESIBLE con subtitulado y lengua de signos - Aptent Soluciones. Subtitulado y audiodescripci\u00f3n.","og_description":"APTENT ser\u00e1 la empresa de tecnolog\u00eda y accesibilidad encargada de realizar el subtitulado autom\u00e1tico y la interpretaci\u00f3n en lengua de signos en la I Feria Iberoamericana de Inclusi\u00f3n, Innovaci\u00f3n y Turismo fijada para este 19 y 20 de mayo. Este evento virtual y gratuito, tiene programadas m\u00e1s de 30 mesas redondas y decenas de stands [&hellip;]","og_url":"https:\/\/aptent.es\/aptent-realizara-el-subtitulado-y-la-interpretacion-en-lengua-de-signos-en-la-expoaccesible\/","og_site_name":"Aptent Soluciones. Subtitulado y audiodescripci\u00f3n.","article_published_time":"2022-04-12T12:26:23+00:00","article_modified_time":"2024-04-25T10:38:33+00:00","og_image":[{"width":1080,"height":1080,"url":"https:\/\/aptent.es\/wp-content\/uploads\/2022\/04\/expo-2.png","type":"image\/png"}],"author":"Luc\u00eda Mendoza","twitter_card":"summary_large_image","twitter_misc":{"Written by":"Luc\u00eda Mendoza","Est. reading time":"1 minute"},"schema":{"@context":"https:\/\/schema.org","@graph":[{"@type":"Article","@id":"https:\/\/aptent.es\/aptent-realizara-el-subtitulado-y-la-interpretacion-en-lengua-de-signos-en-la-expoaccesible\/#article","isPartOf":{"@id":"https:\/\/aptent.es\/aptent-realizara-el-subtitulado-y-la-interpretacion-en-lengua-de-signos-en-la-expoaccesible\/"},"author":{"name":"Luc\u00eda Mendoza","@id":"https:\/\/aptent.es\/#\/schema\/person\/5e9d657a70106406ffe24157fe56418d"},"headline":"Aptent patrocinar\u00e1 la EXPO+ACCESIBLE con subtitulado y lengua de signos","datePublished":"2022-04-12T12:26:23+00:00","dateModified":"2024-04-25T10:38:33+00:00","mainEntityOfPage":{"@id":"https:\/\/aptent.es\/aptent-realizara-el-subtitulado-y-la-interpretacion-en-lengua-de-signos-en-la-expoaccesible\/"},"wordCount":275,"commentCount":0,"image":{"@id":"https:\/\/aptent.es\/aptent-realizara-el-subtitulado-y-la-interpretacion-en-lengua-de-signos-en-la-expoaccesible\/#primaryimage"},"thumbnailUrl":"https:\/\/aptent.es\/wp-content\/uploads\/2022\/04\/expo-2.png","keywords":["Accesibilidad","artes esc\u00e9nicas","expo+accesible"],"articleSection":["Eventos"],"inLanguage":"en-US","potentialAction":[{"@type":"CommentAction","name":"Comment","target":["https:\/\/aptent.es\/aptent-realizara-el-subtitulado-y-la-interpretacion-en-lengua-de-signos-en-la-expoaccesible\/#respond"]}]},{"@type":"WebPage","@id":"https:\/\/aptent.es\/aptent-realizara-el-subtitulado-y-la-interpretacion-en-lengua-de-signos-en-la-expoaccesible\/","url":"https:\/\/aptent.es\/aptent-realizara-el-subtitulado-y-la-interpretacion-en-lengua-de-signos-en-la-expoaccesible\/","name":"Aptent patrocinar\u00e1 la EXPO+ACCESIBLE con subtitulado y lengua de signos - Aptent Soluciones. Subtitulado y audiodescripci\u00f3n.","isPartOf":{"@id":"https:\/\/aptent.es\/#website"},"primaryImageOfPage":{"@id":"https:\/\/aptent.es\/aptent-realizara-el-subtitulado-y-la-interpretacion-en-lengua-de-signos-en-la-expoaccesible\/#primaryimage"},"image":{"@id":"https:\/\/aptent.es\/aptent-realizara-el-subtitulado-y-la-interpretacion-en-lengua-de-signos-en-la-expoaccesible\/#primaryimage"},"thumbnailUrl":"https:\/\/aptent.es\/wp-content\/uploads\/2022\/04\/expo-2.png","datePublished":"2022-04-12T12:26:23+00:00","dateModified":"2024-04-25T10:38:33+00:00","author":{"@id":"https:\/\/aptent.es\/#\/schema\/person\/5e9d657a70106406ffe24157fe56418d"},"breadcrumb":{"@id":"https:\/\/aptent.es\/aptent-realizara-el-subtitulado-y-la-interpretacion-en-lengua-de-signos-en-la-expoaccesible\/#breadcrumb"},"inLanguage":"en-US","potentialAction":[{"@type":"ReadAction","target":["https:\/\/aptent.es\/aptent-realizara-el-subtitulado-y-la-interpretacion-en-lengua-de-signos-en-la-expoaccesible\/"]}]},{"@type":"ImageObject","inLanguage":"en-US","@id":"https:\/\/aptent.es\/aptent-realizara-el-subtitulado-y-la-interpretacion-en-lengua-de-signos-en-la-expoaccesible\/#primaryimage","url":"https:\/\/aptent.es\/wp-content\/uploads\/2022\/04\/expo-2.png","contentUrl":"https:\/\/aptent.es\/wp-content\/uploads\/2022\/04\/expo-2.png","width":1080,"height":1080},{"@type":"BreadcrumbList","@id":"https:\/\/aptent.es\/aptent-realizara-el-subtitulado-y-la-interpretacion-en-lengua-de-signos-en-la-expoaccesible\/#breadcrumb","itemListElement":[{"@type":"ListItem","position":1,"name":"Portada","item":"https:\/\/aptent.es\/gl\/"},{"@type":"ListItem","position":2,"name":"Aptent patrocinar\u00e1 la EXPO+ACCESIBLE con subtitulado y lengua de signos"}]},{"@type":"WebSite","@id":"https:\/\/aptent.es\/#website","url":"https:\/\/aptent.es\/","name":"Aptent Soluciones. Subtitulado y audiodescripci\u00f3n.","description":"Empresa de tecnolog\u00eda y accesibilidad en la comunicaci\u00f3n. Subtitulado para sordos en directo, traducci\u00f3n, audiodescripci\u00f3n, sistema FM y bucle magn\u00e9tico.","potentialAction":[{"@type":"SearchAction","target":{"@type":"EntryPoint","urlTemplate":"https:\/\/aptent.es\/?s={search_term_string}"},"query-input":{"@type":"PropertyValueSpecification","valueRequired":true,"valueName":"search_term_string"}}],"inLanguage":"en-US"},{"@type":"Person","@id":"https:\/\/aptent.es\/#\/schema\/person\/5e9d657a70106406ffe24157fe56418d","name":"Luc\u00eda Mendoza","image":{"@type":"ImageObject","inLanguage":"en-US","@id":"https:\/\/secure.gravatar.com\/avatar\/64937fae4687742a82e0f0e3c8b4feb4cadae5553982290315aeb2705ee50825?s=96&d=mm&r=g","url":"https:\/\/secure.gravatar.com\/avatar\/64937fae4687742a82e0f0e3c8b4feb4cadae5553982290315aeb2705ee50825?s=96&d=mm&r=g","contentUrl":"https:\/\/secure.gravatar.com\/avatar\/64937fae4687742a82e0f0e3c8b4feb4cadae5553982290315aeb2705ee50825?s=96&d=mm&r=g","caption":"Luc\u00eda Mendoza"}}]}},"_links":{"self":[{"href":"https:\/\/aptent.es\/en\/wp-json\/wp\/v2\/posts\/7673","targetHints":{"allow":["GET"]}}],"collection":[{"href":"https:\/\/aptent.es\/en\/wp-json\/wp\/v2\/posts"}],"about":[{"href":"https:\/\/aptent.es\/en\/wp-json\/wp\/v2\/types\/post"}],"author":[{"embeddable":true,"href":"https:\/\/aptent.es\/en\/wp-json\/wp\/v2\/users\/7"}],"replies":[{"embeddable":true,"href":"https:\/\/aptent.es\/en\/wp-json\/wp\/v2\/comments?post=7673"}],"version-history":[{"count":1,"href":"https:\/\/aptent.es\/en\/wp-json\/wp\/v2\/posts\/7673\/revisions"}],"predecessor-version":[{"id":7680,"href":"https:\/\/aptent.es\/en\/wp-json\/wp\/v2\/posts\/7673\/revisions\/7680"}],"wp:featuredmedia":[{"embeddable":true,"href":"https:\/\/aptent.es\/en\/wp-json\/wp\/v2\/media\/6758"}],"wp:attachment":[{"href":"https:\/\/aptent.es\/en\/wp-json\/wp\/v2\/media?parent=7673"}],"wp:term":[{"taxonomy":"category","embeddable":true,"href":"https:\/\/aptent.es\/en\/wp-json\/wp\/v2\/categories?post=7673"},{"taxonomy":"post_tag","embeddable":true,"href":"https:\/\/aptent.es\/en\/wp-json\/wp\/v2\/tags?post=7673"}],"curies":[{"name":"wp","href":"https:\/\/api.w.org\/{rel}","templated":true}]}}