{"id":7893,"date":"2013-04-09T12:32:04","date_gmt":"2013-04-09T10:32:04","guid":{"rendered":"http:\/\/aptent.es\/?p=1097"},"modified":"2024-05-24T14:35:04","modified_gmt":"2024-05-24T12:35:04","slug":"exito-en-la-ponencia-de-aptent-en-el-dia-del-emprendedor","status":"publish","type":"post","link":"https:\/\/aptent.es\/ca\/exito-en-la-ponencia-de-aptent-en-el-dia-del-emprendedor\/","title":{"rendered":"\u00c9xito en la ponencia de Aptent en El D\u00eda del Emprendedor"},"content":{"rendered":"<p style=\"text-align: justify;\">El pasado lunes 8 de abril estuvimos, con motivo del <strong>D\u00eda del Emprendedor<\/strong> que se celebraba en la Comunidad de Madrid, en el Centro de Formaci\u00f3n en Tecnolog\u00edas de la Informaci\u00f3n y las Comunicaciones dando una breve charla sobre <strong>Aptent<\/strong> y nuestro proyecto<strong> Teatro Accesible<\/strong>.<\/p>\n<p style=\"text-align: justify;\"><strong>Diego Carrero, Co &#8211; Fundador y Director T\u00e9cnico<\/strong> de<strong> Aptent Be Accessible!<\/strong> fue el encargado de hablar durante alrededor de diez minutos en la sala &#8220;Networking y Emprendedores de \u00c9xito&#8221;, abarrotada de gente. En la breve exposici\u00f3n se realiz\u00f3 un breve repaso desde los or\u00edgenes de Aptent como <em>spin-off<\/em> de la <strong>Universidad Carlos III de Madrid<\/strong>, pasando por el nacimiento del proyecto <a title=\"Teatro Accesible\" href=\"http:\/\/www.teatroaccesible.com\" target=\"_blank\" rel=\"noopener\">Teatro Accesible<\/a>, con sus objetivos y los colaboradores que nos apoyan, como son el <strong>Centro de Rehabilitaci\u00f3n Laboral &#8211; Nueva Vida<\/strong> y <strong>Fundaci\u00f3n Vodafone Espa\u00f1a<\/strong>.\u00a0La ponencia termin\u00f3 mencionando los reconocimientos que ha obtenido recientemente la empresa, siendo el m\u00e1s reciente el que nos otorg\u00f3 la Fundaci\u00f3n Compromiso y Transparencia como una de las diez <strong>Iniciativas Sociales m\u00e1s Innovadoras de 2011\/12.\u00a0<\/strong><\/p>\n<p style=\"text-align: justify;\">Despu\u00e9s de un gran aplauso, al speech de Diego Carrero le sucedieron treinta minutos de <em>networking<\/em> divididos en espacios de treinta segundos, donde las empresas asistentes expusieron sus proyectos y con las que pudimos charlar tranquilamente despu\u00e9s de la sesi\u00f3n. Y justo antes de irnos, los chicos de <em>Emprende 20\u00b720<\/em> le hicieron <strong>una entrevista<\/strong> a nuestro Director T\u00e9cnico que esperamos poder compartir con vosotros dentro de poco, poni\u00e9ndole el broche de oro a un evento al que si es posible, repetiremos asistencia el a\u00f1o que viene.<\/p>\n","protected":false},"excerpt":{"rendered":"<p>El pasado lunes 8 de abril estuvimos, con motivo del D\u00eda del Emprendedor que se celebraba en la Comunidad de Madrid, en el Centro de Formaci\u00f3n en Tecnolog\u00edas de la Informaci\u00f3n y las Comunicaciones dando una breve charla sobre Aptent y nuestro proyecto Teatro Accesible. Diego Carrero, Co &#8211; Fundador y Director T\u00e9cnico de Aptent [&hellip;]<\/p>\n","protected":false},"author":2,"featured_media":7894,"comment_status":"open","ping_status":"open","sticky":false,"template":"","format":"standard","meta":{"_et_pb_use_builder":"","_et_pb_old_content":"","_et_gb_content_width":"","footnotes":""},"categories":[27],"tags":[35,40,41,37,42,43,39,44],"class_list":["post-7893","post","type-post","status-publish","format-standard","has-post-thumbnail","hentry","category-noticias","tag-aptent","tag-congresos","tag-dia-del-emprendedor","tag-emprendimiento","tag-empresas","tag-eventos","tag-teatro-accesible","tag-tecnologia"],"yoast_head":"<!-- This site is optimized with the Yoast SEO plugin v27.5 - https:\/\/yoast.com\/product\/yoast-seo-wordpress\/ -->\n<title>\u00c9xito en la ponencia de Aptent en El D\u00eda del Emprendedor - Aptent Soluciones. Subtitulado y audiodescripci\u00f3n.<\/title>\n<meta name=\"robots\" content=\"index, follow, max-snippet:-1, max-image-preview:large, max-video-preview:-1\" \/>\n<link rel=\"canonical\" href=\"https:\/\/aptent.es\/exito-en-la-ponencia-de-aptent-en-el-dia-del-emprendedor\/\" \/>\n<meta property=\"og:locale\" content=\"ca_ES\" \/>\n<meta property=\"og:type\" content=\"article\" \/>\n<meta property=\"og:title\" content=\"\u00c9xito en la ponencia de Aptent en El D\u00eda del Emprendedor - Aptent Soluciones. Subtitulado y audiodescripci\u00f3n.\" \/>\n<meta property=\"og:description\" content=\"El pasado lunes 8 de abril estuvimos, con motivo del D\u00eda del Emprendedor que se celebraba en la Comunidad de Madrid, en el Centro de Formaci\u00f3n en Tecnolog\u00edas de la Informaci\u00f3n y las Comunicaciones dando una breve charla sobre Aptent y nuestro proyecto Teatro Accesible. Diego Carrero, Co &#8211; Fundador y Director T\u00e9cnico de Aptent [&hellip;]\" \/>\n<meta property=\"og:url\" content=\"https:\/\/aptent.es\/exito-en-la-ponencia-de-aptent-en-el-dia-del-emprendedor\/\" \/>\n<meta property=\"og:site_name\" content=\"Aptent Soluciones. Subtitulado y audiodescripci\u00f3n.\" \/>\n<meta property=\"article:published_time\" content=\"2013-04-09T10:32:04+00:00\" \/>\n<meta property=\"article:modified_time\" content=\"2024-05-24T12:35:04+00:00\" \/>\n<meta property=\"og:image\" content=\"https:\/\/aptent.es\/wp-content\/uploads\/2013\/04\/Diego-Expo1-e1367437865136.jpg\" \/>\n\t<meta property=\"og:image:width\" content=\"470\" \/>\n\t<meta property=\"og:image:height\" content=\"627\" \/>\n\t<meta property=\"og:image:type\" content=\"image\/jpeg\" \/>\n<meta name=\"author\" content=\"Beatriz Lerones\" \/>\n<meta name=\"twitter:card\" content=\"summary_large_image\" \/>\n<meta name=\"twitter:label1\" content=\"Escrit per\" \/>\n\t<meta name=\"twitter:data1\" content=\"Beatriz Lerones\" \/>\n\t<meta name=\"twitter:label2\" content=\"Temps estimat de lectura\" \/>\n\t<meta name=\"twitter:data2\" content=\"1 minut\" \/>\n<script type=\"application\/ld+json\" class=\"yoast-schema-graph\">{\"@context\":\"https:\\\/\\\/schema.org\",\"@graph\":[{\"@type\":\"Article\",\"@id\":\"https:\\\/\\\/aptent.es\\\/exito-en-la-ponencia-de-aptent-en-el-dia-del-emprendedor\\\/#article\",\"isPartOf\":{\"@id\":\"https:\\\/\\\/aptent.es\\\/exito-en-la-ponencia-de-aptent-en-el-dia-del-emprendedor\\\/\"},\"author\":{\"name\":\"Beatriz Lerones\",\"@id\":\"https:\\\/\\\/aptent.es\\\/#\\\/schema\\\/person\\\/6e99ccba3c9cd4f73750645a1b442c4a\"},\"headline\":\"\u00c9xito en la ponencia de Aptent en El D\u00eda del Emprendedor\",\"datePublished\":\"2013-04-09T10:32:04+00:00\",\"dateModified\":\"2024-05-24T12:35:04+00:00\",\"mainEntityOfPage\":{\"@id\":\"https:\\\/\\\/aptent.es\\\/exito-en-la-ponencia-de-aptent-en-el-dia-del-emprendedor\\\/\"},\"wordCount\":282,\"commentCount\":0,\"image\":{\"@id\":\"https:\\\/\\\/aptent.es\\\/exito-en-la-ponencia-de-aptent-en-el-dia-del-emprendedor\\\/#primaryimage\"},\"thumbnailUrl\":\"https:\\\/\\\/aptent.es\\\/wp-content\\\/uploads\\\/2013\\\/04\\\/Diego-Expo1-e1367437865136.jpg\",\"keywords\":[\"Aptent\",\"Congresos\",\"D\u00eda del emprendedor\",\"Emprendimiento\",\"Empresas\",\"Eventos\",\"Teatro Accesible\",\"Tecnolog\u00eda\"],\"articleSection\":[\"Noticias\"],\"inLanguage\":\"ca\",\"potentialAction\":[{\"@type\":\"CommentAction\",\"name\":\"Comment\",\"target\":[\"https:\\\/\\\/aptent.es\\\/exito-en-la-ponencia-de-aptent-en-el-dia-del-emprendedor\\\/#respond\"]}]},{\"@type\":\"WebPage\",\"@id\":\"https:\\\/\\\/aptent.es\\\/exito-en-la-ponencia-de-aptent-en-el-dia-del-emprendedor\\\/\",\"url\":\"https:\\\/\\\/aptent.es\\\/exito-en-la-ponencia-de-aptent-en-el-dia-del-emprendedor\\\/\",\"name\":\"\u00c9xito en la ponencia de Aptent en El D\u00eda del Emprendedor - Aptent Soluciones. Subtitulado y audiodescripci\u00f3n.\",\"isPartOf\":{\"@id\":\"https:\\\/\\\/aptent.es\\\/#website\"},\"primaryImageOfPage\":{\"@id\":\"https:\\\/\\\/aptent.es\\\/exito-en-la-ponencia-de-aptent-en-el-dia-del-emprendedor\\\/#primaryimage\"},\"image\":{\"@id\":\"https:\\\/\\\/aptent.es\\\/exito-en-la-ponencia-de-aptent-en-el-dia-del-emprendedor\\\/#primaryimage\"},\"thumbnailUrl\":\"https:\\\/\\\/aptent.es\\\/wp-content\\\/uploads\\\/2013\\\/04\\\/Diego-Expo1-e1367437865136.jpg\",\"datePublished\":\"2013-04-09T10:32:04+00:00\",\"dateModified\":\"2024-05-24T12:35:04+00:00\",\"author\":{\"@id\":\"https:\\\/\\\/aptent.es\\\/#\\\/schema\\\/person\\\/6e99ccba3c9cd4f73750645a1b442c4a\"},\"breadcrumb\":{\"@id\":\"https:\\\/\\\/aptent.es\\\/exito-en-la-ponencia-de-aptent-en-el-dia-del-emprendedor\\\/#breadcrumb\"},\"inLanguage\":\"ca\",\"potentialAction\":[{\"@type\":\"ReadAction\",\"target\":[\"https:\\\/\\\/aptent.es\\\/exito-en-la-ponencia-de-aptent-en-el-dia-del-emprendedor\\\/\"]}]},{\"@type\":\"ImageObject\",\"inLanguage\":\"ca\",\"@id\":\"https:\\\/\\\/aptent.es\\\/exito-en-la-ponencia-de-aptent-en-el-dia-del-emprendedor\\\/#primaryimage\",\"url\":\"https:\\\/\\\/aptent.es\\\/wp-content\\\/uploads\\\/2013\\\/04\\\/Diego-Expo1-e1367437865136.jpg\",\"contentUrl\":\"https:\\\/\\\/aptent.es\\\/wp-content\\\/uploads\\\/2013\\\/04\\\/Diego-Expo1-e1367437865136.jpg\",\"width\":470,\"height\":627},{\"@type\":\"BreadcrumbList\",\"@id\":\"https:\\\/\\\/aptent.es\\\/exito-en-la-ponencia-de-aptent-en-el-dia-del-emprendedor\\\/#breadcrumb\",\"itemListElement\":[{\"@type\":\"ListItem\",\"position\":1,\"name\":\"Portada\",\"item\":\"https:\\\/\\\/aptent.es\\\/ca\\\/\"},{\"@type\":\"ListItem\",\"position\":2,\"name\":\"\u00c9xito en la ponencia de Aptent en El D\u00eda del Emprendedor\"}]},{\"@type\":\"WebSite\",\"@id\":\"https:\\\/\\\/aptent.es\\\/#website\",\"url\":\"https:\\\/\\\/aptent.es\\\/\",\"name\":\"Aptent Soluciones. Subtitulado y audiodescripci\u00f3n.\",\"description\":\"Empresa de tecnolog\u00eda y accesibilidad en la comunicaci\u00f3n. Subtitulado para sordos en directo, traducci\u00f3n, audiodescripci\u00f3n, sistema FM y bucle magn\u00e9tico.\",\"potentialAction\":[{\"@type\":\"SearchAction\",\"target\":{\"@type\":\"EntryPoint\",\"urlTemplate\":\"https:\\\/\\\/aptent.es\\\/?s={search_term_string}\"},\"query-input\":{\"@type\":\"PropertyValueSpecification\",\"valueRequired\":true,\"valueName\":\"search_term_string\"}}],\"inLanguage\":\"ca\"},{\"@type\":\"Person\",\"@id\":\"https:\\\/\\\/aptent.es\\\/#\\\/schema\\\/person\\\/6e99ccba3c9cd4f73750645a1b442c4a\",\"name\":\"Beatriz Lerones\",\"image\":{\"@type\":\"ImageObject\",\"inLanguage\":\"ca\",\"@id\":\"https:\\\/\\\/secure.gravatar.com\\\/avatar\\\/edf99074cac7bd706e13f3e9ad07e8e05c09967ba9e305434c5a09850b1ab0f4?s=96&d=mm&r=g\",\"url\":\"https:\\\/\\\/secure.gravatar.com\\\/avatar\\\/edf99074cac7bd706e13f3e9ad07e8e05c09967ba9e305434c5a09850b1ab0f4?s=96&d=mm&r=g\",\"contentUrl\":\"https:\\\/\\\/secure.gravatar.com\\\/avatar\\\/edf99074cac7bd706e13f3e9ad07e8e05c09967ba9e305434c5a09850b1ab0f4?s=96&d=mm&r=g\",\"caption\":\"Beatriz Lerones\"}}]}<\/script>\n<!-- \/ Yoast SEO plugin. -->","yoast_head_json":{"title":"\u00c9xito en la ponencia de Aptent en El D\u00eda del Emprendedor - Aptent Soluciones. Subtitulado y audiodescripci\u00f3n.","robots":{"index":"index","follow":"follow","max-snippet":"max-snippet:-1","max-image-preview":"max-image-preview:large","max-video-preview":"max-video-preview:-1"},"canonical":"https:\/\/aptent.es\/exito-en-la-ponencia-de-aptent-en-el-dia-del-emprendedor\/","og_locale":"ca_ES","og_type":"article","og_title":"\u00c9xito en la ponencia de Aptent en El D\u00eda del Emprendedor - Aptent Soluciones. Subtitulado y audiodescripci\u00f3n.","og_description":"El pasado lunes 8 de abril estuvimos, con motivo del D\u00eda del Emprendedor que se celebraba en la Comunidad de Madrid, en el Centro de Formaci\u00f3n en Tecnolog\u00edas de la Informaci\u00f3n y las Comunicaciones dando una breve charla sobre Aptent y nuestro proyecto Teatro Accesible. Diego Carrero, Co &#8211; Fundador y Director T\u00e9cnico de Aptent [&hellip;]","og_url":"https:\/\/aptent.es\/exito-en-la-ponencia-de-aptent-en-el-dia-del-emprendedor\/","og_site_name":"Aptent Soluciones. Subtitulado y audiodescripci\u00f3n.","article_published_time":"2013-04-09T10:32:04+00:00","article_modified_time":"2024-05-24T12:35:04+00:00","og_image":[{"width":470,"height":627,"url":"https:\/\/aptent.es\/wp-content\/uploads\/2013\/04\/Diego-Expo1-e1367437865136.jpg","type":"image\/jpeg"}],"author":"Beatriz Lerones","twitter_card":"summary_large_image","twitter_misc":{"Escrit per":"Beatriz Lerones","Temps estimat de lectura":"1 minut"},"schema":{"@context":"https:\/\/schema.org","@graph":[{"@type":"Article","@id":"https:\/\/aptent.es\/exito-en-la-ponencia-de-aptent-en-el-dia-del-emprendedor\/#article","isPartOf":{"@id":"https:\/\/aptent.es\/exito-en-la-ponencia-de-aptent-en-el-dia-del-emprendedor\/"},"author":{"name":"Beatriz Lerones","@id":"https:\/\/aptent.es\/#\/schema\/person\/6e99ccba3c9cd4f73750645a1b442c4a"},"headline":"\u00c9xito en la ponencia de Aptent en El D\u00eda del Emprendedor","datePublished":"2013-04-09T10:32:04+00:00","dateModified":"2024-05-24T12:35:04+00:00","mainEntityOfPage":{"@id":"https:\/\/aptent.es\/exito-en-la-ponencia-de-aptent-en-el-dia-del-emprendedor\/"},"wordCount":282,"commentCount":0,"image":{"@id":"https:\/\/aptent.es\/exito-en-la-ponencia-de-aptent-en-el-dia-del-emprendedor\/#primaryimage"},"thumbnailUrl":"https:\/\/aptent.es\/wp-content\/uploads\/2013\/04\/Diego-Expo1-e1367437865136.jpg","keywords":["Aptent","Congresos","D\u00eda del emprendedor","Emprendimiento","Empresas","Eventos","Teatro Accesible","Tecnolog\u00eda"],"articleSection":["Noticias"],"inLanguage":"ca","potentialAction":[{"@type":"CommentAction","name":"Comment","target":["https:\/\/aptent.es\/exito-en-la-ponencia-de-aptent-en-el-dia-del-emprendedor\/#respond"]}]},{"@type":"WebPage","@id":"https:\/\/aptent.es\/exito-en-la-ponencia-de-aptent-en-el-dia-del-emprendedor\/","url":"https:\/\/aptent.es\/exito-en-la-ponencia-de-aptent-en-el-dia-del-emprendedor\/","name":"\u00c9xito en la ponencia de Aptent en El D\u00eda del Emprendedor - Aptent Soluciones. Subtitulado y audiodescripci\u00f3n.","isPartOf":{"@id":"https:\/\/aptent.es\/#website"},"primaryImageOfPage":{"@id":"https:\/\/aptent.es\/exito-en-la-ponencia-de-aptent-en-el-dia-del-emprendedor\/#primaryimage"},"image":{"@id":"https:\/\/aptent.es\/exito-en-la-ponencia-de-aptent-en-el-dia-del-emprendedor\/#primaryimage"},"thumbnailUrl":"https:\/\/aptent.es\/wp-content\/uploads\/2013\/04\/Diego-Expo1-e1367437865136.jpg","datePublished":"2013-04-09T10:32:04+00:00","dateModified":"2024-05-24T12:35:04+00:00","author":{"@id":"https:\/\/aptent.es\/#\/schema\/person\/6e99ccba3c9cd4f73750645a1b442c4a"},"breadcrumb":{"@id":"https:\/\/aptent.es\/exito-en-la-ponencia-de-aptent-en-el-dia-del-emprendedor\/#breadcrumb"},"inLanguage":"ca","potentialAction":[{"@type":"ReadAction","target":["https:\/\/aptent.es\/exito-en-la-ponencia-de-aptent-en-el-dia-del-emprendedor\/"]}]},{"@type":"ImageObject","inLanguage":"ca","@id":"https:\/\/aptent.es\/exito-en-la-ponencia-de-aptent-en-el-dia-del-emprendedor\/#primaryimage","url":"https:\/\/aptent.es\/wp-content\/uploads\/2013\/04\/Diego-Expo1-e1367437865136.jpg","contentUrl":"https:\/\/aptent.es\/wp-content\/uploads\/2013\/04\/Diego-Expo1-e1367437865136.jpg","width":470,"height":627},{"@type":"BreadcrumbList","@id":"https:\/\/aptent.es\/exito-en-la-ponencia-de-aptent-en-el-dia-del-emprendedor\/#breadcrumb","itemListElement":[{"@type":"ListItem","position":1,"name":"Portada","item":"https:\/\/aptent.es\/ca\/"},{"@type":"ListItem","position":2,"name":"\u00c9xito en la ponencia de Aptent en El D\u00eda del Emprendedor"}]},{"@type":"WebSite","@id":"https:\/\/aptent.es\/#website","url":"https:\/\/aptent.es\/","name":"Aptent Soluciones. Subtitulado y audiodescripci\u00f3n.","description":"Empresa de tecnolog\u00eda y accesibilidad en la comunicaci\u00f3n. Subtitulado para sordos en directo, traducci\u00f3n, audiodescripci\u00f3n, sistema FM y bucle magn\u00e9tico.","potentialAction":[{"@type":"SearchAction","target":{"@type":"EntryPoint","urlTemplate":"https:\/\/aptent.es\/?s={search_term_string}"},"query-input":{"@type":"PropertyValueSpecification","valueRequired":true,"valueName":"search_term_string"}}],"inLanguage":"ca"},{"@type":"Person","@id":"https:\/\/aptent.es\/#\/schema\/person\/6e99ccba3c9cd4f73750645a1b442c4a","name":"Beatriz Lerones","image":{"@type":"ImageObject","inLanguage":"ca","@id":"https:\/\/secure.gravatar.com\/avatar\/edf99074cac7bd706e13f3e9ad07e8e05c09967ba9e305434c5a09850b1ab0f4?s=96&d=mm&r=g","url":"https:\/\/secure.gravatar.com\/avatar\/edf99074cac7bd706e13f3e9ad07e8e05c09967ba9e305434c5a09850b1ab0f4?s=96&d=mm&r=g","contentUrl":"https:\/\/secure.gravatar.com\/avatar\/edf99074cac7bd706e13f3e9ad07e8e05c09967ba9e305434c5a09850b1ab0f4?s=96&d=mm&r=g","caption":"Beatriz Lerones"}}]}},"_links":{"self":[{"href":"https:\/\/aptent.es\/ca\/wp-json\/wp\/v2\/posts\/7893","targetHints":{"allow":["GET"]}}],"collection":[{"href":"https:\/\/aptent.es\/ca\/wp-json\/wp\/v2\/posts"}],"about":[{"href":"https:\/\/aptent.es\/ca\/wp-json\/wp\/v2\/types\/post"}],"author":[{"embeddable":true,"href":"https:\/\/aptent.es\/ca\/wp-json\/wp\/v2\/users\/2"}],"replies":[{"embeddable":true,"href":"https:\/\/aptent.es\/ca\/wp-json\/wp\/v2\/comments?post=7893"}],"version-history":[{"count":1,"href":"https:\/\/aptent.es\/ca\/wp-json\/wp\/v2\/posts\/7893\/revisions"}],"predecessor-version":[{"id":8784,"href":"https:\/\/aptent.es\/ca\/wp-json\/wp\/v2\/posts\/7893\/revisions\/8784"}],"wp:featuredmedia":[{"embeddable":true,"href":"https:\/\/aptent.es\/ca\/wp-json\/wp\/v2\/media\/7894"}],"wp:attachment":[{"href":"https:\/\/aptent.es\/ca\/wp-json\/wp\/v2\/media?parent=7893"}],"wp:term":[{"taxonomy":"category","embeddable":true,"href":"https:\/\/aptent.es\/ca\/wp-json\/wp\/v2\/categories?post=7893"},{"taxonomy":"post_tag","embeddable":true,"href":"https:\/\/aptent.es\/ca\/wp-json\/wp\/v2\/tags?post=7893"}],"curies":[{"name":"wp","href":"https:\/\/api.w.org\/{rel}","templated":true}]}}