{"id":7746,"date":"2017-09-26T09:59:02","date_gmt":"2017-09-26T07:59:02","guid":{"rendered":"http:\/\/aptent.es\/?p=5065"},"modified":"2024-05-24T14:01:47","modified_gmt":"2024-05-24T12:01:47","slug":"arranca-la-septima-temporada-de-teatro-accesible","status":"publish","type":"post","link":"https:\/\/aptent.es\/ca\/arranca-la-septima-temporada-de-teatro-accesible\/","title":{"rendered":"Arranca la s\u00e9ptima temporada de Teatro Accesible"},"content":{"rendered":"<p style=\"text-align: justify;\">Comienzan a caerse las primeras hojas de los \u00e1rboles, los d\u00edas se vuelven algo m\u00e1s fr\u00edos y aquellas terrazas de agosto se convierten en tardes de t\u00e9 y lectura. Termina el verano y con el oto\u00f1o empieza una nueva temporada &#8211; \u00a1la s\u00e9ptima!- del proyecto Teatro Accesible que tiene como objetivo que te vuelvas a <strong>enamorar del teatro<\/strong>.<\/p>\n<p style=\"text-align: justify;\">Esta temporada renovamos por s\u00e9ptimo a\u00f1o consecutivo nuestra colaboraci\u00f3n con Fundaci\u00f3n Vodafone Espa\u00f1a y el Centro Rehabilitaci\u00f3n Laboral Nueva Vida para dar forma a la siguiente entrega del proyecto Teatro Accesible. As\u00ed, gracias a esta triple alianza, desde 2012 podemos ofrecer <strong>subtitulado, audiodescripci\u00f3n, bucle magn\u00e9tico individual y sonido de sala amplificado<\/strong> para que las <strong>personas con discapacidad auditiva, visual y personas mayores puedan disfrutar de las artes esc\u00e9nicas<\/strong>.<\/p>\n<p style=\"text-align: justify;\">Entre los teatros comprometidos con la accesibilidad de sus programaci\u00f3n, repiten los Teatros del Canal, el Centro Dram\u00e1tico Nacional, el Teatro de la Zarzuela, el Teatro Espa\u00f1ol, el Teatro Bellas Artes y el Teatro de la Abad\u00eda en Madrid. En Barcelona por su parte, contin\u00faan el Teatre Nacional de Catalunya, el Teatre Goya y el Teatre Condal.<\/p>\n<p style=\"text-align: justify;\">Las personas con discapacidad auditiva, visual y mayores podr\u00e1n disfrutar adem\u00e1s del teatro para todos en <strong>nuevas ciudades<\/strong>: Alcobendas (Madrid) en el Teatro Auditorio de Alcobendas, Valladolid \u00a0a trav\u00e9s del Teatro Calder\u00f3n y Gij\u00f3n mediante el Teatro Jovellanos, entre otros. Afortunadamente la lista de <strong>entidades comprometidas con la accesibilidad para personas con discapacidad sensorial sigue aumentando<\/strong> y es probable que conforme pasen los meses,\u00a0aumenten las incorporaciones.<\/p>\n<p style=\"text-align: justify;\">Adem\u00e1s, esta temporada mantendremos algunas de las iniciativas que m\u00e1s nos gustan,\u00a0como son las <strong>visitas t\u00e1ctiles en el Teatro de la Zarzuela<\/strong> para personas con discapacidad visual. Tambi\u00e9n ofreceremos una funci\u00f3n con <strong>accesibilidad cognitiva para personas con discapacidad intelectual<\/strong>, siguiendo el camino que iniciamos hace un par de a\u00f1os.<\/p>\n<p style=\"text-align: justify;\"><strong>M\u00e1s de 5500 personas han disfrutado de alguna de las funciones de Teatro Accesible<\/strong>\u00a0que hemos ofrecido en todo el pa\u00eds desde finales de 2012. Intentemos entre todos que este a\u00f1o sean muchas m\u00e1s.<\/p>\n<p style=\"text-align: justify;\">\u00a1Nosotros ya estamos listos! Puedes consultar toda la programaci\u00f3n en la p\u00e1gina web de <a href=\"http:\/\/www.teatroaccesible.com\"><strong>Teatro Accesible<\/strong><\/a>.<\/p>\n<p style=\"text-align: justify;\">\u00bfLevantamos el tel\u00f3n? \ud83d\ude42<\/p>\n<p>&nbsp;<\/p>\n","protected":false},"excerpt":{"rendered":"<p>Comienzan a caerse las primeras hojas de los \u00e1rboles, los d\u00edas se vuelven algo m\u00e1s fr\u00edos y aquellas terrazas de agosto se convierten en tardes de t\u00e9 y lectura. Termina el verano y con el oto\u00f1o empieza una nueva temporada &#8211; \u00a1la s\u00e9ptima!- del proyecto Teatro Accesible que tiene como objetivo que te vuelvas a enamorar del teatro.<\/p>\n","protected":false},"author":2,"featured_media":7154,"comment_status":"open","ping_status":"open","sticky":false,"template":"","format":"standard","meta":{"_et_pb_use_builder":"","_et_pb_old_content":"","_et_gb_content_width":"","footnotes":""},"categories":[47,126],"tags":[18,114,25,125,104,180,22,39,181],"class_list":["post-7746","post","type-post","status-publish","format-standard","has-post-thumbnail","hentry","category-accesibilidad-comunicacion","category-teatro-accesible","tag-accesibilidad","tag-artes-escenicas","tag-audiodescripcion","tag-nueva-temporada","tag-personas-con-discapacidad","tag-septima-temporada","tag-subtitulado","tag-teatro-accesible","tag-teatro-para-todos"],"yoast_head":"<!-- This site is optimized with the Yoast SEO plugin v27.5 - https:\/\/yoast.com\/product\/yoast-seo-wordpress\/ -->\n<title>Arranca la s\u00e9ptima temporada de Teatro Accesible - Aptent Soluciones. Subtitulado y audiodescripci\u00f3n.<\/title>\n<meta name=\"robots\" content=\"index, follow, max-snippet:-1, max-image-preview:large, max-video-preview:-1\" \/>\n<link rel=\"canonical\" href=\"https:\/\/aptent.es\/arranca-la-septima-temporada-de-teatro-accesible\/\" \/>\n<meta property=\"og:locale\" content=\"ca_ES\" \/>\n<meta property=\"og:type\" content=\"article\" \/>\n<meta property=\"og:title\" content=\"Arranca la s\u00e9ptima temporada de Teatro Accesible - Aptent Soluciones. Subtitulado y audiodescripci\u00f3n.\" \/>\n<meta property=\"og:description\" content=\"Comienzan a caerse las primeras hojas de los \u00e1rboles, los d\u00edas se vuelven algo m\u00e1s fr\u00edos y aquellas terrazas de agosto se convierten en tardes de t\u00e9 y lectura. Termina el verano y con el oto\u00f1o empieza una nueva temporada - \u00a1la s\u00e9ptima!- del proyecto Teatro Accesible que tiene como objetivo que te vuelvas a enamorar del teatro.\" \/>\n<meta property=\"og:url\" content=\"https:\/\/aptent.es\/arranca-la-septima-temporada-de-teatro-accesible\/\" \/>\n<meta property=\"og:site_name\" content=\"Aptent Soluciones. Subtitulado y audiodescripci\u00f3n.\" \/>\n<meta property=\"article:published_time\" content=\"2017-09-26T07:59:02+00:00\" \/>\n<meta property=\"article:modified_time\" content=\"2024-05-24T12:01:47+00:00\" \/>\n<meta property=\"og:image\" content=\"https:\/\/aptent.es\/wp-content\/uploads\/2017\/09\/blog-yaestamos-e1506415652793.jpg\" \/>\n\t<meta property=\"og:image:width\" content=\"663\" \/>\n\t<meta property=\"og:image:height\" content=\"416\" \/>\n\t<meta property=\"og:image:type\" content=\"image\/jpeg\" \/>\n<meta name=\"author\" content=\"Beatriz Lerones\" \/>\n<meta name=\"twitter:card\" content=\"summary_large_image\" \/>\n<meta name=\"twitter:label1\" content=\"Escrit per\" \/>\n\t<meta name=\"twitter:data1\" content=\"Beatriz Lerones\" \/>\n\t<meta name=\"twitter:label2\" content=\"Temps estimat de lectura\" \/>\n\t<meta name=\"twitter:data2\" content=\"2 minuts\" \/>\n<script type=\"application\/ld+json\" class=\"yoast-schema-graph\">{\"@context\":\"https:\\\/\\\/schema.org\",\"@graph\":[{\"@type\":\"Article\",\"@id\":\"https:\\\/\\\/aptent.es\\\/arranca-la-septima-temporada-de-teatro-accesible\\\/#article\",\"isPartOf\":{\"@id\":\"https:\\\/\\\/aptent.es\\\/arranca-la-septima-temporada-de-teatro-accesible\\\/\"},\"author\":{\"name\":\"Beatriz Lerones\",\"@id\":\"https:\\\/\\\/aptent.es\\\/#\\\/schema\\\/person\\\/6e99ccba3c9cd4f73750645a1b442c4a\"},\"headline\":\"Arranca la s\u00e9ptima temporada de Teatro Accesible\",\"datePublished\":\"2017-09-26T07:59:02+00:00\",\"dateModified\":\"2024-05-24T12:01:47+00:00\",\"mainEntityOfPage\":{\"@id\":\"https:\\\/\\\/aptent.es\\\/arranca-la-septima-temporada-de-teatro-accesible\\\/\"},\"wordCount\":397,\"commentCount\":0,\"image\":{\"@id\":\"https:\\\/\\\/aptent.es\\\/arranca-la-septima-temporada-de-teatro-accesible\\\/#primaryimage\"},\"thumbnailUrl\":\"https:\\\/\\\/aptent.es\\\/wp-content\\\/uploads\\\/2017\\\/09\\\/blog-yaestamos-e1506415652793.jpg\",\"keywords\":[\"Accesibilidad\",\"artes esc\u00e9nicas\",\"Audiodescripci\u00f3n\",\"nueva temporada\",\"personas con discapacidad\",\"s\u00e9ptima temporada\",\"Subtitulado\",\"Teatro Accesible\",\"teatro para todos\"],\"articleSection\":[\"Accesibilidad a la comunicaci\u00f3n\",\"Teatro Accesible\"],\"inLanguage\":\"ca\",\"potentialAction\":[{\"@type\":\"CommentAction\",\"name\":\"Comment\",\"target\":[\"https:\\\/\\\/aptent.es\\\/arranca-la-septima-temporada-de-teatro-accesible\\\/#respond\"]}]},{\"@type\":\"WebPage\",\"@id\":\"https:\\\/\\\/aptent.es\\\/arranca-la-septima-temporada-de-teatro-accesible\\\/\",\"url\":\"https:\\\/\\\/aptent.es\\\/arranca-la-septima-temporada-de-teatro-accesible\\\/\",\"name\":\"Arranca la s\u00e9ptima temporada de Teatro Accesible - Aptent Soluciones. Subtitulado y audiodescripci\u00f3n.\",\"isPartOf\":{\"@id\":\"https:\\\/\\\/aptent.es\\\/#website\"},\"primaryImageOfPage\":{\"@id\":\"https:\\\/\\\/aptent.es\\\/arranca-la-septima-temporada-de-teatro-accesible\\\/#primaryimage\"},\"image\":{\"@id\":\"https:\\\/\\\/aptent.es\\\/arranca-la-septima-temporada-de-teatro-accesible\\\/#primaryimage\"},\"thumbnailUrl\":\"https:\\\/\\\/aptent.es\\\/wp-content\\\/uploads\\\/2017\\\/09\\\/blog-yaestamos-e1506415652793.jpg\",\"datePublished\":\"2017-09-26T07:59:02+00:00\",\"dateModified\":\"2024-05-24T12:01:47+00:00\",\"author\":{\"@id\":\"https:\\\/\\\/aptent.es\\\/#\\\/schema\\\/person\\\/6e99ccba3c9cd4f73750645a1b442c4a\"},\"breadcrumb\":{\"@id\":\"https:\\\/\\\/aptent.es\\\/arranca-la-septima-temporada-de-teatro-accesible\\\/#breadcrumb\"},\"inLanguage\":\"ca\",\"potentialAction\":[{\"@type\":\"ReadAction\",\"target\":[\"https:\\\/\\\/aptent.es\\\/arranca-la-septima-temporada-de-teatro-accesible\\\/\"]}]},{\"@type\":\"ImageObject\",\"inLanguage\":\"ca\",\"@id\":\"https:\\\/\\\/aptent.es\\\/arranca-la-septima-temporada-de-teatro-accesible\\\/#primaryimage\",\"url\":\"https:\\\/\\\/aptent.es\\\/wp-content\\\/uploads\\\/2017\\\/09\\\/blog-yaestamos-e1506415652793.jpg\",\"contentUrl\":\"https:\\\/\\\/aptent.es\\\/wp-content\\\/uploads\\\/2017\\\/09\\\/blog-yaestamos-e1506415652793.jpg\",\"width\":663,\"height\":416},{\"@type\":\"BreadcrumbList\",\"@id\":\"https:\\\/\\\/aptent.es\\\/arranca-la-septima-temporada-de-teatro-accesible\\\/#breadcrumb\",\"itemListElement\":[{\"@type\":\"ListItem\",\"position\":1,\"name\":\"Portada\",\"item\":\"https:\\\/\\\/aptent.es\\\/ca\\\/\"},{\"@type\":\"ListItem\",\"position\":2,\"name\":\"Arranca la s\u00e9ptima temporada de Teatro Accesible\"}]},{\"@type\":\"WebSite\",\"@id\":\"https:\\\/\\\/aptent.es\\\/#website\",\"url\":\"https:\\\/\\\/aptent.es\\\/\",\"name\":\"Aptent Soluciones. Subtitulado y audiodescripci\u00f3n.\",\"description\":\"Empresa de tecnolog\u00eda y accesibilidad en la comunicaci\u00f3n. Subtitulado para sordos en directo, traducci\u00f3n, audiodescripci\u00f3n, sistema FM y bucle magn\u00e9tico.\",\"potentialAction\":[{\"@type\":\"SearchAction\",\"target\":{\"@type\":\"EntryPoint\",\"urlTemplate\":\"https:\\\/\\\/aptent.es\\\/?s={search_term_string}\"},\"query-input\":{\"@type\":\"PropertyValueSpecification\",\"valueRequired\":true,\"valueName\":\"search_term_string\"}}],\"inLanguage\":\"ca\"},{\"@type\":\"Person\",\"@id\":\"https:\\\/\\\/aptent.es\\\/#\\\/schema\\\/person\\\/6e99ccba3c9cd4f73750645a1b442c4a\",\"name\":\"Beatriz Lerones\",\"image\":{\"@type\":\"ImageObject\",\"inLanguage\":\"ca\",\"@id\":\"https:\\\/\\\/secure.gravatar.com\\\/avatar\\\/edf99074cac7bd706e13f3e9ad07e8e05c09967ba9e305434c5a09850b1ab0f4?s=96&d=mm&r=g\",\"url\":\"https:\\\/\\\/secure.gravatar.com\\\/avatar\\\/edf99074cac7bd706e13f3e9ad07e8e05c09967ba9e305434c5a09850b1ab0f4?s=96&d=mm&r=g\",\"contentUrl\":\"https:\\\/\\\/secure.gravatar.com\\\/avatar\\\/edf99074cac7bd706e13f3e9ad07e8e05c09967ba9e305434c5a09850b1ab0f4?s=96&d=mm&r=g\",\"caption\":\"Beatriz Lerones\"}}]}<\/script>\n<!-- \/ Yoast SEO plugin. -->","yoast_head_json":{"title":"Arranca la s\u00e9ptima temporada de Teatro Accesible - Aptent Soluciones. Subtitulado y audiodescripci\u00f3n.","robots":{"index":"index","follow":"follow","max-snippet":"max-snippet:-1","max-image-preview":"max-image-preview:large","max-video-preview":"max-video-preview:-1"},"canonical":"https:\/\/aptent.es\/arranca-la-septima-temporada-de-teatro-accesible\/","og_locale":"ca_ES","og_type":"article","og_title":"Arranca la s\u00e9ptima temporada de Teatro Accesible - Aptent Soluciones. Subtitulado y audiodescripci\u00f3n.","og_description":"Comienzan a caerse las primeras hojas de los \u00e1rboles, los d\u00edas se vuelven algo m\u00e1s fr\u00edos y aquellas terrazas de agosto se convierten en tardes de t\u00e9 y lectura. Termina el verano y con el oto\u00f1o empieza una nueva temporada - \u00a1la s\u00e9ptima!- del proyecto Teatro Accesible que tiene como objetivo que te vuelvas a enamorar del teatro.","og_url":"https:\/\/aptent.es\/arranca-la-septima-temporada-de-teatro-accesible\/","og_site_name":"Aptent Soluciones. Subtitulado y audiodescripci\u00f3n.","article_published_time":"2017-09-26T07:59:02+00:00","article_modified_time":"2024-05-24T12:01:47+00:00","og_image":[{"width":663,"height":416,"url":"https:\/\/aptent.es\/wp-content\/uploads\/2017\/09\/blog-yaestamos-e1506415652793.jpg","type":"image\/jpeg"}],"author":"Beatriz Lerones","twitter_card":"summary_large_image","twitter_misc":{"Escrit per":"Beatriz Lerones","Temps estimat de lectura":"2 minuts"},"schema":{"@context":"https:\/\/schema.org","@graph":[{"@type":"Article","@id":"https:\/\/aptent.es\/arranca-la-septima-temporada-de-teatro-accesible\/#article","isPartOf":{"@id":"https:\/\/aptent.es\/arranca-la-septima-temporada-de-teatro-accesible\/"},"author":{"name":"Beatriz Lerones","@id":"https:\/\/aptent.es\/#\/schema\/person\/6e99ccba3c9cd4f73750645a1b442c4a"},"headline":"Arranca la s\u00e9ptima temporada de Teatro Accesible","datePublished":"2017-09-26T07:59:02+00:00","dateModified":"2024-05-24T12:01:47+00:00","mainEntityOfPage":{"@id":"https:\/\/aptent.es\/arranca-la-septima-temporada-de-teatro-accesible\/"},"wordCount":397,"commentCount":0,"image":{"@id":"https:\/\/aptent.es\/arranca-la-septima-temporada-de-teatro-accesible\/#primaryimage"},"thumbnailUrl":"https:\/\/aptent.es\/wp-content\/uploads\/2017\/09\/blog-yaestamos-e1506415652793.jpg","keywords":["Accesibilidad","artes esc\u00e9nicas","Audiodescripci\u00f3n","nueva temporada","personas con discapacidad","s\u00e9ptima temporada","Subtitulado","Teatro Accesible","teatro para todos"],"articleSection":["Accesibilidad a la comunicaci\u00f3n","Teatro Accesible"],"inLanguage":"ca","potentialAction":[{"@type":"CommentAction","name":"Comment","target":["https:\/\/aptent.es\/arranca-la-septima-temporada-de-teatro-accesible\/#respond"]}]},{"@type":"WebPage","@id":"https:\/\/aptent.es\/arranca-la-septima-temporada-de-teatro-accesible\/","url":"https:\/\/aptent.es\/arranca-la-septima-temporada-de-teatro-accesible\/","name":"Arranca la s\u00e9ptima temporada de Teatro Accesible - Aptent Soluciones. Subtitulado y audiodescripci\u00f3n.","isPartOf":{"@id":"https:\/\/aptent.es\/#website"},"primaryImageOfPage":{"@id":"https:\/\/aptent.es\/arranca-la-septima-temporada-de-teatro-accesible\/#primaryimage"},"image":{"@id":"https:\/\/aptent.es\/arranca-la-septima-temporada-de-teatro-accesible\/#primaryimage"},"thumbnailUrl":"https:\/\/aptent.es\/wp-content\/uploads\/2017\/09\/blog-yaestamos-e1506415652793.jpg","datePublished":"2017-09-26T07:59:02+00:00","dateModified":"2024-05-24T12:01:47+00:00","author":{"@id":"https:\/\/aptent.es\/#\/schema\/person\/6e99ccba3c9cd4f73750645a1b442c4a"},"breadcrumb":{"@id":"https:\/\/aptent.es\/arranca-la-septima-temporada-de-teatro-accesible\/#breadcrumb"},"inLanguage":"ca","potentialAction":[{"@type":"ReadAction","target":["https:\/\/aptent.es\/arranca-la-septima-temporada-de-teatro-accesible\/"]}]},{"@type":"ImageObject","inLanguage":"ca","@id":"https:\/\/aptent.es\/arranca-la-septima-temporada-de-teatro-accesible\/#primaryimage","url":"https:\/\/aptent.es\/wp-content\/uploads\/2017\/09\/blog-yaestamos-e1506415652793.jpg","contentUrl":"https:\/\/aptent.es\/wp-content\/uploads\/2017\/09\/blog-yaestamos-e1506415652793.jpg","width":663,"height":416},{"@type":"BreadcrumbList","@id":"https:\/\/aptent.es\/arranca-la-septima-temporada-de-teatro-accesible\/#breadcrumb","itemListElement":[{"@type":"ListItem","position":1,"name":"Portada","item":"https:\/\/aptent.es\/ca\/"},{"@type":"ListItem","position":2,"name":"Arranca la s\u00e9ptima temporada de Teatro Accesible"}]},{"@type":"WebSite","@id":"https:\/\/aptent.es\/#website","url":"https:\/\/aptent.es\/","name":"Aptent Soluciones. Subtitulado y audiodescripci\u00f3n.","description":"Empresa de tecnolog\u00eda y accesibilidad en la comunicaci\u00f3n. Subtitulado para sordos en directo, traducci\u00f3n, audiodescripci\u00f3n, sistema FM y bucle magn\u00e9tico.","potentialAction":[{"@type":"SearchAction","target":{"@type":"EntryPoint","urlTemplate":"https:\/\/aptent.es\/?s={search_term_string}"},"query-input":{"@type":"PropertyValueSpecification","valueRequired":true,"valueName":"search_term_string"}}],"inLanguage":"ca"},{"@type":"Person","@id":"https:\/\/aptent.es\/#\/schema\/person\/6e99ccba3c9cd4f73750645a1b442c4a","name":"Beatriz Lerones","image":{"@type":"ImageObject","inLanguage":"ca","@id":"https:\/\/secure.gravatar.com\/avatar\/edf99074cac7bd706e13f3e9ad07e8e05c09967ba9e305434c5a09850b1ab0f4?s=96&d=mm&r=g","url":"https:\/\/secure.gravatar.com\/avatar\/edf99074cac7bd706e13f3e9ad07e8e05c09967ba9e305434c5a09850b1ab0f4?s=96&d=mm&r=g","contentUrl":"https:\/\/secure.gravatar.com\/avatar\/edf99074cac7bd706e13f3e9ad07e8e05c09967ba9e305434c5a09850b1ab0f4?s=96&d=mm&r=g","caption":"Beatriz Lerones"}}]}},"_links":{"self":[{"href":"https:\/\/aptent.es\/ca\/wp-json\/wp\/v2\/posts\/7746","targetHints":{"allow":["GET"]}}],"collection":[{"href":"https:\/\/aptent.es\/ca\/wp-json\/wp\/v2\/posts"}],"about":[{"href":"https:\/\/aptent.es\/ca\/wp-json\/wp\/v2\/types\/post"}],"author":[{"embeddable":true,"href":"https:\/\/aptent.es\/ca\/wp-json\/wp\/v2\/users\/2"}],"replies":[{"embeddable":true,"href":"https:\/\/aptent.es\/ca\/wp-json\/wp\/v2\/comments?post=7746"}],"version-history":[{"count":1,"href":"https:\/\/aptent.es\/ca\/wp-json\/wp\/v2\/posts\/7746\/revisions"}],"predecessor-version":[{"id":8736,"href":"https:\/\/aptent.es\/ca\/wp-json\/wp\/v2\/posts\/7746\/revisions\/8736"}],"wp:featuredmedia":[{"embeddable":true,"href":"https:\/\/aptent.es\/ca\/wp-json\/wp\/v2\/media\/7154"}],"wp:attachment":[{"href":"https:\/\/aptent.es\/ca\/wp-json\/wp\/v2\/media?parent=7746"}],"wp:term":[{"taxonomy":"category","embeddable":true,"href":"https:\/\/aptent.es\/ca\/wp-json\/wp\/v2\/categories?post=7746"},{"taxonomy":"post_tag","embeddable":true,"href":"https:\/\/aptent.es\/ca\/wp-json\/wp\/v2\/tags?post=7746"}],"curies":[{"name":"wp","href":"https:\/\/api.w.org\/{rel}","templated":true}]}}