{"id":7743,"date":"2025-02-20T15:10:09","date_gmt":"2025-02-20T14:10:09","guid":{"rendered":"http:\/\/aptent.es\/?p=5090"},"modified":"2025-02-20T16:43:12","modified_gmt":"2025-02-20T15:43:12","slug":"ayudas-auditivas-el-bucle-magnetico-y-el-sistema-de-fm","status":"publish","type":"post","link":"https:\/\/aptent.es\/ca\/ayudas-auditivas-el-bucle-magnetico-y-el-sistema-de-fm\/","title":{"rendered":"El bucle magn\u00e9tico para el teatro"},"content":{"rendered":"\n<p>Seguro que hab\u00e9is escuchado en m\u00e1s de alguna ocasi\u00f3n hablar del &#8220;<strong>bucle magn\u00e9tico<\/strong>&#8221; o de algunas ayudas auditivas para personas con cierto nivel de discapacidad. O personas mayores que no escuchan bien y les cuesta seguir el hilo de la obra de teatro. Hoy os explicamos en qu\u00e9 consisten este tipo de ayudas y sus principales caracter\u00edsticas.<\/p>\n\n\n\n<div style=\"height:9px\" aria-hidden=\"true\" class=\"wp-block-spacer\"><\/div>\n\n\n\n<figure class=\"wp-block-image aligncenter size-large is-resized\"><img decoding=\"async\" src=\"https:\/\/aptent.es\/wp-content\/uploads\/2025\/02\/bucle-de-induccion-magnetica.png\" alt=\"\" style=\"width:100px\"\/><\/figure>\n\n\n\n<div style=\"height:8px\" aria-hidden=\"true\" class=\"wp-block-spacer\"><\/div>\n\n\n\n<h2 class=\"wp-block-heading\"><strong>\u00bfQu\u00e9 es el bucle magn\u00e9tico?<\/strong><\/h2>\n\n\n\n<p>El <strong>bucle magn\u00e9tico es un tipo de ayuda auditiva<\/strong> para personas con discapacidad que utilizan pr\u00f3tesis auditivas compatibles como ciertos aud\u00edfonos e implantes cocleares. Es muy \u00fatil para situaciones en las que el ruido ambiente o la distancia con el interlocutor dificultan la comunicaci\u00f3n, como sucede en un teatro.<\/p>\n\n\n\n<p>El bucle magn\u00e9tico transforma la se\u00f1al de audio durante la obra en un campo magn\u00e9tico que se recibe en las pr\u00f3tesis auditivas con posici\u00f3n T (de \u201cTele-bobina\u201d) . Estos dispositivos tienen una bobina que transforma a su vez el campo magn\u00e9tico en el sonido que finalmente escucha el usuario. As\u00ed, el sonido final est\u00e1 aislado de ruido ambiente, es m\u00e1s limpio y perfectamente inteligible para las personas con problemas auditivos.<\/p>\n\n\n\n<div style=\"height:15px\" aria-hidden=\"true\" class=\"wp-block-spacer\"><\/div>\n\n\n\n<figure class=\"wp-block-image aligncenter size-large is-resized\"><img decoding=\"async\" src=\"https:\/\/aptent.es\/wp-content\/uploads\/2025\/02\/sistema-de-bucle-magnetico.jpg\" alt=\"sistema de bucle magn\u00e9tico\" style=\"width:400px\" title=\"sistema-de-bucle-magn\u00e9tico\"\/><\/figure>\n\n\n\n<div style=\"height:15px\" aria-hidden=\"true\" class=\"wp-block-spacer\"><\/div>\n\n\n\n<h2 class=\"wp-block-heading\"><strong>Sistemas de bucle magn\u00e9tico: tipos y usos<\/strong><\/h2>\n\n\n\n<p>Existen varios tipos de<strong> bucle magn\u00e9tico<\/strong>. Una catalogaci\u00f3n sencilla los distingue seg\u00fan el tipo de instalaci\u00f3n:<\/p>\n\n\n\n<div class=\"wp-block-group is-vertical is-layout-flex wp-container-core-group-is-layout-8cf370e7 wp-block-group-is-layout-flex\">\n<ul class=\"wp-block-list\">\n<li><strong>Bucles individuales.<\/strong> Este tipo de lazos suelen ir combinados con un <strong>sistema FM<\/strong> para transmisi\u00f3n de sonido. Pueden conectarse a casi cualquier dispositivo electr\u00f3nico a trav\u00e9s de la conexi\u00f3n de auriculares (m\u00f3vil, mp3, radio, etc).&nbsp;<br>Tiene varias ventajas en comparaci\u00f3n con el resto de lazos. La principal es que<strong> no necesita instalaci\u00f3n<\/strong> por lo que se puede usar en cualquier espacio y sala. No es necesario reservar una zona espec\u00edfica, sino que el sistema <strong>funciona en cualquier lugar <\/strong>donde llegue la se\u00f1al FM. Otra ventaja es que el usuario tiene <strong>control directo del nivel de volumen<\/strong> por lo que cada usuario puede ajustarse el volumen de acuerdo a sus necesidades.<\/li>\n\n\n\n<li><strong>Bucles perimetrales<\/strong> es uno de los sistemas m\u00e1s utilizados porque son <strong>sencillos de instalar y desinstalar<\/strong> en casi cualquier espacio en poco tiempo. Pueden instalarse en el suelo o elevados, seg\u00fan las dimensiones de la sala y de si el p\u00fablico participa en el evento sentado o de pie.\u00a0 Adem\u00e1s pueden cubrir zonas amplias.<\/li>\n\n\n\n<li><strong>Bucles de Cancelaci\u00f3n<\/strong> que garantizan que el campo magn\u00e9tico generado por el lazo principal queda<strong> confinado en un \u00e1rea determinada<\/strong>, cuando se precisa de confidencialidad (sala de juntas,\u2026) o existen espacios colindantes en los que se ha instalado otra inducci\u00f3n magn\u00e9tica. Es un sistema que<strong> no siempre se puede instalar <\/strong>y existen sistemas m\u00e1s modernos para realizar \u00e9sta funci\u00f3n, como son los correspondientes al pr\u00f3ximo apartado.<\/li>\n\n\n\n<li><strong>Arrays desfasados<\/strong> son los <strong>m\u00e1s avanzados<\/strong> sistemas de inducci\u00f3n magn\u00e9tica. No son los sistemas perimetrales, ya obsoletos, sino que <strong>generan un campo perfectamente confinado<\/strong> en el recinto objetivo y con una <strong>distribuci\u00f3n perfectamente uniforme<\/strong>. Su complejidad de instalaci\u00f3n los hace posibles casi siempre durante las fases de obras o remodelaciones de las salas. Se pueden cubrir superficies tan grandes como se desee.<\/li>\n\n\n\n<li><strong>Bucles verticales o de mostrador<\/strong> para<strong> peque\u00f1os espacios <\/strong>como pupitres o puestos de atenci\u00f3n personal (ventanillas bancarias, de informaci\u00f3n p\u00fablica\u2026).<\/li>\n<\/ul>\n<\/div>\n\n\n\n<div style=\"height:15px\" aria-hidden=\"true\" class=\"wp-block-spacer\"><\/div>\n\n\n\n<figure class=\"wp-block-image aligncenter size-large is-resized\"><img decoding=\"async\" src=\"https:\/\/aptent.es\/wp-content\/uploads\/2025\/02\/bucle-magnetico-para-sordos.jpg\" alt=\"bucle magnetico para sordos\" style=\"width:400px\" title=\"bucle-magnetico-para-sordos\"\/><\/figure>\n\n\n\n<div style=\"height:15px\" aria-hidden=\"true\" class=\"wp-block-spacer\"><\/div>\n\n\n\n<h2 class=\"wp-block-heading\"><strong>\u00bfQu\u00e9 es el sistema de FM?<\/strong> Una gran alternativa<\/h2>\n\n\n\n<p>Se trata de una soluci\u00f3n <strong>alternativa al bucle perimetral<\/strong> que trasmite el sonido mediante ondas de radio. Se compone de un transmisor y varios receptores. A diferencia del bucle fijo, el sistema FM permite ofrecer <strong>dos servicios de ayuda auditiva<\/strong>: el bucle magn\u00e9tico para personas con implante o aud\u00edfono con posici\u00f3n T y el sonido de sala amplificado para el resto de personas que no tienen aud\u00edfonos compatibles o, sencillamente, no tienen aud\u00edfono pero han perdido audici\u00f3n.<\/p>\n\n\n\n<p>Es una ayuda peque\u00f1a y personal, ya que se compone de una \u201cpetaca\u201d a la que se le a\u00f1adir\u00e1, en funci\u00f3n del servicio deseado, o bien un bucle individual (colocado en el cuello para el servicio de bucle) o bien unos auriculares (para el sonido de sala amplificado).<\/p>\n\n\n\n<div style=\"height:15px\" aria-hidden=\"true\" class=\"wp-block-spacer\"><\/div>\n\n\n\n<figure class=\"wp-block-image aligncenter size-large is-resized\"><img decoding=\"async\" src=\"https:\/\/aptent.es\/wp-content\/uploads\/2025\/02\/bucle-magnetico-para-que-sirve.jpg\" alt=\"bucle magn\u00e9tico para que sirve\" style=\"aspect-ratio:1.3333333333333333;object-fit:contain;width:400px\" title=\"bucle-magn\u00e9tico-para-que-sirve\"\/><\/figure>\n\n\n\n<div style=\"height:15px\" aria-hidden=\"true\" class=\"wp-block-spacer\"><\/div>\n\n\n\n<p>Se trata de un sistema port\u00e1til que <strong>no requiere de instalaci\u00f3n<\/strong>. El usuario recoger\u00e1 el receptor FM y bien el bucle individual o auriculares nada m\u00e1s entrar al teatro. La principal ventaja de este punto&nbsp; es que el espectador podr\u00e1 sentarse en cualquier lugar de la sala.<\/p>\n\n\n\n<p>Este es el sistema que se utiliza en todas las funciones del proyecto <a href=\"http:\/\/www.teatroaccesible.com\">Teatro Accesible<\/a>.<\/p>\n\n\n\n<div style=\"height:30px\" aria-hidden=\"true\" class=\"wp-block-spacer\"><\/div>\n\n\n\n<div class=\"wp-block-buttons is-content-justification-center is-layout-flex wp-container-core-buttons-is-layout-16018d1d wp-block-buttons-is-layout-flex\">\n<div class=\"wp-block-button has-custom-font-size is-style-fill has-medium-font-size\" id=\"https:\/\/aptent.es\/servicios\/accesibilidad-audiovisual\/\"><a class=\"wp-block-button__link has-text-color has-background has-link-color wp-element-button\" href=\"https:\/\/aptent.es\/servicios\/accesibilidad-audiovisual\/\" style=\"border-radius:100px;color:#006073;background-color:#a3e54b\" target=\"_blank\" rel=\"noreferrer noopener\">Servicios de Accesibilidad Audiovisual<\/a><\/div>\n<\/div>\n\n\n\n<div style=\"height:40px\" aria-hidden=\"true\" class=\"wp-block-spacer\"><\/div>\n\n\n\n<h2 class=\"wp-block-heading\"><strong>Diferencias entre el bucle perimetral y el sistema FM<\/strong><\/h2>\n\n\n\n<p>La principal diferencia entre el <strong>bucle magn\u00e9tico perimetral<\/strong> y el sistema de FM , es que el sistema FM sirve de ayuda auditiva para todos los usuarios con discapacidad auditiva y personas mayores, mientras que el bucle perimetral solo sirve de ayuda auditiva a usuarios con pr\u00f3tesis auditivas compatibles con la posici\u00f3n T.<\/p>\n\n\n\n<p>Los <strong>sistemas FM son m\u00e1s vers\u00e1tiles<\/strong> ya que pueden utilizarse para otros prop\u00f3sitos como interpretaci\u00f3n simult\u00e1nea u otros servicios de accesibilidad (audiodescripci\u00f3n y audioexplicaci\u00f3n). Puede ofrecerse diferentes servicios utilizando varios transmisores en diferentes canales.<\/p>\n\n\n\n<p>Adem\u00e1s el sistema FM es f\u00e1cilmente transportable e incluso puede utilizarse en movimiento. En este sentido, las personas que necesiten estos servicios podr\u00e1n ubicarse donde deseen en el teatro y no en una zona determinada donde est\u00e9 ubicado el bucle fijo.<\/p>\n\n\n\n<div style=\"height:15px\" aria-hidden=\"true\" class=\"wp-block-spacer\"><\/div>\n\n\n\n<figure class=\"wp-block-image aligncenter size-large is-resized\"><img decoding=\"async\" src=\"https:\/\/aptent.es\/wp-content\/uploads\/2025\/02\/bucle-magnetico-de-uso-individual.jpg\" alt=\"bucle magn\u00e9tico de uso individual\" style=\"width:400px\" title=\"bucle-magn\u00e9tico-de-uso-individual\"\/><\/figure>\n\n\n\n<div style=\"height:15px\" aria-hidden=\"true\" class=\"wp-block-spacer\"><\/div>\n\n\n\n<h2 class=\"wp-block-heading\"><strong>Bucle magn\u00e9tico y discapacidad auditiva<\/strong><\/h2>\n\n\n\n<p>Debes saber que <strong>la accesibilidad es un derecho<\/strong> de las personas con discapacidad, reconocido por los diferentes organismos jur\u00eddicos y entidades internacionales como la ONU. En este sentido, comunidades como Catalu\u00f1a, Galicia o Castilla y Le\u00f3n, est\u00e1n actualizando su legislaci\u00f3n para implantar medidas y establecer sanciones por infracciones en materia de accesibilidad. Todo ello bajo la <a href=\"http:\/\/www.boe.es\/boe\/dias\/2013\/12\/03\/pdfs\/BOE-A-2013-12632.pdf\">Ley General de derechos de las personas con discapacidad y de su inclusi\u00f3n social<\/a>.<\/p>\n\n\n\n<p>Tanto el <strong>bucle magn\u00e9tico perimetral<\/strong> como los sistemas FM est\u00e1n normalizados en todo el mundo y se trata de una inversi\u00f3n rentable que permite dar servicio desde la primera funci\u00f3n.<\/p>\n\n\n\n<p>Pero es que adem\u00e1s el <strong>bucle magn\u00e9tico y la discapacidad auditiva<\/strong> son cuestiones que nos afectan a todos. Pensemos en nuestros familiares, en nosotros mismos dentro de unos a\u00f1os e imaginemos c\u00f3mo ser\u00e1 nuestro acceso a la vida cultural y social sin estas ayudas.<\/p>\n\n\n\n<p>En el mundo hay 360 millones de personas con discapacidad en esta situaci\u00f3n y nosotros, en un futuro pr\u00f3ximo, probablemente necesitaremos de la accesibilidad para disfrutar plenamente del ocio, la informaci\u00f3n y la cultura. Empecemos a ponerlo f\u00e1cil.<\/p>\n\n\n\n<div style=\"height:30px\" aria-hidden=\"true\" class=\"wp-block-spacer\"><\/div>\n\n\n\n<figure class=\"wp-block-image aligncenter\"><img loading=\"lazy\" decoding=\"async\" width=\"668\" height=\"377\" src=\"https:\/\/aptent.es\/wp-content\/uploads\/2017\/11\/bucle-magnetico-discapacidad-auditiva.jpg\" alt=\"bucle magn\u00e9tico discapacidad auditiva\" class=\"wp-image-11654\" srcset=\"https:\/\/aptent.es\/wp-content\/uploads\/2017\/11\/bucle-magnetico-discapacidad-auditiva.jpg 668w, https:\/\/aptent.es\/wp-content\/uploads\/2017\/11\/bucle-magnetico-discapacidad-auditiva-480x271.jpg 480w\" sizes=\"auto, (min-width: 0px) and (max-width: 480px) 480px, (min-width: 481px) 668px, 100vw\" \/><\/figure>\n\n\n\n<p><\/p>\n","protected":false},"excerpt":{"rendered":"<p>Seguro que hab\u00e9is escuchado en m\u00e1s de alguna ocasi\u00f3n hablar del &#8220;bucle magn\u00e9tico&#8221; o de algunas ayudas auditivas para personas con cierto nivel de discapacidad. O personas mayores que no escuchan bien y les cuesta seguir el hilo de la obra de teatro. Hoy os explicamos en qu\u00e9 consisten este tipo de ayudas y sus [&hellip;]<\/p>\n","protected":false},"author":2,"featured_media":11671,"comment_status":"open","ping_status":"open","sticky":false,"template":"","format":"standard","meta":{"_et_pb_use_builder":"off","_et_pb_old_content":"<!-- wp:paragraph -->\n<p>Seguro que hab\u00e9is escuchado en m\u00e1s de alguna ocasi\u00f3n hablar del \"<strong>bucle magn\u00e9tico<\/strong>\" o de algunas ayudas auditivas para personas con cierto nivel de discapacidad. O personas mayores que no escuchan bien y les cuesta seguir el hilo de la obra de teatro. Hoy os explicamos en qu\u00e9 consisten este tipo de ayudas y sus principales caracter\u00edsticas.<\/p>\n<!-- \/wp:paragraph -->\n\n<!-- wp:spacer {\"height\":\"30px\"} -->\n<div style=\"height:30px\" aria-hidden=\"true\" class=\"wp-block-spacer\"><\/div>\n<!-- \/wp:spacer -->\n\n<!-- wp:image {\"id\":5115,\"width\":\"100px\",\"align\":\"center\"} -->\n<figure class=\"wp-block-image aligncenter is-resized\"><img src=\"http:\/\/aptent.es\/wp-content\/uploads\/2017\/11\/bucle-300x300.png\" alt=\"\" class=\"wp-image-5115\" style=\"width:100px\"\/><\/figure>\n<!-- \/wp:image -->\n\n<!-- wp:spacer {\"height\":\"30px\"} -->\n<div style=\"height:30px\" aria-hidden=\"true\" class=\"wp-block-spacer\"><\/div>\n<!-- \/wp:spacer -->\n\n<!-- wp:heading -->\n<h2 class=\"wp-block-heading\"><strong>\u00bfQu\u00e9 es el bucle magn\u00e9tico?<\/strong><\/h2>\n<!-- \/wp:heading -->\n\n<!-- wp:paragraph -->\n<p>El <strong>bucle magn\u00e9tico es un tipo de ayuda auditiva<\/strong> para personas con discapacidad que utilizan pr\u00f3tesis auditivas compatibles como ciertos aud\u00edfonos e implantes cocleares. Es muy \u00fatil para situaciones en las que el ruido ambiente o la distancia con el interlocutor dificultan la comunicaci\u00f3n, como sucede en un teatro.<\/p>\n<!-- \/wp:paragraph -->\n\n<!-- wp:paragraph -->\n<p>El bucle magn\u00e9tico transforma la se\u00f1al de audio durante la obra en un campo magn\u00e9tico que se recibe en las pr\u00f3tesis auditivas con posici\u00f3n T (de \u201cTele-bobina\u201d) . Estos dispositivos tienen una bobina que transforma a su vez el campo magn\u00e9tico en el sonido que finalmente escucha el usuario. As\u00ed, el sonido final est\u00e1 aislado de ruido ambiente, es m\u00e1s limpio y perfectamente inteligible para las personas con problemas auditivos.<\/p>\n<!-- \/wp:paragraph -->\n\n<!-- wp:spacer {\"height\":\"30px\"} -->\n<div style=\"height:30px\" aria-hidden=\"true\" class=\"wp-block-spacer\"><\/div>\n<!-- \/wp:spacer -->\n\n<!-- wp:image {\"id\":5117,\"width\":\"400px\",\"align\":\"center\"} -->\n<figure class=\"wp-block-image aligncenter is-resized\"><img src=\"http:\/\/aptent.es\/wp-content\/uploads\/2017\/11\/unnamed-300x194.jpg\" alt=\"sistema de bucle magn\u00e9tico\" class=\"wp-image-5117\" style=\"width:400px\" title=\"sistema-de-bucle-magn\u00e9tico\"\/><\/figure>\n<!-- \/wp:image -->\n\n<!-- wp:spacer {\"height\":\"30px\"} -->\n<div style=\"height:30px\" aria-hidden=\"true\" class=\"wp-block-spacer\"><\/div>\n<!-- \/wp:spacer -->\n\n<!-- wp:heading -->\n<h2 class=\"wp-block-heading\"><strong>Sistemas de bucle magn\u00e9tico: tipos y usos<\/strong><\/h2>\n<!-- \/wp:heading -->\n\n<!-- wp:paragraph -->\n<p>Existen varios <strong>tipos de bucles magn\u00e9ticos<\/strong> en el mercado. Los m\u00e1s utilizados son:<\/p>\n<!-- \/wp:paragraph -->\n\n<!-- wp:list -->\n<ul class=\"wp-block-list\"><!-- wp:list-item -->\n<li><strong>Bucle de mostrador<\/strong> (indicado para taquillas)<\/li>\n<!-- \/wp:list-item --><\/ul>\n<!-- \/wp:list -->\n\n<!-- wp:paragraph -->\n<p>Es un bucle m\u00e1s peque\u00f1o con un alcance menor a un metro. Da servicio en una zona muy acotada que suele corresponderse con el espacio entre un interlocutor y otro. Se usan en espacios peque\u00f1os como puestos de atenci\u00f3n al p\u00fablico. Es el que se instala en la taquilla del teatro.<\/p>\n<!-- \/wp:paragraph -->\n\n<!-- wp:paragraph -->\n<p><\/p>\n<!-- \/wp:paragraph -->\n\n<!-- wp:list -->\n<ul class=\"wp-block-list\"><!-- wp:list-item -->\n<li><strong>Bucle perimetral<\/strong> (indicado para sala)<\/li>\n<!-- \/wp:list-item --><\/ul>\n<!-- \/wp:list -->\n\n<!-- wp:paragraph -->\n<p>Est\u00e1 compuesto por un amplificador de se\u00f1al conectado a un cable de cobre que rodea o cubre un \u00e1rea determinada. Puede instalarse en el suelo o elevado. Existen variantes actuales que se denominan \"de rejilla\" o \"array\" que generan una distribuci\u00f3n m\u00e1s uniforme que los tradicionales. As\u00ed se evita el conocido \u201cefecto donuts\u201d, la baja cobertura\/se\u00f1al en el centro del \u00e1rea cubierta. La ventaja de este tipo de bucle es que una vez se instala, el usuario puede utilizarlo aut\u00f3nomamente sin necesidad de ning\u00fan dispositivo a\u00f1adido. Por el contrario, su instalaci\u00f3n implica un mayor coste de tiempo y dinero, adem\u00e1s de que los espectadores que lo necesiten s\u00f3lo podr\u00e1n sentarse en la zona que d\u00e9 cobertura el bucle.<\/p>\n<!-- \/wp:paragraph -->\n\n<!-- wp:spacer {\"height\":\"30px\"} -->\n<div style=\"height:30px\" aria-hidden=\"true\" class=\"wp-block-spacer\"><\/div>\n<!-- \/wp:spacer -->\n\n<!-- wp:image {\"id\":5122,\"width\":\"400px\",\"align\":\"center\"} -->\n<figure class=\"wp-block-image aligncenter is-resized\"><img src=\"http:\/\/aptent.es\/wp-content\/uploads\/2017\/11\/petaca1-300x200.jpg\" alt=\"bucle magnetico para sordos\" class=\"wp-image-5122\" style=\"width:400px\" title=\"bucle-magnetico-para-sordos\"\/><\/figure>\n<!-- \/wp:image -->\n\n<!-- wp:spacer {\"height\":\"30px\"} -->\n<div style=\"height:30px\" aria-hidden=\"true\" class=\"wp-block-spacer\"><\/div>\n<!-- \/wp:spacer -->\n\n<!-- wp:heading -->\n<h2 class=\"wp-block-heading\"><strong>Sistema de FM<\/strong>, una gran alternativa<\/h2>\n<!-- \/wp:heading -->\n\n<!-- wp:paragraph -->\n<p>Se trata de una soluci\u00f3n <strong>alternativa al bucle perimetral<\/strong> que trasmite el sonido mediante ondas de radio. Se compone de un transmisor y varios receptores. A diferencia del bucle fijo, el sistema FM permite ofrecer <strong>dos servicios de ayuda auditiva<\/strong>: el bucle magn\u00e9tico para personas con implante o aud\u00edfono con posici\u00f3n T y el sonido de sala amplificado para el resto de personas que no tienen aud\u00edfonos compatibles o, sencillamente, no tienen aud\u00edfono pero han perdido audici\u00f3n.<\/p>\n<!-- \/wp:paragraph -->\n\n<!-- wp:paragraph -->\n<p>Es una ayuda peque\u00f1a y personal, ya que se compone de una \u201cpetaca\u201d a la que se le a\u00f1adir\u00e1, en funci\u00f3n del servicio deseado, o bien un bucle individual (colocado en el cuello para el servicio de bucle) o bien unos auriculares (para el sonido de sala amplificado).<\/p>\n<!-- \/wp:paragraph -->\n\n<!-- wp:spacer {\"height\":\"30px\"} -->\n<div style=\"height:30px\" aria-hidden=\"true\" class=\"wp-block-spacer\"><\/div>\n<!-- \/wp:spacer -->\n\n<!-- wp:image {\"id\":5123,\"width\":\"400px\",\"aspectRatio\":\"1.3333333333333333\",\"scale\":\"contain\",\"align\":\"center\"} -->\n<figure class=\"wp-block-image aligncenter is-resized\"><img src=\"http:\/\/aptent.es\/wp-content\/uploads\/2017\/11\/petaca2-300x223.jpg\" alt=\"bucle magn\u00e9tico para que sirve\" class=\"wp-image-5123\" style=\"aspect-ratio:1.3333333333333333;object-fit:contain;width:400px\" title=\"bucle-magn\u00e9tico-para-que-sirve\"\/><\/figure>\n<!-- \/wp:image -->\n\n<!-- wp:spacer {\"height\":\"30px\"} -->\n<div style=\"height:30px\" aria-hidden=\"true\" class=\"wp-block-spacer\"><\/div>\n<!-- \/wp:spacer -->\n\n<!-- wp:paragraph -->\n<p>Se trata de un sistema port\u00e1til que <strong>no requiere de instalaci\u00f3n<\/strong>. El usuario recoger\u00e1 el receptor FM y bien el bucle individual o auriculares nada m\u00e1s entrar al teatro. La principal ventaja de este punto&nbsp; es que el espectador podr\u00e1 sentarse en cualquier lugar de la sala.<\/p>\n<!-- \/wp:paragraph -->\n\n<!-- wp:paragraph -->\n<p>Este es el sistema que se utiliza en todas las funciones del proyecto <a href=\"http:\/\/www.teatroaccesible.com\">Teatro Accesible<\/a>.<\/p>\n<!-- \/wp:paragraph -->\n\n<!-- wp:spacer {\"height\":\"30px\"} -->\n<div style=\"height:30px\" aria-hidden=\"true\" class=\"wp-block-spacer\"><\/div>\n<!-- \/wp:spacer -->\n\n<!-- wp:buttons {\"layout\":{\"type\":\"flex\",\"justifyContent\":\"center\"}} -->\n<div class=\"wp-block-buttons\"><!-- wp:button {\"className\":\"is-style-fill\",\"style\":{\"color\":{\"background\":\"#a3e54b\",\"text\":\"#006073\"},\"elements\":{\"link\":{\"color\":{\"text\":\"#006073\"}}},\"border\":{\"radius\":\"100px\"}},\"fontSize\":\"medium\"} -->\n<div class=\"wp-block-button has-custom-font-size is-style-fill has-medium-font-size\" id=\"https:\/\/aptent.es\/servicios\/accesibilidad-audiovisual\/\"><a class=\"wp-block-button__link has-text-color has-background has-link-color wp-element-button\" href=\"https:\/\/aptent.es\/servicios\/accesibilidad-audiovisual\/\" style=\"border-radius:100px;color:#006073;background-color:#a3e54b\" target=\"_blank\" rel=\"noreferrer noopener\">Servicios de Accesibilidad Audiovisual<\/a><\/div>\n<!-- \/wp:button --><\/div>\n<!-- \/wp:buttons -->\n\n<!-- wp:spacer {\"height\":\"40px\"} -->\n<div style=\"height:40px\" aria-hidden=\"true\" class=\"wp-block-spacer\"><\/div>\n<!-- \/wp:spacer -->\n\n<!-- wp:heading -->\n<h2 class=\"wp-block-heading\"><strong>Diferencias entre el bucle perimetral y el sistema FM<\/strong><\/h2>\n<!-- \/wp:heading -->\n\n<!-- wp:paragraph -->\n<p>La principal diferencia entre el <strong>bucle magn\u00e9tico perimetral<\/strong> y el sistema de FM , es que el sistema FM sirve de ayuda auditiva para todos los usuarios con discapacidad auditiva y personas mayores, mientras que el bucle perimetral solo sirve de ayuda auditiva a usuarios con pr\u00f3tesis auditivas compatibles con la posici\u00f3n T.<\/p>\n<!-- \/wp:paragraph -->\n\n<!-- wp:paragraph -->\n<p>Los <strong>sistemas FM son m\u00e1s vers\u00e1tiles<\/strong> ya que pueden utilizarse para otros prop\u00f3sitos como interpretaci\u00f3n simult\u00e1nea u otros servicios de accesibilidad (audiodescripci\u00f3n y audioexplicaci\u00f3n). Puede ofrecerse diferentes servicios utilizando varios transmisores en diferentes canales.<\/p>\n<!-- \/wp:paragraph -->\n\n<!-- wp:paragraph -->\n<p>Adem\u00e1s el sistema FM es f\u00e1cilmente transportable e incluso puede utilizarse en movimiento. En este sentido, las personas que necesiten estos servicios podr\u00e1n ubicarse donde deseen en el teatro y no en una zona determinada donde est\u00e9 ubicado el bucle fijo.<\/p>\n<!-- \/wp:paragraph -->\n\n<!-- wp:spacer {\"height\":\"30px\"} -->\n<div style=\"height:30px\" aria-hidden=\"true\" class=\"wp-block-spacer\"><\/div>\n<!-- \/wp:spacer -->\n\n<!-- wp:image {\"id\":5119,\"width\":\"400px\",\"align\":\"center\"} -->\n<figure class=\"wp-block-image aligncenter is-resized\"><img src=\"http:\/\/aptent.es\/wp-content\/uploads\/2017\/11\/unnamed-2-300x200.jpg\" alt=\"bucle magn\u00e9tico de uso individual\" class=\"wp-image-5119\" style=\"width:400px\" title=\"bucle-magn\u00e9tico-de-uso-individual\"\/><\/figure>\n<!-- \/wp:image -->\n\n<!-- wp:spacer {\"height\":\"30px\"} -->\n<div style=\"height:30px\" aria-hidden=\"true\" class=\"wp-block-spacer\"><\/div>\n<!-- \/wp:spacer -->\n\n<!-- wp:heading -->\n<h2 class=\"wp-block-heading\"><strong>Bucle magn\u00e9tico y discapacidad auditiva<\/strong><\/h2>\n<!-- \/wp:heading -->\n\n<!-- wp:paragraph -->\n<p>Debes saber que <strong>la accesibilidad es un derecho<\/strong> de las personas con discapacidad, reconocido por los diferentes organismos jur\u00eddicos y entidades internacionales como la ONU. En este sentido, comunidades como Catalu\u00f1a, Galicia o Castilla y Le\u00f3n, est\u00e1n actualizando su legislaci\u00f3n para implantar medidas y establecer sanciones por infracciones en materia de accesibilidad. Todo ello bajo la <a href=\"http:\/\/www.boe.es\/boe\/dias\/2013\/12\/03\/pdfs\/BOE-A-2013-12632.pdf\">Ley General de derechos de las personas con discapacidad y de su inclusi\u00f3n social<\/a>.<\/p>\n<!-- \/wp:paragraph -->\n\n<!-- wp:paragraph -->\n<p>Tanto el <strong>bucle magn\u00e9tico perimetral<\/strong> como los sistemas FM est\u00e1n normalizados en todo el mundo y se trata de una inversi\u00f3n rentable que permite dar servicio desde la primera funci\u00f3n.<\/p>\n<!-- \/wp:paragraph -->\n\n<!-- wp:paragraph -->\n<p>Pero es que adem\u00e1s el <strong>bucle magn\u00e9tico y la discapacidad auditiva<\/strong> son cuestiones que nos afectan a todos. Pensemos en nuestros familiares, en nosotros mismos dentro de unos a\u00f1os e imaginemos c\u00f3mo ser\u00e1 nuestro acceso a la vida cultural y social sin estas ayudas.<\/p>\n<!-- \/wp:paragraph -->\n\n<!-- wp:paragraph -->\n<p>En el mundo hay 360 millones de personas con discapacidad en esta situaci\u00f3n y nosotros, en un futuro pr\u00f3ximo, probablemente necesitaremos de la accesibilidad para disfrutar plenamente del ocio, la informaci\u00f3n y la cultura. Empecemos a ponerlo f\u00e1cil.<\/p>\n<!-- \/wp:paragraph -->\n\n<!-- wp:spacer {\"height\":\"30px\"} -->\n<div style=\"height:30px\" aria-hidden=\"true\" class=\"wp-block-spacer\"><\/div>\n<!-- \/wp:spacer -->\n\n<!-- wp:image {\"id\":11654,\"align\":\"center\"} -->\n<figure class=\"wp-block-image aligncenter\"><img src=\"https:\/\/aptent.es\/wp-content\/uploads\/2017\/11\/bucle-magnetico-discapacidad-auditiva.jpg\" alt=\"bucle magn\u00e9tico discapacidad auditiva\" class=\"wp-image-11654\"\/><\/figure>\n<!-- \/wp:image -->\n\n<!-- wp:paragraph -->\n<p><\/p>\n<!-- \/wp:paragraph -->","_et_gb_content_width":"","footnotes":""},"categories":[47,27],"tags":[184,185,25,177,186,30,120,187,188,189],"class_list":["post-7743","post","type-post","status-publish","format-standard","has-post-thumbnail","hentry","category-accesibilidad-comunicacion","category-noticias","tag-audicion","tag-audifono","tag-audiodescripcion","tag-audioexplicacion","tag-ayuda-auditiva","tag-bucle-magnetico","tag-implante-coclear","tag-posicion-t","tag-sistema-fm","tag-sonido-amplificado"],"yoast_head":"<!-- This site is optimized with the Yoast SEO plugin v27.4 - https:\/\/yoast.com\/product\/yoast-seo-wordpress\/ -->\n<title>El bucle magn\u00e9tico para el teatro - Aptent Soluciones<\/title>\n<meta name=\"description\" content=\"Qu\u00e9 es el bucle magn\u00e9tico, tipos de sistemas de bucle magn\u00e9tico para teatro y c\u00f3mo mejora la experiencia de personas con discapacidad auditiva\" \/>\n<meta name=\"robots\" content=\"index, follow, max-snippet:-1, max-image-preview:large, max-video-preview:-1\" \/>\n<link rel=\"canonical\" href=\"https:\/\/aptent.es\/ayudas-auditivas-el-bucle-magnetico-y-el-sistema-de-fm\/\" \/>\n<meta property=\"og:locale\" content=\"ca_ES\" \/>\n<meta property=\"og:type\" content=\"article\" \/>\n<meta property=\"og:title\" content=\"El bucle magn\u00e9tico para el teatro - Aptent Soluciones\" \/>\n<meta property=\"og:description\" content=\"Qu\u00e9 es el bucle magn\u00e9tico, tipos de sistemas de bucle magn\u00e9tico para teatro y c\u00f3mo mejora la experiencia de personas con discapacidad auditiva\" \/>\n<meta property=\"og:url\" content=\"https:\/\/aptent.es\/ayudas-auditivas-el-bucle-magnetico-y-el-sistema-de-fm\/\" \/>\n<meta property=\"og:site_name\" content=\"Aptent Soluciones. Subtitulado y audiodescripci\u00f3n.\" \/>\n<meta property=\"article:published_time\" content=\"2025-02-20T14:10:09+00:00\" \/>\n<meta property=\"article:modified_time\" content=\"2025-02-20T15:43:12+00:00\" \/>\n<meta property=\"og:image\" content=\"https:\/\/aptent.es\/wp-content\/uploads\/2024\/12\/bucle-magnetico-que-es.jpg\" \/>\n\t<meta property=\"og:image:width\" content=\"700\" \/>\n\t<meta property=\"og:image:height\" content=\"467\" \/>\n\t<meta property=\"og:image:type\" content=\"image\/jpeg\" \/>\n<meta name=\"author\" content=\"Beatriz Lerones\" \/>\n<meta name=\"twitter:card\" content=\"summary_large_image\" \/>\n<meta name=\"twitter:label1\" content=\"Escrit per\" \/>\n\t<meta name=\"twitter:data1\" content=\"Beatriz Lerones\" \/>\n\t<meta name=\"twitter:label2\" content=\"Temps estimat de lectura\" \/>\n\t<meta name=\"twitter:data2\" content=\"7 minuts\" \/>\n<script type=\"application\/ld+json\" class=\"yoast-schema-graph\">{\"@context\":\"https:\\\/\\\/schema.org\",\"@graph\":[{\"@type\":\"Article\",\"@id\":\"https:\\\/\\\/aptent.es\\\/ayudas-auditivas-el-bucle-magnetico-y-el-sistema-de-fm\\\/#article\",\"isPartOf\":{\"@id\":\"https:\\\/\\\/aptent.es\\\/ayudas-auditivas-el-bucle-magnetico-y-el-sistema-de-fm\\\/\"},\"author\":{\"name\":\"Beatriz Lerones\",\"@id\":\"https:\\\/\\\/aptent.es\\\/#\\\/schema\\\/person\\\/6e99ccba3c9cd4f73750645a1b442c4a\"},\"headline\":\"El bucle magn\u00e9tico para el teatro\",\"datePublished\":\"2025-02-20T14:10:09+00:00\",\"dateModified\":\"2025-02-20T15:43:12+00:00\",\"mainEntityOfPage\":{\"@id\":\"https:\\\/\\\/aptent.es\\\/ayudas-auditivas-el-bucle-magnetico-y-el-sistema-de-fm\\\/\"},\"wordCount\":1142,\"commentCount\":0,\"image\":{\"@id\":\"https:\\\/\\\/aptent.es\\\/ayudas-auditivas-el-bucle-magnetico-y-el-sistema-de-fm\\\/#primaryimage\"},\"thumbnailUrl\":\"https:\\\/\\\/aptent.es\\\/wp-content\\\/uploads\\\/2024\\\/12\\\/bucle-magnetico-que-es.jpg\",\"keywords\":[\"audici\u00f3n\",\"aud\u00edfono\",\"Audiodescripci\u00f3n\",\"audioexplicaci\u00f3n\",\"ayuda auditiva\",\"Bucle magn\u00e9tico\",\"implante coclear\",\"posici\u00f3n T\",\"sistema FM\",\"sonido amplificado\"],\"articleSection\":[\"Accesibilidad a la comunicaci\u00f3n\",\"Noticias\"],\"inLanguage\":\"ca\",\"potentialAction\":[{\"@type\":\"CommentAction\",\"name\":\"Comment\",\"target\":[\"https:\\\/\\\/aptent.es\\\/ayudas-auditivas-el-bucle-magnetico-y-el-sistema-de-fm\\\/#respond\"]}]},{\"@type\":\"WebPage\",\"@id\":\"https:\\\/\\\/aptent.es\\\/ayudas-auditivas-el-bucle-magnetico-y-el-sistema-de-fm\\\/\",\"url\":\"https:\\\/\\\/aptent.es\\\/ayudas-auditivas-el-bucle-magnetico-y-el-sistema-de-fm\\\/\",\"name\":\"El bucle magn\u00e9tico para el teatro - Aptent Soluciones\",\"isPartOf\":{\"@id\":\"https:\\\/\\\/aptent.es\\\/#website\"},\"primaryImageOfPage\":{\"@id\":\"https:\\\/\\\/aptent.es\\\/ayudas-auditivas-el-bucle-magnetico-y-el-sistema-de-fm\\\/#primaryimage\"},\"image\":{\"@id\":\"https:\\\/\\\/aptent.es\\\/ayudas-auditivas-el-bucle-magnetico-y-el-sistema-de-fm\\\/#primaryimage\"},\"thumbnailUrl\":\"https:\\\/\\\/aptent.es\\\/wp-content\\\/uploads\\\/2024\\\/12\\\/bucle-magnetico-que-es.jpg\",\"datePublished\":\"2025-02-20T14:10:09+00:00\",\"dateModified\":\"2025-02-20T15:43:12+00:00\",\"author\":{\"@id\":\"https:\\\/\\\/aptent.es\\\/#\\\/schema\\\/person\\\/6e99ccba3c9cd4f73750645a1b442c4a\"},\"description\":\"Qu\u00e9 es el bucle magn\u00e9tico, tipos de sistemas de bucle magn\u00e9tico para teatro y c\u00f3mo mejora la experiencia de personas con discapacidad auditiva\",\"breadcrumb\":{\"@id\":\"https:\\\/\\\/aptent.es\\\/ayudas-auditivas-el-bucle-magnetico-y-el-sistema-de-fm\\\/#breadcrumb\"},\"inLanguage\":\"ca\",\"potentialAction\":[{\"@type\":\"ReadAction\",\"target\":[\"https:\\\/\\\/aptent.es\\\/ayudas-auditivas-el-bucle-magnetico-y-el-sistema-de-fm\\\/\"]}]},{\"@type\":\"ImageObject\",\"inLanguage\":\"ca\",\"@id\":\"https:\\\/\\\/aptent.es\\\/ayudas-auditivas-el-bucle-magnetico-y-el-sistema-de-fm\\\/#primaryimage\",\"url\":\"https:\\\/\\\/aptent.es\\\/wp-content\\\/uploads\\\/2024\\\/12\\\/bucle-magnetico-que-es.jpg\",\"contentUrl\":\"https:\\\/\\\/aptent.es\\\/wp-content\\\/uploads\\\/2024\\\/12\\\/bucle-magnetico-que-es.jpg\",\"width\":700,\"height\":467,\"caption\":\"bucle magnetico que es\"},{\"@type\":\"BreadcrumbList\",\"@id\":\"https:\\\/\\\/aptent.es\\\/ayudas-auditivas-el-bucle-magnetico-y-el-sistema-de-fm\\\/#breadcrumb\",\"itemListElement\":[{\"@type\":\"ListItem\",\"position\":1,\"name\":\"Portada\",\"item\":\"https:\\\/\\\/aptent.es\\\/ca\\\/\"},{\"@type\":\"ListItem\",\"position\":2,\"name\":\"El bucle magn\u00e9tico para el teatro\"}]},{\"@type\":\"WebSite\",\"@id\":\"https:\\\/\\\/aptent.es\\\/#website\",\"url\":\"https:\\\/\\\/aptent.es\\\/\",\"name\":\"Aptent Soluciones. Subtitulado y audiodescripci\u00f3n.\",\"description\":\"Empresa de tecnolog\u00eda y accesibilidad en la comunicaci\u00f3n. Subtitulado para sordos en directo, traducci\u00f3n, audiodescripci\u00f3n, sistema FM y bucle magn\u00e9tico.\",\"potentialAction\":[{\"@type\":\"SearchAction\",\"target\":{\"@type\":\"EntryPoint\",\"urlTemplate\":\"https:\\\/\\\/aptent.es\\\/?s={search_term_string}\"},\"query-input\":{\"@type\":\"PropertyValueSpecification\",\"valueRequired\":true,\"valueName\":\"search_term_string\"}}],\"inLanguage\":\"ca\"},{\"@type\":\"Person\",\"@id\":\"https:\\\/\\\/aptent.es\\\/#\\\/schema\\\/person\\\/6e99ccba3c9cd4f73750645a1b442c4a\",\"name\":\"Beatriz Lerones\",\"image\":{\"@type\":\"ImageObject\",\"inLanguage\":\"ca\",\"@id\":\"https:\\\/\\\/secure.gravatar.com\\\/avatar\\\/edf99074cac7bd706e13f3e9ad07e8e05c09967ba9e305434c5a09850b1ab0f4?s=96&d=mm&r=g\",\"url\":\"https:\\\/\\\/secure.gravatar.com\\\/avatar\\\/edf99074cac7bd706e13f3e9ad07e8e05c09967ba9e305434c5a09850b1ab0f4?s=96&d=mm&r=g\",\"contentUrl\":\"https:\\\/\\\/secure.gravatar.com\\\/avatar\\\/edf99074cac7bd706e13f3e9ad07e8e05c09967ba9e305434c5a09850b1ab0f4?s=96&d=mm&r=g\",\"caption\":\"Beatriz Lerones\"}}]}<\/script>\n<!-- \/ Yoast SEO plugin. -->","yoast_head_json":{"title":"El bucle magn\u00e9tico para el teatro - Aptent Soluciones","description":"Qu\u00e9 es el bucle magn\u00e9tico, tipos de sistemas de bucle magn\u00e9tico para teatro y c\u00f3mo mejora la experiencia de personas con discapacidad auditiva","robots":{"index":"index","follow":"follow","max-snippet":"max-snippet:-1","max-image-preview":"max-image-preview:large","max-video-preview":"max-video-preview:-1"},"canonical":"https:\/\/aptent.es\/ayudas-auditivas-el-bucle-magnetico-y-el-sistema-de-fm\/","og_locale":"ca_ES","og_type":"article","og_title":"El bucle magn\u00e9tico para el teatro - Aptent Soluciones","og_description":"Qu\u00e9 es el bucle magn\u00e9tico, tipos de sistemas de bucle magn\u00e9tico para teatro y c\u00f3mo mejora la experiencia de personas con discapacidad auditiva","og_url":"https:\/\/aptent.es\/ayudas-auditivas-el-bucle-magnetico-y-el-sistema-de-fm\/","og_site_name":"Aptent Soluciones. Subtitulado y audiodescripci\u00f3n.","article_published_time":"2025-02-20T14:10:09+00:00","article_modified_time":"2025-02-20T15:43:12+00:00","og_image":[{"width":700,"height":467,"url":"https:\/\/aptent.es\/wp-content\/uploads\/2024\/12\/bucle-magnetico-que-es.jpg","type":"image\/jpeg"}],"author":"Beatriz Lerones","twitter_card":"summary_large_image","twitter_misc":{"Escrit per":"Beatriz Lerones","Temps estimat de lectura":"7 minuts"},"schema":{"@context":"https:\/\/schema.org","@graph":[{"@type":"Article","@id":"https:\/\/aptent.es\/ayudas-auditivas-el-bucle-magnetico-y-el-sistema-de-fm\/#article","isPartOf":{"@id":"https:\/\/aptent.es\/ayudas-auditivas-el-bucle-magnetico-y-el-sistema-de-fm\/"},"author":{"name":"Beatriz Lerones","@id":"https:\/\/aptent.es\/#\/schema\/person\/6e99ccba3c9cd4f73750645a1b442c4a"},"headline":"El bucle magn\u00e9tico para el teatro","datePublished":"2025-02-20T14:10:09+00:00","dateModified":"2025-02-20T15:43:12+00:00","mainEntityOfPage":{"@id":"https:\/\/aptent.es\/ayudas-auditivas-el-bucle-magnetico-y-el-sistema-de-fm\/"},"wordCount":1142,"commentCount":0,"image":{"@id":"https:\/\/aptent.es\/ayudas-auditivas-el-bucle-magnetico-y-el-sistema-de-fm\/#primaryimage"},"thumbnailUrl":"https:\/\/aptent.es\/wp-content\/uploads\/2024\/12\/bucle-magnetico-que-es.jpg","keywords":["audici\u00f3n","aud\u00edfono","Audiodescripci\u00f3n","audioexplicaci\u00f3n","ayuda auditiva","Bucle magn\u00e9tico","implante coclear","posici\u00f3n T","sistema FM","sonido amplificado"],"articleSection":["Accesibilidad a la comunicaci\u00f3n","Noticias"],"inLanguage":"ca","potentialAction":[{"@type":"CommentAction","name":"Comment","target":["https:\/\/aptent.es\/ayudas-auditivas-el-bucle-magnetico-y-el-sistema-de-fm\/#respond"]}]},{"@type":"WebPage","@id":"https:\/\/aptent.es\/ayudas-auditivas-el-bucle-magnetico-y-el-sistema-de-fm\/","url":"https:\/\/aptent.es\/ayudas-auditivas-el-bucle-magnetico-y-el-sistema-de-fm\/","name":"El bucle magn\u00e9tico para el teatro - Aptent Soluciones","isPartOf":{"@id":"https:\/\/aptent.es\/#website"},"primaryImageOfPage":{"@id":"https:\/\/aptent.es\/ayudas-auditivas-el-bucle-magnetico-y-el-sistema-de-fm\/#primaryimage"},"image":{"@id":"https:\/\/aptent.es\/ayudas-auditivas-el-bucle-magnetico-y-el-sistema-de-fm\/#primaryimage"},"thumbnailUrl":"https:\/\/aptent.es\/wp-content\/uploads\/2024\/12\/bucle-magnetico-que-es.jpg","datePublished":"2025-02-20T14:10:09+00:00","dateModified":"2025-02-20T15:43:12+00:00","author":{"@id":"https:\/\/aptent.es\/#\/schema\/person\/6e99ccba3c9cd4f73750645a1b442c4a"},"description":"Qu\u00e9 es el bucle magn\u00e9tico, tipos de sistemas de bucle magn\u00e9tico para teatro y c\u00f3mo mejora la experiencia de personas con discapacidad auditiva","breadcrumb":{"@id":"https:\/\/aptent.es\/ayudas-auditivas-el-bucle-magnetico-y-el-sistema-de-fm\/#breadcrumb"},"inLanguage":"ca","potentialAction":[{"@type":"ReadAction","target":["https:\/\/aptent.es\/ayudas-auditivas-el-bucle-magnetico-y-el-sistema-de-fm\/"]}]},{"@type":"ImageObject","inLanguage":"ca","@id":"https:\/\/aptent.es\/ayudas-auditivas-el-bucle-magnetico-y-el-sistema-de-fm\/#primaryimage","url":"https:\/\/aptent.es\/wp-content\/uploads\/2024\/12\/bucle-magnetico-que-es.jpg","contentUrl":"https:\/\/aptent.es\/wp-content\/uploads\/2024\/12\/bucle-magnetico-que-es.jpg","width":700,"height":467,"caption":"bucle magnetico que es"},{"@type":"BreadcrumbList","@id":"https:\/\/aptent.es\/ayudas-auditivas-el-bucle-magnetico-y-el-sistema-de-fm\/#breadcrumb","itemListElement":[{"@type":"ListItem","position":1,"name":"Portada","item":"https:\/\/aptent.es\/ca\/"},{"@type":"ListItem","position":2,"name":"El bucle magn\u00e9tico para el teatro"}]},{"@type":"WebSite","@id":"https:\/\/aptent.es\/#website","url":"https:\/\/aptent.es\/","name":"Aptent Soluciones. Subtitulado y audiodescripci\u00f3n.","description":"Empresa de tecnolog\u00eda y accesibilidad en la comunicaci\u00f3n. Subtitulado para sordos en directo, traducci\u00f3n, audiodescripci\u00f3n, sistema FM y bucle magn\u00e9tico.","potentialAction":[{"@type":"SearchAction","target":{"@type":"EntryPoint","urlTemplate":"https:\/\/aptent.es\/?s={search_term_string}"},"query-input":{"@type":"PropertyValueSpecification","valueRequired":true,"valueName":"search_term_string"}}],"inLanguage":"ca"},{"@type":"Person","@id":"https:\/\/aptent.es\/#\/schema\/person\/6e99ccba3c9cd4f73750645a1b442c4a","name":"Beatriz Lerones","image":{"@type":"ImageObject","inLanguage":"ca","@id":"https:\/\/secure.gravatar.com\/avatar\/edf99074cac7bd706e13f3e9ad07e8e05c09967ba9e305434c5a09850b1ab0f4?s=96&d=mm&r=g","url":"https:\/\/secure.gravatar.com\/avatar\/edf99074cac7bd706e13f3e9ad07e8e05c09967ba9e305434c5a09850b1ab0f4?s=96&d=mm&r=g","contentUrl":"https:\/\/secure.gravatar.com\/avatar\/edf99074cac7bd706e13f3e9ad07e8e05c09967ba9e305434c5a09850b1ab0f4?s=96&d=mm&r=g","caption":"Beatriz Lerones"}}]}},"_links":{"self":[{"href":"https:\/\/aptent.es\/ca\/wp-json\/wp\/v2\/posts\/7743","targetHints":{"allow":["GET"]}}],"collection":[{"href":"https:\/\/aptent.es\/ca\/wp-json\/wp\/v2\/posts"}],"about":[{"href":"https:\/\/aptent.es\/ca\/wp-json\/wp\/v2\/types\/post"}],"author":[{"embeddable":true,"href":"https:\/\/aptent.es\/ca\/wp-json\/wp\/v2\/users\/2"}],"replies":[{"embeddable":true,"href":"https:\/\/aptent.es\/ca\/wp-json\/wp\/v2\/comments?post=7743"}],"version-history":[{"count":15,"href":"https:\/\/aptent.es\/ca\/wp-json\/wp\/v2\/posts\/7743\/revisions"}],"predecessor-version":[{"id":11944,"href":"https:\/\/aptent.es\/ca\/wp-json\/wp\/v2\/posts\/7743\/revisions\/11944"}],"wp:featuredmedia":[{"embeddable":true,"href":"https:\/\/aptent.es\/ca\/wp-json\/wp\/v2\/media\/11671"}],"wp:attachment":[{"href":"https:\/\/aptent.es\/ca\/wp-json\/wp\/v2\/media?parent=7743"}],"wp:term":[{"taxonomy":"category","embeddable":true,"href":"https:\/\/aptent.es\/ca\/wp-json\/wp\/v2\/categories?post=7743"},{"taxonomy":"post_tag","embeddable":true,"href":"https:\/\/aptent.es\/ca\/wp-json\/wp\/v2\/tags?post=7743"}],"curies":[{"name":"wp","href":"https:\/\/api.w.org\/{rel}","templated":true}]}}