{"id":7719,"date":"2020-07-02T12:08:50","date_gmt":"2020-07-02T10:08:50","guid":{"rendered":"https:\/\/aptent.es\/?p=5665"},"modified":"2020-07-02T12:08:50","modified_gmt":"2020-07-02T10:08:50","slug":"equipamiento-de-ayuda-auditiva","status":"publish","type":"post","link":"https:\/\/aptent.es\/ca\/equipamiento-de-ayuda-auditiva\/","title":{"rendered":"Equipamiento de ayuda auditiva"},"content":{"rendered":"<p><span style=\"font-weight: 400;\">En Aptent, ponemos a disposici\u00f3n de quien lo necesite el Sistema FM destinado a personas sordas o con p\u00e9rdida auditiva. Este sistemas es una de las principales medidas para conseguir una accesibilidad plena a los contenidos educativos, culturales o audiovisuales. El equipo cuentan con una gran flexibilidad y movilidad, y su instalaci\u00f3n es muy sencilla, por lo que los usuarios tendr\u00e1n libertad de usarlo en cualquier punto de una sala sin limitaciones.<\/span><\/p>\n<p><span style=\"font-weight: 400;\">Hay dos formas de uso diferentes, en funci\u00f3n de las necesidades del usuario:<\/span><\/p>\n<ul>\n<li style=\"font-weight: 400;\"><span style=\"font-weight: 400;\">Sonido de sala amplificado con auriculares, destinado a aquellas personas con p\u00e9rdida auditiva\u00a0 que posean o no\u00a0 aud\u00edfono o simplemente, que quieran escuchar mejor ciertos contenidos.\u00a0<\/span>Los usuarios de este servicio simplemente necesitar\u00e1n unos auriculares, conectados al receptor FM que les permitir\u00e1 regular el sonido a sus necesidades.<\/li>\n<\/ul>\n<ul>\n<li style=\"font-weight: 400;\"><span style=\"font-weight: 400;\">Bucle magn\u00e9tico individual es para aquellas personas que ya posean una pr\u00f3tesis auditiva en posici\u00f3n T (aud\u00edfono o implante coclear).\u00a0<\/span>Consiste en un lazo o bucle de inducci\u00f3n individual conectado al receptor FM que les permitir\u00e1 tambi\u00e9n regular el sonido. Los usuarios se colocan el lazo como si fuera un collar y as\u00ed tendr\u00e1n la posibilidad de escuchar la obra de forma n\u00edtida y sin problemas.<\/li>\n<\/ul>\n<p><span style=\"font-weight: 400;\">Este sistema FM es una alternativa accesible muy c\u00f3moda para espacios culturales, educativos y de eventos. Tambi\u00e9n se puede hacer uso de ella en el hogar, para escuchar mejor la televisi\u00f3n, la radio o cualquier contenido audiovisual desde el ordenador.\u00a0<\/span><\/p>\n<p><span style=\"font-weight: 400;\">En definitiva, en Aptent queremos hacer que la accesibilidad est\u00e9 presente en todos los \u00e1mbitos y este equipamiento es una de las mejores opciones para ello.<\/span><\/p>\n<p>&nbsp;<\/p>\n<p><strong>Art\u00edculos relacionados:<\/strong><\/p>\n<p><a href=\"https:\/\/aptent.es\/figueras-adquiere-equipamiento-de-ayuda-auditiva-para-ofrecer-funciones-accesibles-en-sus-teatros\/\">Figueras adquiere equipamiento de ayuda auditiva para ofrecer funciones accesibles en sus teatros<\/a><\/p>\n<p><a href=\"https:\/\/aptent.es\/uso-de-la-ayuda-auditiva-ante-el-covid-19\/\">Uso de la ayuda auditiva ante el Covid-19<\/a><\/p>\n<p><a href=\"https:\/\/aptent.es\/ayudas-auditivas-el-bucle-magnetico-y-el-sistema-de-fm\/\">Ayudas auditivas: El bucle magn\u00e9tico y el sistema de FM<\/a><\/p>\n<p><a href=\"https:\/\/aptent.es\/bucle-magnetico-o-lazo-de-induccion-magnetica\/\">Bucle magn\u00e9tico o lazo de inducci\u00f3n magn\u00e9tica<\/a><\/p>\n<p>&nbsp;<\/p>\n","protected":false},"excerpt":{"rendered":"<p>En Aptent, ponemos a disposici\u00f3n de quien lo necesite el Sistema FM destinado a personas sordas o con p\u00e9rdida auditiva. Este sistemas es una de las principales medidas para conseguir una accesibilidad plena a los contenidos educativos, culturales o audiovisuales. El equipo cuentan con una gran flexibilidad y movilidad, y su instalaci\u00f3n es muy sencilla, [&hellip;]<\/p>\n","protected":false},"author":7,"featured_media":6889,"comment_status":"open","ping_status":"open","sticky":false,"template":"","format":"standard","meta":{"_et_pb_use_builder":"","_et_pb_old_content":"","_et_gb_content_width":"","footnotes":""},"categories":[47],"tags":[18,102,35,186,30,84,171,43,31,120,130,86,188,39,44],"class_list":["post-7719","post","type-post","status-publish","format-standard","has-post-thumbnail","hentry","category-accesibilidad-comunicacion","tag-accesibilidad","tag-accesibilidad-a-la-comunicacion","tag-aptent","tag-ayuda-auditiva","tag-bucle-magnetico","tag-discapacidad","tag-discapacidad-auditiva","tag-eventos","tag-eventos-accesibles","tag-implante-coclear","tag-inclusion","tag-nuevas-tecnologias","tag-sistema-fm","tag-teatro-accesible","tag-tecnologia"],"yoast_head":"<!-- This site is optimized with the Yoast SEO plugin v27.5 - https:\/\/yoast.com\/product\/yoast-seo-wordpress\/ -->\n<title>Equipamiento de ayuda auditiva - Aptent Soluciones. Subtitulado y audiodescripci\u00f3n.<\/title>\n<meta name=\"robots\" content=\"index, follow, max-snippet:-1, max-image-preview:large, max-video-preview:-1\" \/>\n<link rel=\"canonical\" href=\"https:\/\/aptent.es\/equipamiento-de-ayuda-auditiva\/\" \/>\n<meta property=\"og:locale\" content=\"ca_ES\" \/>\n<meta property=\"og:type\" content=\"article\" \/>\n<meta property=\"og:title\" content=\"Equipamiento de ayuda auditiva - Aptent Soluciones. Subtitulado y audiodescripci\u00f3n.\" \/>\n<meta property=\"og:description\" content=\"En Aptent, ponemos a disposici\u00f3n de quien lo necesite el Sistema FM destinado a personas sordas o con p\u00e9rdida auditiva. Este sistemas es una de las principales medidas para conseguir una accesibilidad plena a los contenidos educativos, culturales o audiovisuales. El equipo cuentan con una gran flexibilidad y movilidad, y su instalaci\u00f3n es muy sencilla, [&hellip;]\" \/>\n<meta property=\"og:url\" content=\"https:\/\/aptent.es\/equipamiento-de-ayuda-auditiva\/\" \/>\n<meta property=\"og:site_name\" content=\"Aptent Soluciones. Subtitulado y audiodescripci\u00f3n.\" \/>\n<meta property=\"article:published_time\" content=\"2020-07-02T10:08:50+00:00\" \/>\n<meta property=\"og:image\" content=\"https:\/\/aptent.es\/wp-content\/uploads\/2020\/07\/pcientifico157-scaled.jpg\" \/>\n\t<meta property=\"og:image:width\" content=\"2560\" \/>\n\t<meta property=\"og:image:height\" content=\"1707\" \/>\n\t<meta property=\"og:image:type\" content=\"image\/jpeg\" \/>\n<meta name=\"author\" content=\"Luc\u00eda Mendoza\" \/>\n<meta name=\"twitter:card\" content=\"summary_large_image\" \/>\n<meta name=\"twitter:label1\" content=\"Escrit per\" \/>\n\t<meta name=\"twitter:data1\" content=\"Luc\u00eda Mendoza\" \/>\n\t<meta name=\"twitter:label2\" content=\"Temps estimat de lectura\" \/>\n\t<meta name=\"twitter:data2\" content=\"2 minuts\" \/>\n<script type=\"application\/ld+json\" class=\"yoast-schema-graph\">{\"@context\":\"https:\\\/\\\/schema.org\",\"@graph\":[{\"@type\":\"Article\",\"@id\":\"https:\\\/\\\/aptent.es\\\/equipamiento-de-ayuda-auditiva\\\/#article\",\"isPartOf\":{\"@id\":\"https:\\\/\\\/aptent.es\\\/equipamiento-de-ayuda-auditiva\\\/\"},\"author\":{\"name\":\"Luc\u00eda Mendoza\",\"@id\":\"https:\\\/\\\/aptent.es\\\/#\\\/schema\\\/person\\\/5e9d657a70106406ffe24157fe56418d\"},\"headline\":\"Equipamiento de ayuda auditiva\",\"datePublished\":\"2020-07-02T10:08:50+00:00\",\"mainEntityOfPage\":{\"@id\":\"https:\\\/\\\/aptent.es\\\/equipamiento-de-ayuda-auditiva\\\/\"},\"wordCount\":335,\"commentCount\":0,\"image\":{\"@id\":\"https:\\\/\\\/aptent.es\\\/equipamiento-de-ayuda-auditiva\\\/#primaryimage\"},\"thumbnailUrl\":\"https:\\\/\\\/aptent.es\\\/wp-content\\\/uploads\\\/2020\\\/07\\\/pcientifico157-scaled.jpg\",\"keywords\":[\"Accesibilidad\",\"Accesibilidad a la comunicaci\u00f3n\",\"Aptent\",\"ayuda auditiva\",\"Bucle magn\u00e9tico\",\"discapacidad\",\"DISCAPACIDAD AUDITIVA\",\"Eventos\",\"Eventos Accesibles\",\"implante coclear\",\"Inclusi\u00f3n\",\"Nuevas tecnolog\u00edas\",\"sistema FM\",\"Teatro Accesible\",\"Tecnolog\u00eda\"],\"articleSection\":[\"Accesibilidad a la comunicaci\u00f3n\"],\"inLanguage\":\"ca\",\"potentialAction\":[{\"@type\":\"CommentAction\",\"name\":\"Comment\",\"target\":[\"https:\\\/\\\/aptent.es\\\/equipamiento-de-ayuda-auditiva\\\/#respond\"]}]},{\"@type\":\"WebPage\",\"@id\":\"https:\\\/\\\/aptent.es\\\/equipamiento-de-ayuda-auditiva\\\/\",\"url\":\"https:\\\/\\\/aptent.es\\\/equipamiento-de-ayuda-auditiva\\\/\",\"name\":\"Equipamiento de ayuda auditiva - Aptent Soluciones. Subtitulado y audiodescripci\u00f3n.\",\"isPartOf\":{\"@id\":\"https:\\\/\\\/aptent.es\\\/#website\"},\"primaryImageOfPage\":{\"@id\":\"https:\\\/\\\/aptent.es\\\/equipamiento-de-ayuda-auditiva\\\/#primaryimage\"},\"image\":{\"@id\":\"https:\\\/\\\/aptent.es\\\/equipamiento-de-ayuda-auditiva\\\/#primaryimage\"},\"thumbnailUrl\":\"https:\\\/\\\/aptent.es\\\/wp-content\\\/uploads\\\/2020\\\/07\\\/pcientifico157-scaled.jpg\",\"datePublished\":\"2020-07-02T10:08:50+00:00\",\"author\":{\"@id\":\"https:\\\/\\\/aptent.es\\\/#\\\/schema\\\/person\\\/5e9d657a70106406ffe24157fe56418d\"},\"breadcrumb\":{\"@id\":\"https:\\\/\\\/aptent.es\\\/equipamiento-de-ayuda-auditiva\\\/#breadcrumb\"},\"inLanguage\":\"ca\",\"potentialAction\":[{\"@type\":\"ReadAction\",\"target\":[\"https:\\\/\\\/aptent.es\\\/equipamiento-de-ayuda-auditiva\\\/\"]}]},{\"@type\":\"ImageObject\",\"inLanguage\":\"ca\",\"@id\":\"https:\\\/\\\/aptent.es\\\/equipamiento-de-ayuda-auditiva\\\/#primaryimage\",\"url\":\"https:\\\/\\\/aptent.es\\\/wp-content\\\/uploads\\\/2020\\\/07\\\/pcientifico157-scaled.jpg\",\"contentUrl\":\"https:\\\/\\\/aptent.es\\\/wp-content\\\/uploads\\\/2020\\\/07\\\/pcientifico157-scaled.jpg\",\"width\":2560,\"height\":1707},{\"@type\":\"BreadcrumbList\",\"@id\":\"https:\\\/\\\/aptent.es\\\/equipamiento-de-ayuda-auditiva\\\/#breadcrumb\",\"itemListElement\":[{\"@type\":\"ListItem\",\"position\":1,\"name\":\"Portada\",\"item\":\"https:\\\/\\\/aptent.es\\\/ca\\\/\"},{\"@type\":\"ListItem\",\"position\":2,\"name\":\"Equipamiento de ayuda auditiva\"}]},{\"@type\":\"WebSite\",\"@id\":\"https:\\\/\\\/aptent.es\\\/#website\",\"url\":\"https:\\\/\\\/aptent.es\\\/\",\"name\":\"Aptent Soluciones. Subtitulado y audiodescripci\u00f3n.\",\"description\":\"Empresa de tecnolog\u00eda y accesibilidad en la comunicaci\u00f3n. Subtitulado para sordos en directo, traducci\u00f3n, audiodescripci\u00f3n, sistema FM y bucle magn\u00e9tico.\",\"potentialAction\":[{\"@type\":\"SearchAction\",\"target\":{\"@type\":\"EntryPoint\",\"urlTemplate\":\"https:\\\/\\\/aptent.es\\\/?s={search_term_string}\"},\"query-input\":{\"@type\":\"PropertyValueSpecification\",\"valueRequired\":true,\"valueName\":\"search_term_string\"}}],\"inLanguage\":\"ca\"},{\"@type\":\"Person\",\"@id\":\"https:\\\/\\\/aptent.es\\\/#\\\/schema\\\/person\\\/5e9d657a70106406ffe24157fe56418d\",\"name\":\"Luc\u00eda Mendoza\",\"image\":{\"@type\":\"ImageObject\",\"inLanguage\":\"ca\",\"@id\":\"https:\\\/\\\/secure.gravatar.com\\\/avatar\\\/64937fae4687742a82e0f0e3c8b4feb4cadae5553982290315aeb2705ee50825?s=96&d=mm&r=g\",\"url\":\"https:\\\/\\\/secure.gravatar.com\\\/avatar\\\/64937fae4687742a82e0f0e3c8b4feb4cadae5553982290315aeb2705ee50825?s=96&d=mm&r=g\",\"contentUrl\":\"https:\\\/\\\/secure.gravatar.com\\\/avatar\\\/64937fae4687742a82e0f0e3c8b4feb4cadae5553982290315aeb2705ee50825?s=96&d=mm&r=g\",\"caption\":\"Luc\u00eda Mendoza\"}}]}<\/script>\n<!-- \/ Yoast SEO plugin. -->","yoast_head_json":{"title":"Equipamiento de ayuda auditiva - Aptent Soluciones. Subtitulado y audiodescripci\u00f3n.","robots":{"index":"index","follow":"follow","max-snippet":"max-snippet:-1","max-image-preview":"max-image-preview:large","max-video-preview":"max-video-preview:-1"},"canonical":"https:\/\/aptent.es\/equipamiento-de-ayuda-auditiva\/","og_locale":"ca_ES","og_type":"article","og_title":"Equipamiento de ayuda auditiva - Aptent Soluciones. Subtitulado y audiodescripci\u00f3n.","og_description":"En Aptent, ponemos a disposici\u00f3n de quien lo necesite el Sistema FM destinado a personas sordas o con p\u00e9rdida auditiva. Este sistemas es una de las principales medidas para conseguir una accesibilidad plena a los contenidos educativos, culturales o audiovisuales. El equipo cuentan con una gran flexibilidad y movilidad, y su instalaci\u00f3n es muy sencilla, [&hellip;]","og_url":"https:\/\/aptent.es\/equipamiento-de-ayuda-auditiva\/","og_site_name":"Aptent Soluciones. Subtitulado y audiodescripci\u00f3n.","article_published_time":"2020-07-02T10:08:50+00:00","og_image":[{"width":2560,"height":1707,"url":"https:\/\/aptent.es\/wp-content\/uploads\/2020\/07\/pcientifico157-scaled.jpg","type":"image\/jpeg"}],"author":"Luc\u00eda Mendoza","twitter_card":"summary_large_image","twitter_misc":{"Escrit per":"Luc\u00eda Mendoza","Temps estimat de lectura":"2 minuts"},"schema":{"@context":"https:\/\/schema.org","@graph":[{"@type":"Article","@id":"https:\/\/aptent.es\/equipamiento-de-ayuda-auditiva\/#article","isPartOf":{"@id":"https:\/\/aptent.es\/equipamiento-de-ayuda-auditiva\/"},"author":{"name":"Luc\u00eda Mendoza","@id":"https:\/\/aptent.es\/#\/schema\/person\/5e9d657a70106406ffe24157fe56418d"},"headline":"Equipamiento de ayuda auditiva","datePublished":"2020-07-02T10:08:50+00:00","mainEntityOfPage":{"@id":"https:\/\/aptent.es\/equipamiento-de-ayuda-auditiva\/"},"wordCount":335,"commentCount":0,"image":{"@id":"https:\/\/aptent.es\/equipamiento-de-ayuda-auditiva\/#primaryimage"},"thumbnailUrl":"https:\/\/aptent.es\/wp-content\/uploads\/2020\/07\/pcientifico157-scaled.jpg","keywords":["Accesibilidad","Accesibilidad a la comunicaci\u00f3n","Aptent","ayuda auditiva","Bucle magn\u00e9tico","discapacidad","DISCAPACIDAD AUDITIVA","Eventos","Eventos Accesibles","implante coclear","Inclusi\u00f3n","Nuevas tecnolog\u00edas","sistema FM","Teatro Accesible","Tecnolog\u00eda"],"articleSection":["Accesibilidad a la comunicaci\u00f3n"],"inLanguage":"ca","potentialAction":[{"@type":"CommentAction","name":"Comment","target":["https:\/\/aptent.es\/equipamiento-de-ayuda-auditiva\/#respond"]}]},{"@type":"WebPage","@id":"https:\/\/aptent.es\/equipamiento-de-ayuda-auditiva\/","url":"https:\/\/aptent.es\/equipamiento-de-ayuda-auditiva\/","name":"Equipamiento de ayuda auditiva - Aptent Soluciones. Subtitulado y audiodescripci\u00f3n.","isPartOf":{"@id":"https:\/\/aptent.es\/#website"},"primaryImageOfPage":{"@id":"https:\/\/aptent.es\/equipamiento-de-ayuda-auditiva\/#primaryimage"},"image":{"@id":"https:\/\/aptent.es\/equipamiento-de-ayuda-auditiva\/#primaryimage"},"thumbnailUrl":"https:\/\/aptent.es\/wp-content\/uploads\/2020\/07\/pcientifico157-scaled.jpg","datePublished":"2020-07-02T10:08:50+00:00","author":{"@id":"https:\/\/aptent.es\/#\/schema\/person\/5e9d657a70106406ffe24157fe56418d"},"breadcrumb":{"@id":"https:\/\/aptent.es\/equipamiento-de-ayuda-auditiva\/#breadcrumb"},"inLanguage":"ca","potentialAction":[{"@type":"ReadAction","target":["https:\/\/aptent.es\/equipamiento-de-ayuda-auditiva\/"]}]},{"@type":"ImageObject","inLanguage":"ca","@id":"https:\/\/aptent.es\/equipamiento-de-ayuda-auditiva\/#primaryimage","url":"https:\/\/aptent.es\/wp-content\/uploads\/2020\/07\/pcientifico157-scaled.jpg","contentUrl":"https:\/\/aptent.es\/wp-content\/uploads\/2020\/07\/pcientifico157-scaled.jpg","width":2560,"height":1707},{"@type":"BreadcrumbList","@id":"https:\/\/aptent.es\/equipamiento-de-ayuda-auditiva\/#breadcrumb","itemListElement":[{"@type":"ListItem","position":1,"name":"Portada","item":"https:\/\/aptent.es\/ca\/"},{"@type":"ListItem","position":2,"name":"Equipamiento de ayuda auditiva"}]},{"@type":"WebSite","@id":"https:\/\/aptent.es\/#website","url":"https:\/\/aptent.es\/","name":"Aptent Soluciones. Subtitulado y audiodescripci\u00f3n.","description":"Empresa de tecnolog\u00eda y accesibilidad en la comunicaci\u00f3n. Subtitulado para sordos en directo, traducci\u00f3n, audiodescripci\u00f3n, sistema FM y bucle magn\u00e9tico.","potentialAction":[{"@type":"SearchAction","target":{"@type":"EntryPoint","urlTemplate":"https:\/\/aptent.es\/?s={search_term_string}"},"query-input":{"@type":"PropertyValueSpecification","valueRequired":true,"valueName":"search_term_string"}}],"inLanguage":"ca"},{"@type":"Person","@id":"https:\/\/aptent.es\/#\/schema\/person\/5e9d657a70106406ffe24157fe56418d","name":"Luc\u00eda Mendoza","image":{"@type":"ImageObject","inLanguage":"ca","@id":"https:\/\/secure.gravatar.com\/avatar\/64937fae4687742a82e0f0e3c8b4feb4cadae5553982290315aeb2705ee50825?s=96&d=mm&r=g","url":"https:\/\/secure.gravatar.com\/avatar\/64937fae4687742a82e0f0e3c8b4feb4cadae5553982290315aeb2705ee50825?s=96&d=mm&r=g","contentUrl":"https:\/\/secure.gravatar.com\/avatar\/64937fae4687742a82e0f0e3c8b4feb4cadae5553982290315aeb2705ee50825?s=96&d=mm&r=g","caption":"Luc\u00eda Mendoza"}}]}},"_links":{"self":[{"href":"https:\/\/aptent.es\/ca\/wp-json\/wp\/v2\/posts\/7719","targetHints":{"allow":["GET"]}}],"collection":[{"href":"https:\/\/aptent.es\/ca\/wp-json\/wp\/v2\/posts"}],"about":[{"href":"https:\/\/aptent.es\/ca\/wp-json\/wp\/v2\/types\/post"}],"author":[{"embeddable":true,"href":"https:\/\/aptent.es\/ca\/wp-json\/wp\/v2\/users\/7"}],"replies":[{"embeddable":true,"href":"https:\/\/aptent.es\/ca\/wp-json\/wp\/v2\/comments?post=7719"}],"version-history":[{"count":0,"href":"https:\/\/aptent.es\/ca\/wp-json\/wp\/v2\/posts\/7719\/revisions"}],"wp:featuredmedia":[{"embeddable":true,"href":"https:\/\/aptent.es\/ca\/wp-json\/wp\/v2\/media\/6889"}],"wp:attachment":[{"href":"https:\/\/aptent.es\/ca\/wp-json\/wp\/v2\/media?parent=7719"}],"wp:term":[{"taxonomy":"category","embeddable":true,"href":"https:\/\/aptent.es\/ca\/wp-json\/wp\/v2\/categories?post=7719"},{"taxonomy":"post_tag","embeddable":true,"href":"https:\/\/aptent.es\/ca\/wp-json\/wp\/v2\/tags?post=7719"}],"curies":[{"name":"wp","href":"https:\/\/api.w.org\/{rel}","templated":true}]}}