{"id":7703,"date":"2020-11-24T12:40:28","date_gmt":"2020-11-24T11:40:28","guid":{"rendered":"https:\/\/aptent.es\/?p=5871"},"modified":"2024-04-25T12:39:26","modified_gmt":"2024-04-25T10:39:26","slug":"xii-jornadas-sobre-inclusion-social-y-educacion-en-las-artes-escenicas","status":"publish","type":"post","link":"https:\/\/aptent.es\/ca\/xii-jornadas-sobre-inclusion-social-y-educacion-en-las-artes-escenicas\/","title":{"rendered":"XII Jornadas sobre Inclusi\u00f3n Social y Educaci\u00f3n en las Artes Esc\u00e9nicas"},"content":{"rendered":"<p><span style=\"font-weight: 400;\">Con el lema <\/span><i><span style=\"font-weight: 400;\">La fuerza de las alianzas. Debates de futuro para las artes esc\u00e9nicas y musicales inclusivas y comunitarias se realizaron <\/span><\/i><span style=\"font-weight: 400;\">las<\/span> <span style=\"font-weight: 400;\">XII Jornadas de Inclusi\u00f3n<\/span> <span style=\"font-weight: 400;\">y Educaci\u00f3n en las Artes Esc\u00e9nicas desde el Centro de Cultura Contempor\u00e1nea <\/span><a href=\"https:\/\/www.condeduquemadrid.es\/\"><span style=\"font-weight: 400;\">Conde duque<\/span><\/a><span style=\"font-weight: 400;\"> de Madrid. Las charlas y espect\u00e1culos se pueden encontrar a trav\u00e9s de la <\/span><a href=\"https:\/\/us04web.zoom.us\/j\/77443772276?pwd=Mkk3QXVIVWhLd2pzZDQ1NlNaT1VNQT09\"><span style=\"font-weight: 400;\">p\u00e1gina web<\/span><\/a><span style=\"font-weight: 400;\"> del Ministerio de Cultura y Deportes y cuentan con subt\u00edtulos e interpretaci\u00f3n en lengua de signos.\u00a0<\/span><\/p>\n<p><span style=\"font-weight: 400;\">Ponencias, conversatorios y espect\u00e1culos v\u00eda streaming convergieron en un encuentro que abord\u00f3 los derechos de participaci\u00f3n cultural de personas en situaci\u00f3n de discapacidad y donde se expusieron proyectos culturales innovadores y con impacto social.\u00a0<\/span><\/p>\n<p><span style=\"font-weight: 400;\">La ponencia con la que se iniciaron estas Jornadas fue del profesor del Instituto de Gobierno y Pol\u00edticas P\u00fablicas de Barcelona (IGOP) e investigador del campo de las pol\u00edticas culturales y sociales, Nicol\u00e1s Barbieri con <\/span><i><span style=\"font-weight: 400;\">El derecho a participar en la vida cultural: \u00bfhablamos de desigualdades?<\/span><\/i><span style=\"font-weight: 400;\">, en tanto, el Director del Departamento de Coordinaci\u00f3n del INAEM, Jaime Guerra, present\u00f3 <\/span><i><span style=\"font-weight: 400;\">El futuro de las Jornadas sobre Inclusi\u00f3n Social y Educaci\u00f3n en las Artes Esc\u00e9nicas: nuevos retos y objetivos<\/span><\/i><span style=\"font-weight: 400;\"> y la Directora de ARTransforma de Barcelona, Queral Prats, expuso sobre\u00a0 el proyecto<\/span><a href=\"http:\/\/artransforma.org\/art\/es\/la-mano-viajera\/\"> <i><span style=\"font-weight: 400;\">La mano viajera<\/span><\/i><\/a><span style=\"font-weight: 400;\">. Un proyecto de\u00a0danza participativo en el que se van aglutinando diferentes manos de todo el mundo\u00a0 que luego son expuestas mediante videos-rutas-episodios. Por otro lado, el docente de gesti\u00f3n cultural de la Universidad Nacional de C\u00f3rdoba-Argentina y director ejecutivo de <\/span><a href=\"https:\/\/martadero.org\/\"><span style=\"font-weight: 400;\">MARTadero<\/span><\/a><span style=\"font-weight: 400;\"> &#8211;espacio cultural y de desarrollo social en Cochabamba, Bolivia&#8211; expuso <\/span><i><span style=\"font-weight: 400;\">Cultura colaborativa: exponiendo futuros (deseables).<\/span><\/i><\/p>\n<p><span style=\"font-weight: 400;\">Adem\u00e1s de ponencias, hubo diversos conversatorios entre gestores culturales y profesionales de la cultura que reflexionaron sobre el futuro de la inclusi\u00f3n en las artes esc\u00e9nicas. En el coloquio <\/span><i><span style=\"font-weight: 400;\">Eventos relacionados con las artes esc\u00e9nicas, las diversidades y las comunidades <\/span><\/i><span style=\"font-weight: 400;\">participaron In\u00e9s Enciso\u00a0 de <\/span><i><span style=\"font-weight: 400;\">Una Mirada Diferente<\/span><\/i><span style=\"font-weight: 400;\">, Madrid, Beatriz Liebe de<\/span><i><span style=\"font-weight: 400;\"> L\u2019Altre Festiva<\/span><\/i><span style=\"font-weight: 400;\">l, Barcelona,\u00a0 Esmeralda Valderrama\u00a0 de <\/span><i><span style=\"font-weight: 400;\">Danza Mobile<\/span><\/i><span style=\"font-weight: 400;\">, Sevilla,\u00a0 Inma Garc\u00eda del <\/span><i><span style=\"font-weight: 400;\">Festival 10 Sentidos<\/span><\/i><span style=\"font-weight: 400;\">, Valencia, y Marta Esteve de Mutare de Fundaci\u00f3n Carulla, Barcelona.\u00a0<\/span><\/p>\n<p><span style=\"font-weight: 400;\">En el conversatorio <\/span><i><span style=\"font-weight: 400;\">Los derechos culturales y la necesidad democr\u00e1tica de la pr\u00e1ctica art\u00edstica y cultural<\/span><\/i><span style=\"font-weight: 400;\"> debatieron Fernando Garc\u00eda de la Red de Espacios Culturales del Sur, Cristina Alonso de Teatre de l\u00b4Artes\u00e1, Diego Garulo de Harinera ZGZ y Sergio Ram\u00f3n Cebri\u00e1n del Ateneu de les Arts de Viladecans de Barcelona.<\/span><\/p>\n<p><span style=\"font-weight: 400;\">Asimismo, hubo diversas manifestaciones y espect\u00e1culos culturales como <\/span><i><span style=\"font-weight: 400;\">Memoria Conectiva<\/span><\/i><span style=\"font-weight: 400;\"> de la <\/span><a href=\"https:\/\/www.movearteparatodos.com\/\"><span style=\"font-weight: 400;\">Compa\u00f1\u00eda MOVE<\/span><\/a><span style=\"font-weight: 400;\"> para todos<\/span><span style=\"font-weight: 400;\"> &#8211;iniciativa que promueve y difunde las artes esc\u00e9nicas a trav\u00e9s de la creaci\u00f3n colectiva y comunitaria&#8211;, el <\/span><a href=\"http:\/\/tantarantana.com\/\"><span style=\"font-weight: 400;\">Teatre Tantarantana<\/span><\/a><span style=\"font-weight: 400;\"> exhibi\u00f3 <\/span><span style=\"font-weight: 400;\">&#8216;Oi N\u00e9oi, proyecto PI(\u00c8)CE&#8217; con subtitulado, int\u00e9rprete de lengua de signos y audiodescripci\u00f3n para personas con discapacidad sensorial y\u00a0 en la secci\u00f3n Pizcas de Arte,\u00a0 Inclusivxs Asociaci\u00f3n present\u00f3 en lengua de signos la pieza audiovisual <\/span><i><span style=\"font-weight: 400;\">Fronteres<\/span><\/i><span style=\"font-weight: 400;\">, y la Asociaci\u00f3n ALFA\u00a0 que trabaja con personas con discapacidad intelectual present\u00f3 la obra <\/span><i><span style=\"font-weight: 400;\">Y me busco<\/span><\/i><span style=\"font-weight: 400;\">, entre otras exhibiciones.<\/span><\/p>\n<p>Escrito por Catalina Martin<\/p>\n<p><span style=\"font-weight: 400;\"><img loading=\"lazy\" decoding=\"async\" class=\"wp-image-5874 alignnone\" src=\"https:\/\/aptent.es\/wp-content\/uploads\/2020\/11\/6-ponencia-nicolas-barbieri-1024x683.jpg\" alt=\"Pantalla donde aparecen 3 personas en una videoconferencia. Una de ellas es la interprete de lengua de signos. Hay subt\u00edtulos n la parte inferior. \" width=\"389\" height=\"259\" \/><img loading=\"lazy\" decoding=\"async\" class=\"wp-image-5873 alignleft\" src=\"https:\/\/aptent.es\/wp-content\/uploads\/2020\/11\/11-traduccion-lenguaje-signos-1024x683.jpg\" alt=\"La interprete utiliza la lengua de signos. Mira a una pantalla donde hay varias personas conversando. Ella lleva unos auriculares. \" width=\"370\" height=\"246\" \/><\/span><\/p>\n","protected":false},"excerpt":{"rendered":"<p>Con el lema La fuerza de las alianzas. Debates de futuro para las artes esc\u00e9nicas y musicales inclusivas y comunitarias se realizaron las XII Jornadas de Inclusi\u00f3n y Educaci\u00f3n en las Artes Esc\u00e9nicas desde el Centro de Cultura Contempor\u00e1nea Conde duque de Madrid. Las charlas y espect\u00e1culos se pueden encontrar a trav\u00e9s de la p\u00e1gina [&hellip;]<\/p>\n","protected":false},"author":7,"featured_media":6845,"comment_status":"open","ping_status":"open","sticky":false,"template":"","format":"standard","meta":{"_et_pb_use_builder":"","_et_pb_old_content":"","_et_gb_content_width":"","footnotes":""},"categories":[47,81],"tags":[18,102,35,114,171,31,130,24,86,104,22,39],"class_list":["post-7703","post","type-post","status-publish","format-standard","has-post-thumbnail","hentry","category-accesibilidad-comunicacion","category-eventos","tag-accesibilidad","tag-accesibilidad-a-la-comunicacion","tag-aptent","tag-artes-escenicas","tag-discapacidad-auditiva","tag-eventos-accesibles","tag-inclusion","tag-lengua-de-signos","tag-nuevas-tecnologias","tag-personas-con-discapacidad","tag-subtitulado","tag-teatro-accesible"],"yoast_head":"<!-- This site is optimized with the Yoast SEO plugin v27.5 - https:\/\/yoast.com\/product\/yoast-seo-wordpress\/ -->\n<title>XII Jornadas sobre Inclusi\u00f3n Social y Educaci\u00f3n en las Artes Esc\u00e9nicas - Aptent Soluciones. Subtitulado y audiodescripci\u00f3n.<\/title>\n<meta name=\"robots\" content=\"index, follow, max-snippet:-1, max-image-preview:large, max-video-preview:-1\" \/>\n<link rel=\"canonical\" href=\"https:\/\/aptent.es\/xii-jornadas-sobre-inclusion-social-y-educacion-en-las-artes-escenicas\/\" \/>\n<meta property=\"og:locale\" content=\"ca_ES\" \/>\n<meta property=\"og:type\" content=\"article\" \/>\n<meta property=\"og:title\" content=\"XII Jornadas sobre Inclusi\u00f3n Social y Educaci\u00f3n en las Artes Esc\u00e9nicas - Aptent Soluciones. Subtitulado y audiodescripci\u00f3n.\" \/>\n<meta property=\"og:description\" content=\"Con el lema La fuerza de las alianzas. Debates de futuro para las artes esc\u00e9nicas y musicales inclusivas y comunitarias se realizaron las XII Jornadas de Inclusi\u00f3n y Educaci\u00f3n en las Artes Esc\u00e9nicas desde el Centro de Cultura Contempor\u00e1nea Conde duque de Madrid. Las charlas y espect\u00e1culos se pueden encontrar a trav\u00e9s de la p\u00e1gina [&hellip;]\" \/>\n<meta property=\"og:url\" content=\"https:\/\/aptent.es\/xii-jornadas-sobre-inclusion-social-y-educacion-en-las-artes-escenicas\/\" \/>\n<meta property=\"og:site_name\" content=\"Aptent Soluciones. Subtitulado y audiodescripci\u00f3n.\" \/>\n<meta property=\"article:published_time\" content=\"2020-11-24T11:40:28+00:00\" \/>\n<meta property=\"article:modified_time\" content=\"2024-04-25T10:39:26+00:00\" \/>\n<meta property=\"og:image\" content=\"https:\/\/aptent.es\/wp-content\/uploads\/2020\/11\/2-inauguracion-oficial.jpg\" \/>\n\t<meta property=\"og:image:width\" content=\"2048\" \/>\n\t<meta property=\"og:image:height\" content=\"1365\" \/>\n\t<meta property=\"og:image:type\" content=\"image\/jpeg\" \/>\n<meta name=\"author\" content=\"Luc\u00eda Mendoza\" \/>\n<meta name=\"twitter:card\" content=\"summary_large_image\" \/>\n<meta name=\"twitter:label1\" content=\"Escrit per\" \/>\n\t<meta name=\"twitter:data1\" content=\"Luc\u00eda Mendoza\" \/>\n\t<meta name=\"twitter:label2\" content=\"Temps estimat de lectura\" \/>\n\t<meta name=\"twitter:data2\" content=\"3 minuts\" \/>\n<script type=\"application\/ld+json\" class=\"yoast-schema-graph\">{\"@context\":\"https:\\\/\\\/schema.org\",\"@graph\":[{\"@type\":\"Article\",\"@id\":\"https:\\\/\\\/aptent.es\\\/xii-jornadas-sobre-inclusion-social-y-educacion-en-las-artes-escenicas\\\/#article\",\"isPartOf\":{\"@id\":\"https:\\\/\\\/aptent.es\\\/xii-jornadas-sobre-inclusion-social-y-educacion-en-las-artes-escenicas\\\/\"},\"author\":{\"name\":\"Luc\u00eda Mendoza\",\"@id\":\"https:\\\/\\\/aptent.es\\\/#\\\/schema\\\/person\\\/5e9d657a70106406ffe24157fe56418d\"},\"headline\":\"XII Jornadas sobre Inclusi\u00f3n Social y Educaci\u00f3n en las Artes Esc\u00e9nicas\",\"datePublished\":\"2020-11-24T11:40:28+00:00\",\"dateModified\":\"2024-04-25T10:39:26+00:00\",\"mainEntityOfPage\":{\"@id\":\"https:\\\/\\\/aptent.es\\\/xii-jornadas-sobre-inclusion-social-y-educacion-en-las-artes-escenicas\\\/\"},\"wordCount\":544,\"commentCount\":0,\"image\":{\"@id\":\"https:\\\/\\\/aptent.es\\\/xii-jornadas-sobre-inclusion-social-y-educacion-en-las-artes-escenicas\\\/#primaryimage\"},\"thumbnailUrl\":\"https:\\\/\\\/aptent.es\\\/wp-content\\\/uploads\\\/2020\\\/11\\\/2-inauguracion-oficial.jpg\",\"keywords\":[\"Accesibilidad\",\"Accesibilidad a la comunicaci\u00f3n\",\"Aptent\",\"artes esc\u00e9nicas\",\"DISCAPACIDAD AUDITIVA\",\"Eventos Accesibles\",\"Inclusi\u00f3n\",\"Lengua de Signos\",\"Nuevas tecnolog\u00edas\",\"personas con discapacidad\",\"Subtitulado\",\"Teatro Accesible\"],\"articleSection\":[\"Accesibilidad a la comunicaci\u00f3n\",\"Eventos\"],\"inLanguage\":\"ca\",\"potentialAction\":[{\"@type\":\"CommentAction\",\"name\":\"Comment\",\"target\":[\"https:\\\/\\\/aptent.es\\\/xii-jornadas-sobre-inclusion-social-y-educacion-en-las-artes-escenicas\\\/#respond\"]}]},{\"@type\":\"WebPage\",\"@id\":\"https:\\\/\\\/aptent.es\\\/xii-jornadas-sobre-inclusion-social-y-educacion-en-las-artes-escenicas\\\/\",\"url\":\"https:\\\/\\\/aptent.es\\\/xii-jornadas-sobre-inclusion-social-y-educacion-en-las-artes-escenicas\\\/\",\"name\":\"XII Jornadas sobre Inclusi\u00f3n Social y Educaci\u00f3n en las Artes Esc\u00e9nicas - Aptent Soluciones. Subtitulado y audiodescripci\u00f3n.\",\"isPartOf\":{\"@id\":\"https:\\\/\\\/aptent.es\\\/#website\"},\"primaryImageOfPage\":{\"@id\":\"https:\\\/\\\/aptent.es\\\/xii-jornadas-sobre-inclusion-social-y-educacion-en-las-artes-escenicas\\\/#primaryimage\"},\"image\":{\"@id\":\"https:\\\/\\\/aptent.es\\\/xii-jornadas-sobre-inclusion-social-y-educacion-en-las-artes-escenicas\\\/#primaryimage\"},\"thumbnailUrl\":\"https:\\\/\\\/aptent.es\\\/wp-content\\\/uploads\\\/2020\\\/11\\\/2-inauguracion-oficial.jpg\",\"datePublished\":\"2020-11-24T11:40:28+00:00\",\"dateModified\":\"2024-04-25T10:39:26+00:00\",\"author\":{\"@id\":\"https:\\\/\\\/aptent.es\\\/#\\\/schema\\\/person\\\/5e9d657a70106406ffe24157fe56418d\"},\"breadcrumb\":{\"@id\":\"https:\\\/\\\/aptent.es\\\/xii-jornadas-sobre-inclusion-social-y-educacion-en-las-artes-escenicas\\\/#breadcrumb\"},\"inLanguage\":\"ca\",\"potentialAction\":[{\"@type\":\"ReadAction\",\"target\":[\"https:\\\/\\\/aptent.es\\\/xii-jornadas-sobre-inclusion-social-y-educacion-en-las-artes-escenicas\\\/\"]}]},{\"@type\":\"ImageObject\",\"inLanguage\":\"ca\",\"@id\":\"https:\\\/\\\/aptent.es\\\/xii-jornadas-sobre-inclusion-social-y-educacion-en-las-artes-escenicas\\\/#primaryimage\",\"url\":\"https:\\\/\\\/aptent.es\\\/wp-content\\\/uploads\\\/2020\\\/11\\\/2-inauguracion-oficial.jpg\",\"contentUrl\":\"https:\\\/\\\/aptent.es\\\/wp-content\\\/uploads\\\/2020\\\/11\\\/2-inauguracion-oficial.jpg\",\"width\":2048,\"height\":1365},{\"@type\":\"BreadcrumbList\",\"@id\":\"https:\\\/\\\/aptent.es\\\/xii-jornadas-sobre-inclusion-social-y-educacion-en-las-artes-escenicas\\\/#breadcrumb\",\"itemListElement\":[{\"@type\":\"ListItem\",\"position\":1,\"name\":\"Portada\",\"item\":\"https:\\\/\\\/aptent.es\\\/ca\\\/\"},{\"@type\":\"ListItem\",\"position\":2,\"name\":\"XII Jornadas sobre Inclusi\u00f3n Social y Educaci\u00f3n en las Artes Esc\u00e9nicas\"}]},{\"@type\":\"WebSite\",\"@id\":\"https:\\\/\\\/aptent.es\\\/#website\",\"url\":\"https:\\\/\\\/aptent.es\\\/\",\"name\":\"Aptent Soluciones. Subtitulado y audiodescripci\u00f3n.\",\"description\":\"Empresa de tecnolog\u00eda y accesibilidad en la comunicaci\u00f3n. Subtitulado para sordos en directo, traducci\u00f3n, audiodescripci\u00f3n, sistema FM y bucle magn\u00e9tico.\",\"potentialAction\":[{\"@type\":\"SearchAction\",\"target\":{\"@type\":\"EntryPoint\",\"urlTemplate\":\"https:\\\/\\\/aptent.es\\\/?s={search_term_string}\"},\"query-input\":{\"@type\":\"PropertyValueSpecification\",\"valueRequired\":true,\"valueName\":\"search_term_string\"}}],\"inLanguage\":\"ca\"},{\"@type\":\"Person\",\"@id\":\"https:\\\/\\\/aptent.es\\\/#\\\/schema\\\/person\\\/5e9d657a70106406ffe24157fe56418d\",\"name\":\"Luc\u00eda Mendoza\",\"image\":{\"@type\":\"ImageObject\",\"inLanguage\":\"ca\",\"@id\":\"https:\\\/\\\/secure.gravatar.com\\\/avatar\\\/64937fae4687742a82e0f0e3c8b4feb4cadae5553982290315aeb2705ee50825?s=96&d=mm&r=g\",\"url\":\"https:\\\/\\\/secure.gravatar.com\\\/avatar\\\/64937fae4687742a82e0f0e3c8b4feb4cadae5553982290315aeb2705ee50825?s=96&d=mm&r=g\",\"contentUrl\":\"https:\\\/\\\/secure.gravatar.com\\\/avatar\\\/64937fae4687742a82e0f0e3c8b4feb4cadae5553982290315aeb2705ee50825?s=96&d=mm&r=g\",\"caption\":\"Luc\u00eda Mendoza\"}}]}<\/script>\n<!-- \/ Yoast SEO plugin. -->","yoast_head_json":{"title":"XII Jornadas sobre Inclusi\u00f3n Social y Educaci\u00f3n en las Artes Esc\u00e9nicas - Aptent Soluciones. Subtitulado y audiodescripci\u00f3n.","robots":{"index":"index","follow":"follow","max-snippet":"max-snippet:-1","max-image-preview":"max-image-preview:large","max-video-preview":"max-video-preview:-1"},"canonical":"https:\/\/aptent.es\/xii-jornadas-sobre-inclusion-social-y-educacion-en-las-artes-escenicas\/","og_locale":"ca_ES","og_type":"article","og_title":"XII Jornadas sobre Inclusi\u00f3n Social y Educaci\u00f3n en las Artes Esc\u00e9nicas - Aptent Soluciones. Subtitulado y audiodescripci\u00f3n.","og_description":"Con el lema La fuerza de las alianzas. Debates de futuro para las artes esc\u00e9nicas y musicales inclusivas y comunitarias se realizaron las XII Jornadas de Inclusi\u00f3n y Educaci\u00f3n en las Artes Esc\u00e9nicas desde el Centro de Cultura Contempor\u00e1nea Conde duque de Madrid. Las charlas y espect\u00e1culos se pueden encontrar a trav\u00e9s de la p\u00e1gina [&hellip;]","og_url":"https:\/\/aptent.es\/xii-jornadas-sobre-inclusion-social-y-educacion-en-las-artes-escenicas\/","og_site_name":"Aptent Soluciones. Subtitulado y audiodescripci\u00f3n.","article_published_time":"2020-11-24T11:40:28+00:00","article_modified_time":"2024-04-25T10:39:26+00:00","og_image":[{"width":2048,"height":1365,"url":"https:\/\/aptent.es\/wp-content\/uploads\/2020\/11\/2-inauguracion-oficial.jpg","type":"image\/jpeg"}],"author":"Luc\u00eda Mendoza","twitter_card":"summary_large_image","twitter_misc":{"Escrit per":"Luc\u00eda Mendoza","Temps estimat de lectura":"3 minuts"},"schema":{"@context":"https:\/\/schema.org","@graph":[{"@type":"Article","@id":"https:\/\/aptent.es\/xii-jornadas-sobre-inclusion-social-y-educacion-en-las-artes-escenicas\/#article","isPartOf":{"@id":"https:\/\/aptent.es\/xii-jornadas-sobre-inclusion-social-y-educacion-en-las-artes-escenicas\/"},"author":{"name":"Luc\u00eda Mendoza","@id":"https:\/\/aptent.es\/#\/schema\/person\/5e9d657a70106406ffe24157fe56418d"},"headline":"XII Jornadas sobre Inclusi\u00f3n Social y Educaci\u00f3n en las Artes Esc\u00e9nicas","datePublished":"2020-11-24T11:40:28+00:00","dateModified":"2024-04-25T10:39:26+00:00","mainEntityOfPage":{"@id":"https:\/\/aptent.es\/xii-jornadas-sobre-inclusion-social-y-educacion-en-las-artes-escenicas\/"},"wordCount":544,"commentCount":0,"image":{"@id":"https:\/\/aptent.es\/xii-jornadas-sobre-inclusion-social-y-educacion-en-las-artes-escenicas\/#primaryimage"},"thumbnailUrl":"https:\/\/aptent.es\/wp-content\/uploads\/2020\/11\/2-inauguracion-oficial.jpg","keywords":["Accesibilidad","Accesibilidad a la comunicaci\u00f3n","Aptent","artes esc\u00e9nicas","DISCAPACIDAD AUDITIVA","Eventos Accesibles","Inclusi\u00f3n","Lengua de Signos","Nuevas tecnolog\u00edas","personas con discapacidad","Subtitulado","Teatro Accesible"],"articleSection":["Accesibilidad a la comunicaci\u00f3n","Eventos"],"inLanguage":"ca","potentialAction":[{"@type":"CommentAction","name":"Comment","target":["https:\/\/aptent.es\/xii-jornadas-sobre-inclusion-social-y-educacion-en-las-artes-escenicas\/#respond"]}]},{"@type":"WebPage","@id":"https:\/\/aptent.es\/xii-jornadas-sobre-inclusion-social-y-educacion-en-las-artes-escenicas\/","url":"https:\/\/aptent.es\/xii-jornadas-sobre-inclusion-social-y-educacion-en-las-artes-escenicas\/","name":"XII Jornadas sobre Inclusi\u00f3n Social y Educaci\u00f3n en las Artes Esc\u00e9nicas - Aptent Soluciones. Subtitulado y audiodescripci\u00f3n.","isPartOf":{"@id":"https:\/\/aptent.es\/#website"},"primaryImageOfPage":{"@id":"https:\/\/aptent.es\/xii-jornadas-sobre-inclusion-social-y-educacion-en-las-artes-escenicas\/#primaryimage"},"image":{"@id":"https:\/\/aptent.es\/xii-jornadas-sobre-inclusion-social-y-educacion-en-las-artes-escenicas\/#primaryimage"},"thumbnailUrl":"https:\/\/aptent.es\/wp-content\/uploads\/2020\/11\/2-inauguracion-oficial.jpg","datePublished":"2020-11-24T11:40:28+00:00","dateModified":"2024-04-25T10:39:26+00:00","author":{"@id":"https:\/\/aptent.es\/#\/schema\/person\/5e9d657a70106406ffe24157fe56418d"},"breadcrumb":{"@id":"https:\/\/aptent.es\/xii-jornadas-sobre-inclusion-social-y-educacion-en-las-artes-escenicas\/#breadcrumb"},"inLanguage":"ca","potentialAction":[{"@type":"ReadAction","target":["https:\/\/aptent.es\/xii-jornadas-sobre-inclusion-social-y-educacion-en-las-artes-escenicas\/"]}]},{"@type":"ImageObject","inLanguage":"ca","@id":"https:\/\/aptent.es\/xii-jornadas-sobre-inclusion-social-y-educacion-en-las-artes-escenicas\/#primaryimage","url":"https:\/\/aptent.es\/wp-content\/uploads\/2020\/11\/2-inauguracion-oficial.jpg","contentUrl":"https:\/\/aptent.es\/wp-content\/uploads\/2020\/11\/2-inauguracion-oficial.jpg","width":2048,"height":1365},{"@type":"BreadcrumbList","@id":"https:\/\/aptent.es\/xii-jornadas-sobre-inclusion-social-y-educacion-en-las-artes-escenicas\/#breadcrumb","itemListElement":[{"@type":"ListItem","position":1,"name":"Portada","item":"https:\/\/aptent.es\/ca\/"},{"@type":"ListItem","position":2,"name":"XII Jornadas sobre Inclusi\u00f3n Social y Educaci\u00f3n en las Artes Esc\u00e9nicas"}]},{"@type":"WebSite","@id":"https:\/\/aptent.es\/#website","url":"https:\/\/aptent.es\/","name":"Aptent Soluciones. Subtitulado y audiodescripci\u00f3n.","description":"Empresa de tecnolog\u00eda y accesibilidad en la comunicaci\u00f3n. Subtitulado para sordos en directo, traducci\u00f3n, audiodescripci\u00f3n, sistema FM y bucle magn\u00e9tico.","potentialAction":[{"@type":"SearchAction","target":{"@type":"EntryPoint","urlTemplate":"https:\/\/aptent.es\/?s={search_term_string}"},"query-input":{"@type":"PropertyValueSpecification","valueRequired":true,"valueName":"search_term_string"}}],"inLanguage":"ca"},{"@type":"Person","@id":"https:\/\/aptent.es\/#\/schema\/person\/5e9d657a70106406ffe24157fe56418d","name":"Luc\u00eda Mendoza","image":{"@type":"ImageObject","inLanguage":"ca","@id":"https:\/\/secure.gravatar.com\/avatar\/64937fae4687742a82e0f0e3c8b4feb4cadae5553982290315aeb2705ee50825?s=96&d=mm&r=g","url":"https:\/\/secure.gravatar.com\/avatar\/64937fae4687742a82e0f0e3c8b4feb4cadae5553982290315aeb2705ee50825?s=96&d=mm&r=g","contentUrl":"https:\/\/secure.gravatar.com\/avatar\/64937fae4687742a82e0f0e3c8b4feb4cadae5553982290315aeb2705ee50825?s=96&d=mm&r=g","caption":"Luc\u00eda Mendoza"}}]}},"_links":{"self":[{"href":"https:\/\/aptent.es\/ca\/wp-json\/wp\/v2\/posts\/7703","targetHints":{"allow":["GET"]}}],"collection":[{"href":"https:\/\/aptent.es\/ca\/wp-json\/wp\/v2\/posts"}],"about":[{"href":"https:\/\/aptent.es\/ca\/wp-json\/wp\/v2\/types\/post"}],"author":[{"embeddable":true,"href":"https:\/\/aptent.es\/ca\/wp-json\/wp\/v2\/users\/7"}],"replies":[{"embeddable":true,"href":"https:\/\/aptent.es\/ca\/wp-json\/wp\/v2\/comments?post=7703"}],"version-history":[{"count":1,"href":"https:\/\/aptent.es\/ca\/wp-json\/wp\/v2\/posts\/7703\/revisions"}],"predecessor-version":[{"id":7707,"href":"https:\/\/aptent.es\/ca\/wp-json\/wp\/v2\/posts\/7703\/revisions\/7707"}],"wp:featuredmedia":[{"embeddable":true,"href":"https:\/\/aptent.es\/ca\/wp-json\/wp\/v2\/media\/6845"}],"wp:attachment":[{"href":"https:\/\/aptent.es\/ca\/wp-json\/wp\/v2\/media?parent=7703"}],"wp:term":[{"taxonomy":"category","embeddable":true,"href":"https:\/\/aptent.es\/ca\/wp-json\/wp\/v2\/categories?post=7703"},{"taxonomy":"post_tag","embeddable":true,"href":"https:\/\/aptent.es\/ca\/wp-json\/wp\/v2\/tags?post=7703"}],"curies":[{"name":"wp","href":"https:\/\/api.w.org\/{rel}","templated":true}]}}