{"id":7690,"date":"2021-03-01T12:19:00","date_gmt":"2021-03-01T11:19:00","guid":{"rendered":"https:\/\/aptent.es\/?p=5929"},"modified":"2024-04-25T12:39:07","modified_gmt":"2024-04-25T10:39:07","slug":"ciclo-de-webinarios-sobre-accesibilidad-e-inclusion-en-las-artes-escenicas-en-espana-y-america-latina","status":"publish","type":"post","link":"https:\/\/aptent.es\/ca\/ciclo-de-webinarios-sobre-accesibilidad-e-inclusion-en-las-artes-escenicas-en-espana-y-america-latina\/","title":{"rendered":"Ciclo de webinarios sobre Accesibilidad e Inclusi\u00f3n en las Artes Esc\u00e9nicas en Espa\u00f1a y Am\u00e9rica Latina"},"content":{"rendered":"<p><strong>La Asociaci\u00f3n Hazlo Accesible realizar\u00e1 cuatro webinarios que abordan tem\u00e1ticas relacionadas con plataformas de teatro online en el mundo, experiencias de teatro inclusivo y accesible en Espa\u00f1a y Latinoam\u00e9rica y la presentaci\u00f3n de Teatro Contigo, una nueva web de teatro virtual accesible. Los webinarios se transmitir\u00e1n por Facebook y Zoom y contar\u00e1n con subtitulado y lengua de signos.<\/strong><\/p>\n<p><strong>Madrid, 25\u00a0de febrero.-\u00a0<\/strong><a href=\"http:\/\/hazloaccesible.es\/\">Hazlo Accesible<\/a><span style=\"font-weight: 400;\">\u00a0es una asociaci\u00f3n que en sus 10 a\u00f1os de existencia se ha dedicado a eliminar las barreras de la comunicaci\u00f3n acercando la educaci\u00f3n y la cultura a todo tipo de p\u00fablicos. Con el patrocinio del Ministerio de Cultura y Deporte de Espa\u00f1a y del Instituto de Fomento a la Creatividad y la Innovaci\u00f3n (IFCI) de Ecuador, Hazlo Accesible realizar\u00e1 cuatro webinarios sobre accesibilidad e inclusi\u00f3n en las artes esc\u00e9nicas los d\u00edas 3, 10, 17 y 24 de marzo a las 16:00 horas de Espa\u00f1a y 10:00 horas de Ecuador. Durante las jornadas, participar\u00e1n destacados profesionales y expertos en accesibilidad e inclusi\u00f3n de Espa\u00f1a y Am\u00e9rica Latina y el acceso ser\u00e1 por Facebook y v\u00eda Zoom.<\/span><br style=\"font-weight: 400;\" \/><br style=\"font-weight: 400;\" \/><span style=\"font-weight: 400;\">El ciclo de webinarios comenzar\u00e1 el\u00a0<\/span><strong>mi\u00e9rcoles 3 de marzo\u00a0<\/strong><span style=\"font-weight: 400;\">con la presentaci\u00f3n de Teatro Contigo, una nueva plataforma web de teatro virtual accesible creada por la asociaci\u00f3n Hazlo Accesible y el Teatro Patio de Comedias de Quito, Ecuador. Esta iniciativa pionera en Ecuador y patrocinada por el Instituto de Fomento de la Creatividad y la Innovaci\u00f3n de Ecuador (IFCI) cuenta en su fase inicial con nueve obras de teatro que estar\u00e1n disponibles con subtitulado, lengua de signos y audiodescripci\u00f3n, y que engloban cl\u00e1sicos del teatro ecuatoriano como La Venadita y Tetragrama. Participar\u00e1n de este encuentro, la Directora de la Corporaci\u00f3n Cultural Teatro Patio de Comedias,\u00a0<\/span><strong>Juana Guarderas<\/strong><span style=\"font-weight: 400;\">, el Coordinador del proyecto Hazlo Accesible,\u00a0<\/span><strong>Roberto Sintes<\/strong><span style=\"font-weight: 400;\">, la Directora del Centro Nacional de Soporte a la Accesibilidad,\u00a0<\/span><strong>Silvia Andrade<\/strong><span style=\"font-weight: 400;\">\u00a0y la usuaria de funciones accesibles,\u00a0<\/span><strong>Diana Susnavas.<\/strong><span style=\"font-weight: 400;\">\u00a0El coloquio ser\u00e1 moderado por el CEO de Aptent Soluciones,\u00a0<\/span><strong>Javier Jim\u00e9nez.<\/strong><br style=\"font-weight: 400;\" \/><br style=\"font-weight: 400;\" \/><span style=\"font-weight: 400;\">El<\/span><strong>\u00a010 de marzo,\u00a0<\/strong><span style=\"font-weight: 400;\">el conversatorio ahondar\u00e1 en\u00a0<\/span><strong>Plataformas de teatro online en el mundo.<\/strong><span style=\"font-weight: 400;\">\u00a0En esta ocasi\u00f3n, participar\u00e1 la Coordinadora de Contenidos de la Teatroteca,\u00a0<\/span><strong>Sara Akkad<\/strong><span style=\"font-weight: 400;\">,\u00a0 la fundadora de Altheater,\u00a0<\/span><strong>Eva Lapuente<\/strong><span style=\"font-weight: 400;\">, la CEO y fundadora de Escenix,\u00a0<\/span><strong>Patricia Rivadeneira<\/strong><span style=\"font-weight: 400;\">, la usuaria de Teatro Accesible,<\/span><strong>\u00a0Paquita Garc\u00eda<\/strong><span style=\"font-weight: 400;\">\u00a0y el Fundador del CDAEM,<\/span><strong>\u00a0Javier de Dios.<\/strong><br style=\"font-weight: 400;\" \/><br style=\"font-weight: 400;\" \/><span style=\"font-weight: 400;\">En tanto,<\/span><strong>\u00a0el 17 de marzo,<\/strong><span style=\"font-weight: 400;\">\u00a0el webinario tratar\u00e1 sobre Experiencias de teatro accesible e inclusivo en Espa\u00f1a y participar\u00e1 la Directora del festival inclusivo Una mirada Diferente,<\/span><strong>\u00a0In\u00e9s Enciso<\/strong><span style=\"font-weight: 400;\">, la actriz de la obra inclusiva \u00d3rdago a la grande,\u00a0<\/span><strong>Anna Morancho,<\/strong><span style=\"font-weight: 400;\">\u00a0la Gestora Cultural de Teatro Accesible,\u00a0<\/span><strong>Luc\u00eda Mendoza<\/strong><span style=\"font-weight: 400;\">, la usuaria de funciones accesibles,<\/span><strong>\u00a0Jana Benelto\u00a0<\/strong><span style=\"font-weight: 400;\">y la t\u00e9cnica en accesibilidad,\u00a0<\/span><strong>Xisca Rigo<\/strong><span style=\"font-weight: 400;\">. El encuentro ser\u00e1 moderado por el guionista y cineasta\u00a0<\/span><strong>Domingo Pis\u00f3n.\u00a0<\/strong><br style=\"font-weight: 400;\" \/><br style=\"font-weight: 400;\" \/><span style=\"font-weight: 400;\">El ciclo de webinarios culminar\u00e1 con Experiencias de teatro inclusivo y accesible en Am\u00e9rica Latina fijado para el<\/span><strong>\u00a024 de marzo,<\/strong><span style=\"font-weight: 400;\">\u00a0donde participar\u00e1n exponentes de iniciativas sudamericanas como la Directora de la compa\u00f1\u00eda colombiana ConCuerpos Danza Inclusiva,\u00a0<\/span><strong>Laisvie Andrea,<\/strong><span style=\"font-weight: 400;\">\u00a0la Directora de la Cia. Voces del Silencio de Chile,<\/span><strong>\u00a0Mar\u00eda Luisa Carvajal,<\/strong><span style=\"font-weight: 400;\">\u00a0 la Directora de la Fundaci\u00f3n Capaz de Per\u00fa,\u00a0<\/span><strong>D\u00e9bora G. Seminario<\/strong><span style=\"font-weight: 400;\">\u00a0y la Directora de la Fundaci\u00f3n San Mart\u00edn de Argentina,\u00a0<\/span><strong>Gabriela Di Guiseppi.<\/strong><span style=\"font-weight: 400;\">\u00a0Moderar\u00e1 la actriz de teatro, cine y televisi\u00f3n,<\/span><strong>\u00a0Juana Guarderas.<\/strong><br style=\"font-weight: 400;\" \/><br style=\"font-weight: 400;\" \/><span style=\"font-weight: 400;\">Para mayor informaci\u00f3n sobre los webinarios\u00a0 ingresa<\/span><strong>\u00a0<a href=\"http:\/\/hazloaccesible.es\/eventos\/proximos-webinarios-2021\">AQU\u00cd.<\/a><\/strong><\/p>\n","protected":false},"excerpt":{"rendered":"<p>La Asociaci\u00f3n Hazlo Accesible realizar\u00e1 cuatro webinarios que abordan tem\u00e1ticas relacionadas con plataformas de teatro online en el mundo, experiencias de teatro inclusivo y accesible en Espa\u00f1a y Latinoam\u00e9rica y la presentaci\u00f3n de Teatro Contigo, una nueva web de teatro virtual accesible. Los webinarios se transmitir\u00e1n por Facebook y Zoom y contar\u00e1n con subtitulado y [&hellip;]<\/p>\n","protected":false},"author":7,"featured_media":6799,"comment_status":"open","ping_status":"open","sticky":false,"template":"","format":"standard","meta":{"_et_pb_use_builder":"","_et_pb_old_content":"","_et_gb_content_width":"","footnotes":""},"categories":[47,27,126],"tags":[18,102,19,156,35,114,25,30,133,84,171,144,36,31,130,52,104,22,110,39,44],"class_list":["post-7690","post","type-post","status-publish","format-standard","has-post-thumbnail","hentry","category-accesibilidad-comunicacion","category-noticias","category-teatro-accesible","tag-accesibilidad","tag-accesibilidad-a-la-comunicacion","tag-accesibilidad-audiovisual","tag-accesibilidad-cognitiva","tag-aptent","tag-artes-escenicas","tag-audiodescripcion","tag-bucle-magnetico","tag-cultura","tag-discapacidad","tag-discapacidad-auditiva","tag-discapacidad-visual","tag-emprendedores","tag-eventos-accesibles","tag-inclusion","tag-innovacion","tag-personas-con-discapacidad","tag-subtitulado","tag-teatro","tag-teatro-accesible","tag-tecnologia"],"yoast_head":"<!-- This site is optimized with the Yoast SEO plugin v27.5 - https:\/\/yoast.com\/product\/yoast-seo-wordpress\/ -->\n<title>Ciclo de webinarios sobre Accesibilidad e Inclusi\u00f3n en las Artes Esc\u00e9nicas en Espa\u00f1a y Am\u00e9rica Latina - Aptent Soluciones. Subtitulado y audiodescripci\u00f3n.<\/title>\n<meta name=\"robots\" content=\"index, follow, max-snippet:-1, max-image-preview:large, max-video-preview:-1\" \/>\n<link rel=\"canonical\" href=\"https:\/\/aptent.es\/ciclo-de-webinarios-sobre-accesibilidad-e-inclusion-en-las-artes-escenicas-en-espana-y-america-latina\/\" \/>\n<meta property=\"og:locale\" content=\"ca_ES\" \/>\n<meta property=\"og:type\" content=\"article\" \/>\n<meta property=\"og:title\" content=\"Ciclo de webinarios sobre Accesibilidad e Inclusi\u00f3n en las Artes Esc\u00e9nicas en Espa\u00f1a y Am\u00e9rica Latina - Aptent Soluciones. Subtitulado y audiodescripci\u00f3n.\" \/>\n<meta property=\"og:description\" content=\"La Asociaci\u00f3n Hazlo Accesible realizar\u00e1 cuatro webinarios que abordan tem\u00e1ticas relacionadas con plataformas de teatro online en el mundo, experiencias de teatro inclusivo y accesible en Espa\u00f1a y Latinoam\u00e9rica y la presentaci\u00f3n de Teatro Contigo, una nueva web de teatro virtual accesible. Los webinarios se transmitir\u00e1n por Facebook y Zoom y contar\u00e1n con subtitulado y [&hellip;]\" \/>\n<meta property=\"og:url\" content=\"https:\/\/aptent.es\/ciclo-de-webinarios-sobre-accesibilidad-e-inclusion-en-las-artes-escenicas-en-espana-y-america-latina\/\" \/>\n<meta property=\"og:site_name\" content=\"Aptent Soluciones. Subtitulado y audiodescripci\u00f3n.\" \/>\n<meta property=\"article:published_time\" content=\"2021-03-01T11:19:00+00:00\" \/>\n<meta property=\"article:modified_time\" content=\"2024-04-25T10:39:07+00:00\" \/>\n<meta property=\"og:image\" content=\"https:\/\/aptent.es\/wp-content\/uploads\/2021\/03\/webinarios-1.png\" \/>\n\t<meta property=\"og:image:width\" content=\"938\" \/>\n\t<meta property=\"og:image:height\" content=\"539\" \/>\n\t<meta property=\"og:image:type\" content=\"image\/png\" \/>\n<meta name=\"author\" content=\"Luc\u00eda Mendoza\" \/>\n<meta name=\"twitter:card\" content=\"summary_large_image\" \/>\n<meta name=\"twitter:label1\" content=\"Escrit per\" \/>\n\t<meta name=\"twitter:data1\" content=\"Luc\u00eda Mendoza\" \/>\n\t<meta name=\"twitter:label2\" content=\"Temps estimat de lectura\" \/>\n\t<meta name=\"twitter:data2\" content=\"3 minuts\" \/>\n<script type=\"application\/ld+json\" class=\"yoast-schema-graph\">{\"@context\":\"https:\\\/\\\/schema.org\",\"@graph\":[{\"@type\":\"Article\",\"@id\":\"https:\\\/\\\/aptent.es\\\/ciclo-de-webinarios-sobre-accesibilidad-e-inclusion-en-las-artes-escenicas-en-espana-y-america-latina\\\/#article\",\"isPartOf\":{\"@id\":\"https:\\\/\\\/aptent.es\\\/ciclo-de-webinarios-sobre-accesibilidad-e-inclusion-en-las-artes-escenicas-en-espana-y-america-latina\\\/\"},\"author\":{\"name\":\"Luc\u00eda Mendoza\",\"@id\":\"https:\\\/\\\/aptent.es\\\/#\\\/schema\\\/person\\\/5e9d657a70106406ffe24157fe56418d\"},\"headline\":\"Ciclo de webinarios sobre Accesibilidad e Inclusi\u00f3n en las Artes Esc\u00e9nicas en Espa\u00f1a y Am\u00e9rica Latina\",\"datePublished\":\"2021-03-01T11:19:00+00:00\",\"dateModified\":\"2024-04-25T10:39:07+00:00\",\"mainEntityOfPage\":{\"@id\":\"https:\\\/\\\/aptent.es\\\/ciclo-de-webinarios-sobre-accesibilidad-e-inclusion-en-las-artes-escenicas-en-espana-y-america-latina\\\/\"},\"wordCount\":612,\"commentCount\":0,\"image\":{\"@id\":\"https:\\\/\\\/aptent.es\\\/ciclo-de-webinarios-sobre-accesibilidad-e-inclusion-en-las-artes-escenicas-en-espana-y-america-latina\\\/#primaryimage\"},\"thumbnailUrl\":\"https:\\\/\\\/aptent.es\\\/wp-content\\\/uploads\\\/2021\\\/03\\\/webinarios-1.png\",\"keywords\":[\"Accesibilidad\",\"Accesibilidad a la comunicaci\u00f3n\",\"Accesibilidad Audiovisual\",\"accesibilidad cognitiva\",\"Aptent\",\"artes esc\u00e9nicas\",\"Audiodescripci\u00f3n\",\"Bucle magn\u00e9tico\",\"cultura\",\"discapacidad\",\"DISCAPACIDAD AUDITIVA\",\"discapacidad visual\",\"Emprendedores\",\"Eventos Accesibles\",\"Inclusi\u00f3n\",\"Innovaci\u00f3n\",\"personas con discapacidad\",\"Subtitulado\",\"Teatro\",\"Teatro Accesible\",\"Tecnolog\u00eda\"],\"articleSection\":[\"Accesibilidad a la comunicaci\u00f3n\",\"Noticias\",\"Teatro Accesible\"],\"inLanguage\":\"ca\",\"potentialAction\":[{\"@type\":\"CommentAction\",\"name\":\"Comment\",\"target\":[\"https:\\\/\\\/aptent.es\\\/ciclo-de-webinarios-sobre-accesibilidad-e-inclusion-en-las-artes-escenicas-en-espana-y-america-latina\\\/#respond\"]}]},{\"@type\":\"WebPage\",\"@id\":\"https:\\\/\\\/aptent.es\\\/ciclo-de-webinarios-sobre-accesibilidad-e-inclusion-en-las-artes-escenicas-en-espana-y-america-latina\\\/\",\"url\":\"https:\\\/\\\/aptent.es\\\/ciclo-de-webinarios-sobre-accesibilidad-e-inclusion-en-las-artes-escenicas-en-espana-y-america-latina\\\/\",\"name\":\"Ciclo de webinarios sobre Accesibilidad e Inclusi\u00f3n en las Artes Esc\u00e9nicas en Espa\u00f1a y Am\u00e9rica Latina - Aptent Soluciones. Subtitulado y audiodescripci\u00f3n.\",\"isPartOf\":{\"@id\":\"https:\\\/\\\/aptent.es\\\/#website\"},\"primaryImageOfPage\":{\"@id\":\"https:\\\/\\\/aptent.es\\\/ciclo-de-webinarios-sobre-accesibilidad-e-inclusion-en-las-artes-escenicas-en-espana-y-america-latina\\\/#primaryimage\"},\"image\":{\"@id\":\"https:\\\/\\\/aptent.es\\\/ciclo-de-webinarios-sobre-accesibilidad-e-inclusion-en-las-artes-escenicas-en-espana-y-america-latina\\\/#primaryimage\"},\"thumbnailUrl\":\"https:\\\/\\\/aptent.es\\\/wp-content\\\/uploads\\\/2021\\\/03\\\/webinarios-1.png\",\"datePublished\":\"2021-03-01T11:19:00+00:00\",\"dateModified\":\"2024-04-25T10:39:07+00:00\",\"author\":{\"@id\":\"https:\\\/\\\/aptent.es\\\/#\\\/schema\\\/person\\\/5e9d657a70106406ffe24157fe56418d\"},\"breadcrumb\":{\"@id\":\"https:\\\/\\\/aptent.es\\\/ciclo-de-webinarios-sobre-accesibilidad-e-inclusion-en-las-artes-escenicas-en-espana-y-america-latina\\\/#breadcrumb\"},\"inLanguage\":\"ca\",\"potentialAction\":[{\"@type\":\"ReadAction\",\"target\":[\"https:\\\/\\\/aptent.es\\\/ciclo-de-webinarios-sobre-accesibilidad-e-inclusion-en-las-artes-escenicas-en-espana-y-america-latina\\\/\"]}]},{\"@type\":\"ImageObject\",\"inLanguage\":\"ca\",\"@id\":\"https:\\\/\\\/aptent.es\\\/ciclo-de-webinarios-sobre-accesibilidad-e-inclusion-en-las-artes-escenicas-en-espana-y-america-latina\\\/#primaryimage\",\"url\":\"https:\\\/\\\/aptent.es\\\/wp-content\\\/uploads\\\/2021\\\/03\\\/webinarios-1.png\",\"contentUrl\":\"https:\\\/\\\/aptent.es\\\/wp-content\\\/uploads\\\/2021\\\/03\\\/webinarios-1.png\",\"width\":938,\"height\":539},{\"@type\":\"BreadcrumbList\",\"@id\":\"https:\\\/\\\/aptent.es\\\/ciclo-de-webinarios-sobre-accesibilidad-e-inclusion-en-las-artes-escenicas-en-espana-y-america-latina\\\/#breadcrumb\",\"itemListElement\":[{\"@type\":\"ListItem\",\"position\":1,\"name\":\"Portada\",\"item\":\"https:\\\/\\\/aptent.es\\\/ca\\\/\"},{\"@type\":\"ListItem\",\"position\":2,\"name\":\"Ciclo de webinarios sobre Accesibilidad e Inclusi\u00f3n en las Artes Esc\u00e9nicas en Espa\u00f1a y Am\u00e9rica Latina\"}]},{\"@type\":\"WebSite\",\"@id\":\"https:\\\/\\\/aptent.es\\\/#website\",\"url\":\"https:\\\/\\\/aptent.es\\\/\",\"name\":\"Aptent Soluciones. Subtitulado y audiodescripci\u00f3n.\",\"description\":\"Empresa de tecnolog\u00eda y accesibilidad en la comunicaci\u00f3n. Subtitulado para sordos en directo, traducci\u00f3n, audiodescripci\u00f3n, sistema FM y bucle magn\u00e9tico.\",\"potentialAction\":[{\"@type\":\"SearchAction\",\"target\":{\"@type\":\"EntryPoint\",\"urlTemplate\":\"https:\\\/\\\/aptent.es\\\/?s={search_term_string}\"},\"query-input\":{\"@type\":\"PropertyValueSpecification\",\"valueRequired\":true,\"valueName\":\"search_term_string\"}}],\"inLanguage\":\"ca\"},{\"@type\":\"Person\",\"@id\":\"https:\\\/\\\/aptent.es\\\/#\\\/schema\\\/person\\\/5e9d657a70106406ffe24157fe56418d\",\"name\":\"Luc\u00eda Mendoza\",\"image\":{\"@type\":\"ImageObject\",\"inLanguage\":\"ca\",\"@id\":\"https:\\\/\\\/secure.gravatar.com\\\/avatar\\\/64937fae4687742a82e0f0e3c8b4feb4cadae5553982290315aeb2705ee50825?s=96&d=mm&r=g\",\"url\":\"https:\\\/\\\/secure.gravatar.com\\\/avatar\\\/64937fae4687742a82e0f0e3c8b4feb4cadae5553982290315aeb2705ee50825?s=96&d=mm&r=g\",\"contentUrl\":\"https:\\\/\\\/secure.gravatar.com\\\/avatar\\\/64937fae4687742a82e0f0e3c8b4feb4cadae5553982290315aeb2705ee50825?s=96&d=mm&r=g\",\"caption\":\"Luc\u00eda Mendoza\"}}]}<\/script>\n<!-- \/ Yoast SEO plugin. -->","yoast_head_json":{"title":"Ciclo de webinarios sobre Accesibilidad e Inclusi\u00f3n en las Artes Esc\u00e9nicas en Espa\u00f1a y Am\u00e9rica Latina - Aptent Soluciones. Subtitulado y audiodescripci\u00f3n.","robots":{"index":"index","follow":"follow","max-snippet":"max-snippet:-1","max-image-preview":"max-image-preview:large","max-video-preview":"max-video-preview:-1"},"canonical":"https:\/\/aptent.es\/ciclo-de-webinarios-sobre-accesibilidad-e-inclusion-en-las-artes-escenicas-en-espana-y-america-latina\/","og_locale":"ca_ES","og_type":"article","og_title":"Ciclo de webinarios sobre Accesibilidad e Inclusi\u00f3n en las Artes Esc\u00e9nicas en Espa\u00f1a y Am\u00e9rica Latina - Aptent Soluciones. Subtitulado y audiodescripci\u00f3n.","og_description":"La Asociaci\u00f3n Hazlo Accesible realizar\u00e1 cuatro webinarios que abordan tem\u00e1ticas relacionadas con plataformas de teatro online en el mundo, experiencias de teatro inclusivo y accesible en Espa\u00f1a y Latinoam\u00e9rica y la presentaci\u00f3n de Teatro Contigo, una nueva web de teatro virtual accesible. Los webinarios se transmitir\u00e1n por Facebook y Zoom y contar\u00e1n con subtitulado y [&hellip;]","og_url":"https:\/\/aptent.es\/ciclo-de-webinarios-sobre-accesibilidad-e-inclusion-en-las-artes-escenicas-en-espana-y-america-latina\/","og_site_name":"Aptent Soluciones. Subtitulado y audiodescripci\u00f3n.","article_published_time":"2021-03-01T11:19:00+00:00","article_modified_time":"2024-04-25T10:39:07+00:00","og_image":[{"width":938,"height":539,"url":"https:\/\/aptent.es\/wp-content\/uploads\/2021\/03\/webinarios-1.png","type":"image\/png"}],"author":"Luc\u00eda Mendoza","twitter_card":"summary_large_image","twitter_misc":{"Escrit per":"Luc\u00eda Mendoza","Temps estimat de lectura":"3 minuts"},"schema":{"@context":"https:\/\/schema.org","@graph":[{"@type":"Article","@id":"https:\/\/aptent.es\/ciclo-de-webinarios-sobre-accesibilidad-e-inclusion-en-las-artes-escenicas-en-espana-y-america-latina\/#article","isPartOf":{"@id":"https:\/\/aptent.es\/ciclo-de-webinarios-sobre-accesibilidad-e-inclusion-en-las-artes-escenicas-en-espana-y-america-latina\/"},"author":{"name":"Luc\u00eda Mendoza","@id":"https:\/\/aptent.es\/#\/schema\/person\/5e9d657a70106406ffe24157fe56418d"},"headline":"Ciclo de webinarios sobre Accesibilidad e Inclusi\u00f3n en las Artes Esc\u00e9nicas en Espa\u00f1a y Am\u00e9rica Latina","datePublished":"2021-03-01T11:19:00+00:00","dateModified":"2024-04-25T10:39:07+00:00","mainEntityOfPage":{"@id":"https:\/\/aptent.es\/ciclo-de-webinarios-sobre-accesibilidad-e-inclusion-en-las-artes-escenicas-en-espana-y-america-latina\/"},"wordCount":612,"commentCount":0,"image":{"@id":"https:\/\/aptent.es\/ciclo-de-webinarios-sobre-accesibilidad-e-inclusion-en-las-artes-escenicas-en-espana-y-america-latina\/#primaryimage"},"thumbnailUrl":"https:\/\/aptent.es\/wp-content\/uploads\/2021\/03\/webinarios-1.png","keywords":["Accesibilidad","Accesibilidad a la comunicaci\u00f3n","Accesibilidad Audiovisual","accesibilidad cognitiva","Aptent","artes esc\u00e9nicas","Audiodescripci\u00f3n","Bucle magn\u00e9tico","cultura","discapacidad","DISCAPACIDAD AUDITIVA","discapacidad visual","Emprendedores","Eventos Accesibles","Inclusi\u00f3n","Innovaci\u00f3n","personas con discapacidad","Subtitulado","Teatro","Teatro Accesible","Tecnolog\u00eda"],"articleSection":["Accesibilidad a la comunicaci\u00f3n","Noticias","Teatro Accesible"],"inLanguage":"ca","potentialAction":[{"@type":"CommentAction","name":"Comment","target":["https:\/\/aptent.es\/ciclo-de-webinarios-sobre-accesibilidad-e-inclusion-en-las-artes-escenicas-en-espana-y-america-latina\/#respond"]}]},{"@type":"WebPage","@id":"https:\/\/aptent.es\/ciclo-de-webinarios-sobre-accesibilidad-e-inclusion-en-las-artes-escenicas-en-espana-y-america-latina\/","url":"https:\/\/aptent.es\/ciclo-de-webinarios-sobre-accesibilidad-e-inclusion-en-las-artes-escenicas-en-espana-y-america-latina\/","name":"Ciclo de webinarios sobre Accesibilidad e Inclusi\u00f3n en las Artes Esc\u00e9nicas en Espa\u00f1a y Am\u00e9rica Latina - Aptent Soluciones. Subtitulado y audiodescripci\u00f3n.","isPartOf":{"@id":"https:\/\/aptent.es\/#website"},"primaryImageOfPage":{"@id":"https:\/\/aptent.es\/ciclo-de-webinarios-sobre-accesibilidad-e-inclusion-en-las-artes-escenicas-en-espana-y-america-latina\/#primaryimage"},"image":{"@id":"https:\/\/aptent.es\/ciclo-de-webinarios-sobre-accesibilidad-e-inclusion-en-las-artes-escenicas-en-espana-y-america-latina\/#primaryimage"},"thumbnailUrl":"https:\/\/aptent.es\/wp-content\/uploads\/2021\/03\/webinarios-1.png","datePublished":"2021-03-01T11:19:00+00:00","dateModified":"2024-04-25T10:39:07+00:00","author":{"@id":"https:\/\/aptent.es\/#\/schema\/person\/5e9d657a70106406ffe24157fe56418d"},"breadcrumb":{"@id":"https:\/\/aptent.es\/ciclo-de-webinarios-sobre-accesibilidad-e-inclusion-en-las-artes-escenicas-en-espana-y-america-latina\/#breadcrumb"},"inLanguage":"ca","potentialAction":[{"@type":"ReadAction","target":["https:\/\/aptent.es\/ciclo-de-webinarios-sobre-accesibilidad-e-inclusion-en-las-artes-escenicas-en-espana-y-america-latina\/"]}]},{"@type":"ImageObject","inLanguage":"ca","@id":"https:\/\/aptent.es\/ciclo-de-webinarios-sobre-accesibilidad-e-inclusion-en-las-artes-escenicas-en-espana-y-america-latina\/#primaryimage","url":"https:\/\/aptent.es\/wp-content\/uploads\/2021\/03\/webinarios-1.png","contentUrl":"https:\/\/aptent.es\/wp-content\/uploads\/2021\/03\/webinarios-1.png","width":938,"height":539},{"@type":"BreadcrumbList","@id":"https:\/\/aptent.es\/ciclo-de-webinarios-sobre-accesibilidad-e-inclusion-en-las-artes-escenicas-en-espana-y-america-latina\/#breadcrumb","itemListElement":[{"@type":"ListItem","position":1,"name":"Portada","item":"https:\/\/aptent.es\/ca\/"},{"@type":"ListItem","position":2,"name":"Ciclo de webinarios sobre Accesibilidad e Inclusi\u00f3n en las Artes Esc\u00e9nicas en Espa\u00f1a y Am\u00e9rica Latina"}]},{"@type":"WebSite","@id":"https:\/\/aptent.es\/#website","url":"https:\/\/aptent.es\/","name":"Aptent Soluciones. Subtitulado y audiodescripci\u00f3n.","description":"Empresa de tecnolog\u00eda y accesibilidad en la comunicaci\u00f3n. Subtitulado para sordos en directo, traducci\u00f3n, audiodescripci\u00f3n, sistema FM y bucle magn\u00e9tico.","potentialAction":[{"@type":"SearchAction","target":{"@type":"EntryPoint","urlTemplate":"https:\/\/aptent.es\/?s={search_term_string}"},"query-input":{"@type":"PropertyValueSpecification","valueRequired":true,"valueName":"search_term_string"}}],"inLanguage":"ca"},{"@type":"Person","@id":"https:\/\/aptent.es\/#\/schema\/person\/5e9d657a70106406ffe24157fe56418d","name":"Luc\u00eda Mendoza","image":{"@type":"ImageObject","inLanguage":"ca","@id":"https:\/\/secure.gravatar.com\/avatar\/64937fae4687742a82e0f0e3c8b4feb4cadae5553982290315aeb2705ee50825?s=96&d=mm&r=g","url":"https:\/\/secure.gravatar.com\/avatar\/64937fae4687742a82e0f0e3c8b4feb4cadae5553982290315aeb2705ee50825?s=96&d=mm&r=g","contentUrl":"https:\/\/secure.gravatar.com\/avatar\/64937fae4687742a82e0f0e3c8b4feb4cadae5553982290315aeb2705ee50825?s=96&d=mm&r=g","caption":"Luc\u00eda Mendoza"}}]}},"_links":{"self":[{"href":"https:\/\/aptent.es\/ca\/wp-json\/wp\/v2\/posts\/7690","targetHints":{"allow":["GET"]}}],"collection":[{"href":"https:\/\/aptent.es\/ca\/wp-json\/wp\/v2\/posts"}],"about":[{"href":"https:\/\/aptent.es\/ca\/wp-json\/wp\/v2\/types\/post"}],"author":[{"embeddable":true,"href":"https:\/\/aptent.es\/ca\/wp-json\/wp\/v2\/users\/7"}],"replies":[{"embeddable":true,"href":"https:\/\/aptent.es\/ca\/wp-json\/wp\/v2\/comments?post=7690"}],"version-history":[{"count":1,"href":"https:\/\/aptent.es\/ca\/wp-json\/wp\/v2\/posts\/7690\/revisions"}],"predecessor-version":[{"id":7695,"href":"https:\/\/aptent.es\/ca\/wp-json\/wp\/v2\/posts\/7690\/revisions\/7695"}],"wp:featuredmedia":[{"embeddable":true,"href":"https:\/\/aptent.es\/ca\/wp-json\/wp\/v2\/media\/6799"}],"wp:attachment":[{"href":"https:\/\/aptent.es\/ca\/wp-json\/wp\/v2\/media?parent=7690"}],"wp:term":[{"taxonomy":"category","embeddable":true,"href":"https:\/\/aptent.es\/ca\/wp-json\/wp\/v2\/categories?post=7690"},{"taxonomy":"post_tag","embeddable":true,"href":"https:\/\/aptent.es\/ca\/wp-json\/wp\/v2\/tags?post=7690"}],"curies":[{"name":"wp","href":"https:\/\/api.w.org\/{rel}","templated":true}]}}