{"id":11601,"date":"2024-11-14T14:43:10","date_gmt":"2024-11-14T13:43:10","guid":{"rendered":"https:\/\/aptent.es\/la-inteligencia-artificial-un-aliado-para-las-personas-con-discapacidad\/"},"modified":"2024-11-18T13:17:56","modified_gmt":"2024-11-18T12:17:56","slug":"la-inteligencia-artificial-un-aliado-para-las-personas-con-discapacidad","status":"publish","type":"post","link":"https:\/\/aptent.es\/ca\/la-inteligencia-artificial-un-aliado-para-las-personas-con-discapacidad\/","title":{"rendered":"La intel\u00b7lig\u00e8ncia artificial: un aliat per a les persones amb discapacitat"},"content":{"rendered":"\n<p><strong>La intel\u00b7lig\u00e8ncia artificial (IA) est\u00e0 revolucionant la vida de les persones, en especial, les persones amb discapacitat, oferint un ventall de possibilitats per a una inclusi\u00f3 efectiva a la societat. Descobreix, a continuaci\u00f3, les diferents eines, la transcend\u00e8ncia i els impactes de la IA. <\/strong><br\/><br\/>Des de fa alguns anys, la IA ha transformat la manera com vivim, treballem i ens relacionem amb el m\u00f3n que ens envolta. <\/p>\n\n<p>Un dels \u00e0mbits en qu\u00e8 ha demostrat aquest potencial \u00e9s en la inclusi\u00f3 de les persones amb discapacitat, obrint un nou horitz\u00f3 de possibilitats per millorar la seva autonomia, la comunicaci\u00f3 i la participaci\u00f3 social. Avui dia, la IA es manifesta en eines, tant tangibles com intangibles, que aporten solucions concretes a problemes reals, cosa que genera un impacte significatiu en la qualitat de vida d\u2019aquests col\u00b7lectius. A continuaci\u00f3, es presenten algunes de les eines m\u00e9s significatives.   <\/p>\n\n<h2 class=\"wp-block-heading\"><strong>Assistents personalitzats<\/strong><\/h2>\n\n<p>La intel\u00b7lig\u00e8ncia artificial ha contribu\u00eft al desenvolupament dels assistents virtuals, com <em>Alexa<\/em> i <em>Google Assistant<\/em>, que fan servir processament de llenguatge natural per comprendre i respondre comandaments de veu, cosa que resulta especialment \u00fatil per a persones amb discapacitat f\u00edsica que puguin tenir dificultats per utilitzar dispositius tradicionals. Aquest tipus d\u2019eines es complementen amb altres iniciatives que s\u2019han desenvolupat espec\u00edficament per a certes comunitats, com \u00e9s el cas de <em> Project Relate <\/em>de<br\/>de Google, dissenyada per ajudar a persones amb dificultats per comunicar-se. Fent servir tecnologia avan\u00e7ada de reconeixement de veu i intel\u00b7lig\u00e8ncia artificial, aquesta aplicaci\u00f3 permet transcriure el discurs dels usuaris en text, reproduir-lo en veu alta i interactuar amb els assistents virtuals perqu\u00e8 puguin rebre comandaments clars i precisos. L\u2019aplicaci\u00f3 s\u2019entrena amb les veus dels mateixos usuaris, cosa que permet que el sistema s\u2019adapti i millori la precisi\u00f3 amb el temps; d\u2019aquesta manera, es proporciona una assist\u00e8ncia personalitzada que facilita la comunicaci\u00f3 i fomenta la independ\u00e8ncia de cada individu.<br\/><br\/>   <\/p>\n\n<figure class=\"wp-block-image size-full is-resized\"><img loading=\"lazy\" decoding=\"async\" width=\"747\" height=\"456\" src=\"https:\/\/aptent.es\/wp-content\/uploads\/2024\/11\/foto-Alexa.jpg\" alt=\"Foto de Alexa asistente virtual\" class=\"wp-image-11569\" style=\"width:526px;height:auto\" srcset=\"https:\/\/aptent.es\/wp-content\/uploads\/2024\/11\/foto-Alexa.jpg 747w, https:\/\/aptent.es\/wp-content\/uploads\/2024\/11\/foto-Alexa-480x293.jpg 480w\" sizes=\"auto, (min-width: 0px) and (max-width: 480px) 480px, (min-width: 481px) 747px, 100vw\" \/><\/figure>\n\n<h2 class=\"wp-block-heading\"><strong>Aplicacions de reconeixement <\/strong><\/h2>\n\n<p>es aplicacions de reconeixement d\u2019entorn, com <em>Seeing AI<\/em> de Microsoft i <em>Lookout <\/em>de Google s\u2019han desenvolupat especialment per a persones cegues i amb discapacitat visual. Aquestes aplicacions es basen en tecnologies de visi\u00f3 artificial i intel\u00b7lig\u00e8ncia artificial generativa per proporcionar descripcions detallades de l\u2019entorn a trav\u00e9s de la c\u00e0mera i altres sensors dels dispositius m\u00f2bils. <a href=\"https:\/\/www.seeingai.com\"><em>Seeing AI<\/em> i<\/a> <a href=\"https:\/\/play.google.com\/store\/apps\/details?id=com.google.android.apps.accessibility.reveal&amp;hl=en&amp;pli=1\"><em>Lookout<\/em> <\/a>ofereixen funcionalitats similars: poden llegir textos, recon\u00e8ixer cares i emocions, descriure objectes i escenes i, fins i tot, identificar productes a trav\u00e9s dels codis de barres.  <\/p>\n\n<p>Aquestes eines no nom\u00e9s augmenten l\u2019autonomia i seguretat de les persones amb discapacitat visual, sin\u00f3 que tamb\u00e9 els permet interactuar amb el m\u00f3n d\u2019una manera m\u00e9s f\u00e0cil.<\/p>\n\n<h2 class=\"wp-block-heading\"><strong>Traducci\u00f3 simult\u00e0nia<\/strong><\/h2>\n\n<p>Plataformes de comunicaci\u00f3 accessible com Copla, l\u2019\u00faltim desenvolupament de l\u2019empresa Aptent, fan servir la IA per recon\u00e8ixer la veu humana i subtitular autom\u00e0ticament. Aquest desenvolupament permet que esdeveniments online i presencials, aix\u00ed com espectacles d\u2019arts esc\u00e8niques, siguin accessibles per a persones amb discapacitat auditiva o persones que estan aprenent l\u2019idioma. <\/p>\n\n<figure class=\"wp-block-video\"><video height=\"1080\" style=\"aspect-ratio: 1920 \/ 1080;\" width=\"1920\" controls=\"\" src=\"https:\/\/aptent.es\/wp-content\/uploads\/2024\/09\/VIDEO-COPLA-V4-1-1.mp4\"><\/video><\/figure>\n\n<div class=\"wp-block-buttons has-custom-font-size has-medium-font-size is-layout-flex wp-block-buttons-is-layout-flex\">\n<div class=\"wp-block-button\"><a class=\"wp-block-button__link has-background wp-element-button\" style=\"background-color:#006073\">DESCOBREIX COPLA<\/a><\/div>\n<\/div>\n\n<h2 class=\"wp-block-heading\"><strong>Transcend\u00e8ncia en l\u2019educaci\u00f3 i la salut<\/strong><\/h2>\n\n<p>En l\u2019\u00e0mbit de l\u2019educaci\u00f3, la intel\u00b7lig\u00e8ncia artificial permet la personalitzaci\u00f3 de l\u2019aprenentatge a trav\u00e9s del <em>machine learning<\/em>, un mecanisme entrenat per recon\u00e8ixer patrons basats en dades per despr\u00e9s fer prediccions. Aix\u00f2 facilitat la comprensi\u00f3 de contingut per a persones amb discapacitat intel\u00b7lectual o amb dificultats d\u2019aprenentatge. <br\/><br\/>  <\/p>\n\n<p>En el camp de la salut, la IA es fa servir per desenvolupar ter\u00e0pies personalitzades i sistemes de monitoratge que detecten anomalies i alerten els professionals de la salut en temps real.<br\/><br\/><\/p>\n\n<p>La IA ha tingut un impacte positiu en molts altres \u00e0mbits que influeixen en la qualitat de vida de les persones amb discapacitat. Des de la salut i l\u2019educaci\u00f3, fins a la feina i la comoditat a casa, la IA ha contribu\u00eft al desenvolupament de solucions que promouen l\u2019autonomia, la inclusi\u00f3 i el benestar de les persones, oferint noves possibilitats d\u2019independ\u00e8ncia i participaci\u00f3 activa a la societat. <\/p>\n\n<figure class=\"wp-block-image size-full is-resized\"><img loading=\"lazy\" decoding=\"async\" width=\"747\" height=\"456\" src=\"https:\/\/aptent.es\/wp-content\/uploads\/2024\/11\/Fotos-para-articulos-blog.jpg\" alt=\"Machine learning foto\" class=\"wp-image-11574\" style=\"width:500px;height:auto\" srcset=\"https:\/\/aptent.es\/wp-content\/uploads\/2024\/11\/Fotos-para-articulos-blog.jpg 747w, https:\/\/aptent.es\/wp-content\/uploads\/2024\/11\/Fotos-para-articulos-blog-480x293.jpg 480w\" sizes=\"auto, (min-width: 0px) and (max-width: 480px) 480px, (min-width: 481px) 747px, 100vw\" \/><\/figure>\n\n<p><strong>Refer\u00e8ncies<\/strong><\/p>\n\n<p><a href=\"https:\/\/news.microsoft.com\/es-es\/2023\/12\/05\/microsoft-lanza-seeing-ai-en-android-la-app-gratuita-que-facilita-el-reconocimiento-y-descripcion-del-entorno-a-personas-ciegas-con-nuevos-idiomas-y-funciones-actualizadas\">https:\/\/news.microsoft.com\/es-es\/2023\/12\/05\/microsoft-lanza-seeing-ai-en-android-la-app-gratuita-que-facilita-el-reconocimiento-y-descripcion-del-entorno-a-personas-ciegas-con-nuevos-idiomas-y-funciones-actualizadas<\/a><\/p>\n\n<p><a href=\"https:\/\/play.google.com\/store\/apps\/details?id=com.google.android.apps.accessibility.reveal&amp;hl=es&amp;pli=1\">https:\/\/play.google.com\/store\/apps\/details?id=com.google.android.apps.accessibility.reveal&amp;hl=es&amp;pli=1<\/a><\/p>\n\n<p><a href=\"https:\/\/sites.research.google\/relate\">https:\/\/sites.research.google\/relate<\/a><\/p>\n\n<p><a href=\"https:\/\/www.unesco.org\/es\/digital-education\/artificial-intelligence\">https:\/\/www.unesco.org\/es\/digital-education\/artificial-intelligence<\/a><\/p>\n\n<p><a href=\"https:\/\/www.ibm.com\/es-es\/topics\/artificial-intelligence-medicine\">https:\/\/www.ibm.com\/es-es\/topics\/artificial-intelligence-medicine<\/a><\/p>\n","protected":false},"excerpt":{"rendered":"<p>La intel\u00b7lig\u00e8ncia artificial (IA) est\u00e0 revolucionant la vida de les persones, en especial, les persones amb discapacitat, oferint un ventall de possibilitats per a una inclusi\u00f3 efectiva a la societat. Descobreix, a continuaci\u00f3, les diferents eines, la transcend\u00e8ncia i els impactes de la IA. Des de fa alguns anys, la IA ha transformat la manera [&hellip;]<\/p>\n","protected":false},"author":9,"featured_media":11595,"comment_status":"open","ping_status":"open","sticky":false,"template":"","format":"standard","meta":{"_et_pb_use_builder":"off","_et_pb_old_content":"","_et_gb_content_width":"","footnotes":""},"categories":[320,280],"tags":[292,294,321,312],"class_list":["post-11601","post","type-post","status-publish","format-standard","has-post-thumbnail","hentry","category-como-ca","category-article-ca","tag-accesibilidad-ca","tag-aptent-ca","tag-inteligencia-artificial-ca","tag-tecnologia-ca"],"yoast_head":"<!-- This site is optimized with the Yoast SEO plugin v27.4 - https:\/\/yoast.com\/product\/yoast-seo-wordpress\/ -->\n<title>La intel\u00b7lig\u00e8ncia artificial: un aliat per a les persones amb discapacitat- APTENT<\/title>\n<meta name=\"description\" content=\"La intel\u00b7lig\u00e8ncia artificial (IA) est\u00e0 revolucionant la vida de les persones, en especial, les persones amb discapacitat, oferint un ventall de possibilitats per a una inclusi\u00f3 efectiva a la societat. Descobreix, a continuaci\u00f3, les diferents eines, la transcend\u00e8ncia i els impactes de la IA.\" \/>\n<meta name=\"robots\" content=\"index, follow, max-snippet:-1, max-image-preview:large, max-video-preview:-1\" \/>\n<link rel=\"canonical\" href=\"https:\/\/aptent.es\/ca\/la-inteligencia-artificial-un-aliado-para-las-personas-con-discapacidad\/\" \/>\n<meta property=\"og:locale\" content=\"ca_ES\" \/>\n<meta property=\"og:type\" content=\"article\" \/>\n<meta property=\"og:title\" content=\"La intel\u00b7lig\u00e8ncia artificial: un aliat per a les persones amb discapacitat- APTENT\" \/>\n<meta property=\"og:description\" content=\"La intel\u00b7lig\u00e8ncia artificial (IA) est\u00e0 revolucionant la vida de les persones, en especial, les persones amb discapacitat, oferint un ventall de possibilitats per a una inclusi\u00f3 efectiva a la societat. Descobreix, a continuaci\u00f3, les diferents eines, la transcend\u00e8ncia i els impactes de la IA.\" \/>\n<meta property=\"og:url\" content=\"https:\/\/aptent.es\/ca\/la-inteligencia-artificial-un-aliado-para-las-personas-con-discapacidad\/\" \/>\n<meta property=\"og:site_name\" content=\"Aptent Soluciones. Subtitulado y audiodescripci\u00f3n.\" \/>\n<meta property=\"article:published_time\" content=\"2024-11-14T13:43:10+00:00\" \/>\n<meta property=\"article:modified_time\" content=\"2024-11-18T12:17:56+00:00\" \/>\n<meta property=\"og:image\" content=\"https:\/\/aptent.es\/wp-content\/uploads\/2024\/11\/foto-copla-teatro.jpg\" \/>\n\t<meta property=\"og:image:width\" content=\"1920\" \/>\n\t<meta property=\"og:image:height\" content=\"1280\" \/>\n\t<meta property=\"og:image:type\" content=\"image\/jpeg\" \/>\n<meta name=\"author\" content=\"Mariel\" \/>\n<meta name=\"twitter:card\" content=\"summary_large_image\" \/>\n<meta name=\"twitter:label1\" content=\"Escrit per\" \/>\n\t<meta name=\"twitter:data1\" content=\"Mariel\" \/>\n\t<meta name=\"twitter:label2\" content=\"Temps estimat de lectura\" \/>\n\t<meta name=\"twitter:data2\" content=\"4 minuts\" \/>\n<script type=\"application\/ld+json\" class=\"yoast-schema-graph\">{\"@context\":\"https:\\\/\\\/schema.org\",\"@graph\":[{\"@type\":\"Article\",\"@id\":\"https:\\\/\\\/aptent.es\\\/ca\\\/la-inteligencia-artificial-un-aliado-para-las-personas-con-discapacidad\\\/#article\",\"isPartOf\":{\"@id\":\"https:\\\/\\\/aptent.es\\\/ca\\\/la-inteligencia-artificial-un-aliado-para-las-personas-con-discapacidad\\\/\"},\"author\":{\"name\":\"Mariel\",\"@id\":\"https:\\\/\\\/aptent.es\\\/#\\\/schema\\\/person\\\/2e6cfe2d9ad8edb26487caa45af7fcfc\"},\"headline\":\"La intel\u00b7lig\u00e8ncia artificial: un aliat per a les persones amb discapacitat\",\"datePublished\":\"2024-11-14T13:43:10+00:00\",\"dateModified\":\"2024-11-18T12:17:56+00:00\",\"mainEntityOfPage\":{\"@id\":\"https:\\\/\\\/aptent.es\\\/ca\\\/la-inteligencia-artificial-un-aliado-para-las-personas-con-discapacidad\\\/\"},\"wordCount\":750,\"commentCount\":0,\"image\":{\"@id\":\"https:\\\/\\\/aptent.es\\\/ca\\\/la-inteligencia-artificial-un-aliado-para-las-personas-con-discapacidad\\\/#primaryimage\"},\"thumbnailUrl\":\"https:\\\/\\\/aptent.es\\\/wp-content\\\/uploads\\\/2024\\\/11\\\/foto-copla-teatro.jpg\",\"keywords\":[\"Accesibilidad\",\"Aptent\",\"inteligencia artificial\",\"Tecnolog\u00eda\"],\"articleSection\":[\"\u00bfC\u00f3mo&#8230;?\",\"Article\"],\"inLanguage\":\"ca\",\"potentialAction\":[{\"@type\":\"CommentAction\",\"name\":\"Comment\",\"target\":[\"https:\\\/\\\/aptent.es\\\/ca\\\/la-inteligencia-artificial-un-aliado-para-las-personas-con-discapacidad\\\/#respond\"]}]},{\"@type\":\"WebPage\",\"@id\":\"https:\\\/\\\/aptent.es\\\/ca\\\/la-inteligencia-artificial-un-aliado-para-las-personas-con-discapacidad\\\/\",\"url\":\"https:\\\/\\\/aptent.es\\\/ca\\\/la-inteligencia-artificial-un-aliado-para-las-personas-con-discapacidad\\\/\",\"name\":\"La intel\u00b7lig\u00e8ncia artificial: un aliat per a les persones amb discapacitat- APTENT\",\"isPartOf\":{\"@id\":\"https:\\\/\\\/aptent.es\\\/#website\"},\"primaryImageOfPage\":{\"@id\":\"https:\\\/\\\/aptent.es\\\/ca\\\/la-inteligencia-artificial-un-aliado-para-las-personas-con-discapacidad\\\/#primaryimage\"},\"image\":{\"@id\":\"https:\\\/\\\/aptent.es\\\/ca\\\/la-inteligencia-artificial-un-aliado-para-las-personas-con-discapacidad\\\/#primaryimage\"},\"thumbnailUrl\":\"https:\\\/\\\/aptent.es\\\/wp-content\\\/uploads\\\/2024\\\/11\\\/foto-copla-teatro.jpg\",\"datePublished\":\"2024-11-14T13:43:10+00:00\",\"dateModified\":\"2024-11-18T12:17:56+00:00\",\"author\":{\"@id\":\"https:\\\/\\\/aptent.es\\\/#\\\/schema\\\/person\\\/2e6cfe2d9ad8edb26487caa45af7fcfc\"},\"description\":\"La intel\u00b7lig\u00e8ncia artificial (IA) est\u00e0 revolucionant la vida de les persones, en especial, les persones amb discapacitat, oferint un ventall de possibilitats per a una inclusi\u00f3 efectiva a la societat. Descobreix, a continuaci\u00f3, les diferents eines, la transcend\u00e8ncia i els impactes de la IA.\",\"breadcrumb\":{\"@id\":\"https:\\\/\\\/aptent.es\\\/ca\\\/la-inteligencia-artificial-un-aliado-para-las-personas-con-discapacidad\\\/#breadcrumb\"},\"inLanguage\":\"ca\",\"potentialAction\":[{\"@type\":\"ReadAction\",\"target\":[\"https:\\\/\\\/aptent.es\\\/ca\\\/la-inteligencia-artificial-un-aliado-para-las-personas-con-discapacidad\\\/\"]}]},{\"@type\":\"ImageObject\",\"inLanguage\":\"ca\",\"@id\":\"https:\\\/\\\/aptent.es\\\/ca\\\/la-inteligencia-artificial-un-aliado-para-las-personas-con-discapacidad\\\/#primaryimage\",\"url\":\"https:\\\/\\\/aptent.es\\\/wp-content\\\/uploads\\\/2024\\\/11\\\/foto-copla-teatro.jpg\",\"contentUrl\":\"https:\\\/\\\/aptent.es\\\/wp-content\\\/uploads\\\/2024\\\/11\\\/foto-copla-teatro.jpg\",\"width\":1920,\"height\":1280},{\"@type\":\"BreadcrumbList\",\"@id\":\"https:\\\/\\\/aptent.es\\\/ca\\\/la-inteligencia-artificial-un-aliado-para-las-personas-con-discapacidad\\\/#breadcrumb\",\"itemListElement\":[{\"@type\":\"ListItem\",\"position\":1,\"name\":\"Portada\",\"item\":\"https:\\\/\\\/aptent.es\\\/ca\\\/\"},{\"@type\":\"ListItem\",\"position\":2,\"name\":\"La intel\u00b7lig\u00e8ncia artificial: un aliat per a les persones amb discapacitat\"}]},{\"@type\":\"WebSite\",\"@id\":\"https:\\\/\\\/aptent.es\\\/#website\",\"url\":\"https:\\\/\\\/aptent.es\\\/\",\"name\":\"Aptent Soluciones. Subtitulado y audiodescripci\u00f3n.\",\"description\":\"Empresa de tecnolog\u00eda y accesibilidad en la comunicaci\u00f3n. Subtitulado para sordos en directo, traducci\u00f3n, audiodescripci\u00f3n, sistema FM y bucle magn\u00e9tico.\",\"potentialAction\":[{\"@type\":\"SearchAction\",\"target\":{\"@type\":\"EntryPoint\",\"urlTemplate\":\"https:\\\/\\\/aptent.es\\\/?s={search_term_string}\"},\"query-input\":{\"@type\":\"PropertyValueSpecification\",\"valueRequired\":true,\"valueName\":\"search_term_string\"}}],\"inLanguage\":\"ca\"},{\"@type\":\"Person\",\"@id\":\"https:\\\/\\\/aptent.es\\\/#\\\/schema\\\/person\\\/2e6cfe2d9ad8edb26487caa45af7fcfc\",\"name\":\"Mariel\",\"image\":{\"@type\":\"ImageObject\",\"inLanguage\":\"ca\",\"@id\":\"https:\\\/\\\/secure.gravatar.com\\\/avatar\\\/c864365eab970118ff03f9573bfe58139c75dc239a66864a3358cb02833c04d2?s=96&d=mm&r=g\",\"url\":\"https:\\\/\\\/secure.gravatar.com\\\/avatar\\\/c864365eab970118ff03f9573bfe58139c75dc239a66864a3358cb02833c04d2?s=96&d=mm&r=g\",\"contentUrl\":\"https:\\\/\\\/secure.gravatar.com\\\/avatar\\\/c864365eab970118ff03f9573bfe58139c75dc239a66864a3358cb02833c04d2?s=96&d=mm&r=g\",\"caption\":\"Mariel\"}}]}<\/script>\n<!-- \/ Yoast SEO plugin. -->","yoast_head_json":{"title":"La intel\u00b7lig\u00e8ncia artificial: un aliat per a les persones amb discapacitat- APTENT","description":"La intel\u00b7lig\u00e8ncia artificial (IA) est\u00e0 revolucionant la vida de les persones, en especial, les persones amb discapacitat, oferint un ventall de possibilitats per a una inclusi\u00f3 efectiva a la societat. Descobreix, a continuaci\u00f3, les diferents eines, la transcend\u00e8ncia i els impactes de la IA.","robots":{"index":"index","follow":"follow","max-snippet":"max-snippet:-1","max-image-preview":"max-image-preview:large","max-video-preview":"max-video-preview:-1"},"canonical":"https:\/\/aptent.es\/ca\/la-inteligencia-artificial-un-aliado-para-las-personas-con-discapacidad\/","og_locale":"ca_ES","og_type":"article","og_title":"La intel\u00b7lig\u00e8ncia artificial: un aliat per a les persones amb discapacitat- APTENT","og_description":"La intel\u00b7lig\u00e8ncia artificial (IA) est\u00e0 revolucionant la vida de les persones, en especial, les persones amb discapacitat, oferint un ventall de possibilitats per a una inclusi\u00f3 efectiva a la societat. Descobreix, a continuaci\u00f3, les diferents eines, la transcend\u00e8ncia i els impactes de la IA.","og_url":"https:\/\/aptent.es\/ca\/la-inteligencia-artificial-un-aliado-para-las-personas-con-discapacidad\/","og_site_name":"Aptent Soluciones. Subtitulado y audiodescripci\u00f3n.","article_published_time":"2024-11-14T13:43:10+00:00","article_modified_time":"2024-11-18T12:17:56+00:00","og_image":[{"width":1920,"height":1280,"url":"https:\/\/aptent.es\/wp-content\/uploads\/2024\/11\/foto-copla-teatro.jpg","type":"image\/jpeg"}],"author":"Mariel","twitter_card":"summary_large_image","twitter_misc":{"Escrit per":"Mariel","Temps estimat de lectura":"4 minuts"},"schema":{"@context":"https:\/\/schema.org","@graph":[{"@type":"Article","@id":"https:\/\/aptent.es\/ca\/la-inteligencia-artificial-un-aliado-para-las-personas-con-discapacidad\/#article","isPartOf":{"@id":"https:\/\/aptent.es\/ca\/la-inteligencia-artificial-un-aliado-para-las-personas-con-discapacidad\/"},"author":{"name":"Mariel","@id":"https:\/\/aptent.es\/#\/schema\/person\/2e6cfe2d9ad8edb26487caa45af7fcfc"},"headline":"La intel\u00b7lig\u00e8ncia artificial: un aliat per a les persones amb discapacitat","datePublished":"2024-11-14T13:43:10+00:00","dateModified":"2024-11-18T12:17:56+00:00","mainEntityOfPage":{"@id":"https:\/\/aptent.es\/ca\/la-inteligencia-artificial-un-aliado-para-las-personas-con-discapacidad\/"},"wordCount":750,"commentCount":0,"image":{"@id":"https:\/\/aptent.es\/ca\/la-inteligencia-artificial-un-aliado-para-las-personas-con-discapacidad\/#primaryimage"},"thumbnailUrl":"https:\/\/aptent.es\/wp-content\/uploads\/2024\/11\/foto-copla-teatro.jpg","keywords":["Accesibilidad","Aptent","inteligencia artificial","Tecnolog\u00eda"],"articleSection":["\u00bfC\u00f3mo&#8230;?","Article"],"inLanguage":"ca","potentialAction":[{"@type":"CommentAction","name":"Comment","target":["https:\/\/aptent.es\/ca\/la-inteligencia-artificial-un-aliado-para-las-personas-con-discapacidad\/#respond"]}]},{"@type":"WebPage","@id":"https:\/\/aptent.es\/ca\/la-inteligencia-artificial-un-aliado-para-las-personas-con-discapacidad\/","url":"https:\/\/aptent.es\/ca\/la-inteligencia-artificial-un-aliado-para-las-personas-con-discapacidad\/","name":"La intel\u00b7lig\u00e8ncia artificial: un aliat per a les persones amb discapacitat- APTENT","isPartOf":{"@id":"https:\/\/aptent.es\/#website"},"primaryImageOfPage":{"@id":"https:\/\/aptent.es\/ca\/la-inteligencia-artificial-un-aliado-para-las-personas-con-discapacidad\/#primaryimage"},"image":{"@id":"https:\/\/aptent.es\/ca\/la-inteligencia-artificial-un-aliado-para-las-personas-con-discapacidad\/#primaryimage"},"thumbnailUrl":"https:\/\/aptent.es\/wp-content\/uploads\/2024\/11\/foto-copla-teatro.jpg","datePublished":"2024-11-14T13:43:10+00:00","dateModified":"2024-11-18T12:17:56+00:00","author":{"@id":"https:\/\/aptent.es\/#\/schema\/person\/2e6cfe2d9ad8edb26487caa45af7fcfc"},"description":"La intel\u00b7lig\u00e8ncia artificial (IA) est\u00e0 revolucionant la vida de les persones, en especial, les persones amb discapacitat, oferint un ventall de possibilitats per a una inclusi\u00f3 efectiva a la societat. Descobreix, a continuaci\u00f3, les diferents eines, la transcend\u00e8ncia i els impactes de la IA.","breadcrumb":{"@id":"https:\/\/aptent.es\/ca\/la-inteligencia-artificial-un-aliado-para-las-personas-con-discapacidad\/#breadcrumb"},"inLanguage":"ca","potentialAction":[{"@type":"ReadAction","target":["https:\/\/aptent.es\/ca\/la-inteligencia-artificial-un-aliado-para-las-personas-con-discapacidad\/"]}]},{"@type":"ImageObject","inLanguage":"ca","@id":"https:\/\/aptent.es\/ca\/la-inteligencia-artificial-un-aliado-para-las-personas-con-discapacidad\/#primaryimage","url":"https:\/\/aptent.es\/wp-content\/uploads\/2024\/11\/foto-copla-teatro.jpg","contentUrl":"https:\/\/aptent.es\/wp-content\/uploads\/2024\/11\/foto-copla-teatro.jpg","width":1920,"height":1280},{"@type":"BreadcrumbList","@id":"https:\/\/aptent.es\/ca\/la-inteligencia-artificial-un-aliado-para-las-personas-con-discapacidad\/#breadcrumb","itemListElement":[{"@type":"ListItem","position":1,"name":"Portada","item":"https:\/\/aptent.es\/ca\/"},{"@type":"ListItem","position":2,"name":"La intel\u00b7lig\u00e8ncia artificial: un aliat per a les persones amb discapacitat"}]},{"@type":"WebSite","@id":"https:\/\/aptent.es\/#website","url":"https:\/\/aptent.es\/","name":"Aptent Soluciones. Subtitulado y audiodescripci\u00f3n.","description":"Empresa de tecnolog\u00eda y accesibilidad en la comunicaci\u00f3n. Subtitulado para sordos en directo, traducci\u00f3n, audiodescripci\u00f3n, sistema FM y bucle magn\u00e9tico.","potentialAction":[{"@type":"SearchAction","target":{"@type":"EntryPoint","urlTemplate":"https:\/\/aptent.es\/?s={search_term_string}"},"query-input":{"@type":"PropertyValueSpecification","valueRequired":true,"valueName":"search_term_string"}}],"inLanguage":"ca"},{"@type":"Person","@id":"https:\/\/aptent.es\/#\/schema\/person\/2e6cfe2d9ad8edb26487caa45af7fcfc","name":"Mariel","image":{"@type":"ImageObject","inLanguage":"ca","@id":"https:\/\/secure.gravatar.com\/avatar\/c864365eab970118ff03f9573bfe58139c75dc239a66864a3358cb02833c04d2?s=96&d=mm&r=g","url":"https:\/\/secure.gravatar.com\/avatar\/c864365eab970118ff03f9573bfe58139c75dc239a66864a3358cb02833c04d2?s=96&d=mm&r=g","contentUrl":"https:\/\/secure.gravatar.com\/avatar\/c864365eab970118ff03f9573bfe58139c75dc239a66864a3358cb02833c04d2?s=96&d=mm&r=g","caption":"Mariel"}}]}},"_links":{"self":[{"href":"https:\/\/aptent.es\/ca\/wp-json\/wp\/v2\/posts\/11601","targetHints":{"allow":["GET"]}}],"collection":[{"href":"https:\/\/aptent.es\/ca\/wp-json\/wp\/v2\/posts"}],"about":[{"href":"https:\/\/aptent.es\/ca\/wp-json\/wp\/v2\/types\/post"}],"author":[{"embeddable":true,"href":"https:\/\/aptent.es\/ca\/wp-json\/wp\/v2\/users\/9"}],"replies":[{"embeddable":true,"href":"https:\/\/aptent.es\/ca\/wp-json\/wp\/v2\/comments?post=11601"}],"version-history":[{"count":3,"href":"https:\/\/aptent.es\/ca\/wp-json\/wp\/v2\/posts\/11601\/revisions"}],"predecessor-version":[{"id":11605,"href":"https:\/\/aptent.es\/ca\/wp-json\/wp\/v2\/posts\/11601\/revisions\/11605"}],"wp:featuredmedia":[{"embeddable":true,"href":"https:\/\/aptent.es\/ca\/wp-json\/wp\/v2\/media\/11595"}],"wp:attachment":[{"href":"https:\/\/aptent.es\/ca\/wp-json\/wp\/v2\/media?parent=11601"}],"wp:term":[{"taxonomy":"category","embeddable":true,"href":"https:\/\/aptent.es\/ca\/wp-json\/wp\/v2\/categories?post=11601"},{"taxonomy":"post_tag","embeddable":true,"href":"https:\/\/aptent.es\/ca\/wp-json\/wp\/v2\/tags?post=11601"}],"curies":[{"name":"wp","href":"https:\/\/api.w.org\/{rel}","templated":true}]}}